{"id":121226,"date":"2026-04-27T23:19:24","date_gmt":"2026-04-28T05:19:24","guid":{"rendered":"https:\/\/losperiodistas.com.mx\/portal\/?p=121226"},"modified":"2026-04-27T23:19:26","modified_gmt":"2026-04-28T05:19:26","slug":"golpe-al-cjng-detienen-a-audias-n-alias-el-jardinero-posible-sucesor-de-el-mencho-ef","status":"publish","type":"post","link":"https:\/\/losperiodistas.com.mx\/portal\/golpe-al-cjng-detienen-a-audias-n-alias-el-jardinero-posible-sucesor-de-el-mencho-ef\/","title":{"rendered":"Golpe al CJNG; detienen a Audias \u2018N\u2019, alias \u2018El Jardinero\u2019, posible sucesor de \u2018El Mencho\u2019 | EF"},"content":{"rendered":"\n<p>Autoridades de EU ofrec\u00edan una recompensa de 5 millones de d\u00f3lares por Audias \u2018N\u2019, conocido como \u2018El Jardinero\u2019, uno de los posibles sucesores de \u2018El Mencho\u2019 al frente del CJNG.<\/p>\n\n\n\n<figure class=\"wp-block-image size-large\"><img fetchpriority=\"high\" decoding=\"async\" width=\"1024\" height=\"576\" src=\"https:\/\/losperiodistas.com.mx\/portal\/wp-content\/uploads\/2026\/04\/AudiasN-1024x576.png\" alt=\"\" class=\"wp-image-121227\" srcset=\"https:\/\/losperiodistas.com.mx\/portal\/wp-content\/uploads\/2026\/04\/AudiasN-1024x576.png 1024w, https:\/\/losperiodistas.com.mx\/portal\/wp-content\/uploads\/2026\/04\/AudiasN-300x169.png 300w, https:\/\/losperiodistas.com.mx\/portal\/wp-content\/uploads\/2026\/04\/AudiasN-768x432.png 768w, https:\/\/losperiodistas.com.mx\/portal\/wp-content\/uploads\/2026\/04\/AudiasN.png 1358w\" sizes=\"(max-width: 1024px) 100vw, 1024px\" \/><figcaption class=\"wp-element-caption\">Omar Garc\u00eda Harfuch confirm\u00f3 la detenci\u00f3n de Audias &#8216;N&#8217;, conocido como &#8216;El Jardinero&#8217;. (Especial: El Financiero | SSPC) <\/figcaption><\/figure>\n\n\n\n<p class=\"has-vivid-red-color has-text-color has-link-color wp-elements-ec1aec68ec65d673574e7f68ac157d9a\">Redacci\u00f3n \/ EF<\/p>\n\n\n\n<p>A dos meses de la muerte de Nemesio Oseguera \u2018El Mencho\u2019, autoridades federales asestaron un nuevo trancazo al <strong>C\u00e1rtel Jalisco Nueva Generaci\u00f3n (CJNG)<\/strong> con la detenci\u00f3n de Audias \u2018N\u2019, alias \u2018El Jardinero\u2019.<\/p>\n\n\n\n<p>El secretario de Seguridad y Protecci\u00f3n Ciudadana (SSPC), Omar Garc\u00eda Harfuch, <strong>confirm\u00f3 la detenci\u00f3n de \u2018El Jardinero\u2019 <\/strong>durante un operativo de fuerzas especiales realizado en Nayarit.<\/p>\n\n\n\n<p>De acuerdo con Garc\u00eda Harfuch,\u2018El Jardinero\u2019 cuenta con una orden de aprehensi\u00f3n en M\u00e9xico y es buscado por autoridades de Estados Unidos, quienes solicitan su extradici\u00f3n.<\/p>\n\n\n\n<p>Previo a su detenci\u00f3n, <strong>Estados Unidos ofrec\u00eda una recompensa de 5 millones de d\u00f3lares por \u2018El Jardinero\u2019<\/strong>.<\/p>\n\n\n\n<figure class=\"wp-block-embed is-type-rich is-provider-twitter wp-block-embed-twitter\"><div class=\"wp-block-embed__wrapper\">\n<blockquote class=\"twitter-tweet\" data-width=\"500\" data-dnt=\"true\"><p lang=\"es\" dir=\"ltr\">En una operaci\u00f3n planeada, desarrollada y ejecutada por la Secretar\u00eda de Marina <a href=\"https:\/\/twitter.com\/SEMAR_mx?ref_src=twsrc%5Etfw\">@SEMAR_mx<\/a> , a trav\u00e9s de sus Fuerzas Especiales, fue detenido en Nayarit Audias Flores Silva, alias \u201cEl Jardinero\u201d.<br><br>Cuenta con orden de aprehensi\u00f3n en M\u00e9xico y tambi\u00e9n es requerido por autoridades de\u2026 <a href=\"https:\/\/t.co\/5jqtX53Rzn\">pic.twitter.com\/5jqtX53Rzn<\/a><\/p>&mdash; Omar H Garcia Harfuch (@OHarfuch) <a href=\"https:\/\/twitter.com\/OHarfuch\/status\/2048859744404717617?ref_src=twsrc%5Etfw\">April 27, 2026<\/a><\/blockquote><script async src=\"https:\/\/platform.twitter.com\/widgets.js\" charset=\"utf-8\"><\/script>\n<\/div><\/figure>\n\n\n\n<h2 class=\"wp-block-heading\">\u00bfQui\u00e9n es Audias Flores Silva, \u2018El Jardinero\u2019?<\/h2>\n\n\n\n<p><strong>Omar Garc\u00eda Harfuch<\/strong> inform\u00f3 que fuerzas especial de la Secretar\u00eda de Marina fueron las responsables de la <strong>detenci\u00f3n de \u2018El Jardinero\u2019<\/strong>, quien era considerado uno de los posibles sucesores de \u2018El Mencho\u2019 al frente del C\u00e1rtel Jalisco Nueva Generaci\u00f3n.<\/p>\n\n\n\n<p>De acuerdo con informaci\u00f3n de la DEA, <strong>Audias \u2018N\u2019 naci\u00f3 en 1980<\/strong>, por lo que tiene 46 a\u00f1os.<\/p>\n\n\n\n<p>Las autoridades de Estados Unidos lo acusan de <strong>delitos relacionados con el tr\u00e1fico de droga de M\u00e9xico a EU<\/strong>. Entre los delitos que se le atribuyen a \u2018El Jardinero\u2019 est\u00e1n el de conspiraci\u00f3n para distribuir cinco kilogramos o m\u00e1s de coca\u00edna y un kilogramo o m\u00e1s de hero\u00edna para su importaci\u00f3n a Estados Unidos.<\/p>\n\n\n\n<p>Adem\u00e1s de ser conocido como \u2018El Jardinero\u2019, Audias \u2018N\u2019 manejaba una identidad como <strong>Gabriel Raigosa Plascencia<\/strong> y tiene los apodos de \u2018Commandante\u2019 \u2018El Bravo 2\u2019, \u2018Audi\u2019 o \u2018El Mata Jefes\u2019.<\/p>\n\n\n\n<p>De acuerdo con informaci\u00f3n de inteligencia de las autoridades mexicanas, Audias \u2018N\u2019 es un operador regional del CJNG. El C\u00e1rtel Jalisco Nueva Generaci\u00f3n opera bajo su control en Zacatecas, Guerrero, Nayarit, Jalisco y Michoac\u00e1n.<\/p>\n\n\n\n<p>Adem\u00e1s, \u2018El Jardinero\u2019 es el presunto responsable de la comunicaci\u00f3n p\u00fablica y la <strong>propaganda del CJNG<\/strong>.<\/p>\n\n\n\n<p>En la columna titulada \u2018La sucesi\u00f3n del Mencho\u2019, el periodista Raymundo Riva Palacio se\u00f1ala que <strong>Audias Flores Silva, \u2018El Jardinero\u2019, era el n\u00famero 2 al frente del CJNG<\/strong> y lo describe como el \u201camo y se\u00f1or de Puerto Vallarta, el epicentro de la violencia desatada en una tercera parte del pa\u00eds como respuesta al abatimiento de \u2018El Mencho\u2019\u201d.<\/p>\n\n\n\n<h2 class=\"wp-block-heading\">Audias Flores Silva, \u2019El Jardinero\u2019, ya hab\u00eda estado en prisi\u00f3n<\/h2>\n\n\n\n<p>La informaci\u00f3n de autoridades de Estados Unidos establece que Audias Flores Silva ya estuvo preso en ese pa\u00eds. En esa ocasi\u00f3n cumpli\u00f3 una pena de cinco a\u00f1os de prisi\u00f3n luego de ser declarado culpable de tr\u00e1fico de estupefacientes.<\/p>\n\n\n\n<p>Despu\u00e9s de recuperar su libertad, <strong>\u2018El Jardinero\u2019 regres\u00f3 a M\u00e9xico y, en 2016, fue arrestado<\/strong> por ser responsable de una emboscada contra polic\u00edas mexicanos en Soyatl\u00e1n, Jalisco.<\/p>\n\n\n\n<p>Flores Silva fue liberado m\u00e1s tarde de la prisi\u00f3n mexicana despu\u00e9s de luchar contra sus cargos en los tribunales mexicanos.<\/p>\n\n\n\n<p>Fuente: <a href=\"https:\/\/www.elfinanciero.com.mx\/nacional\/2026\/04\/27\/trancazo-al-cjng-detienen-a-audias-flores-silva-alias-el-jardinero-posible-sucesor-de-el-mencho\/\" target=\"_blank\" rel=\"noreferrer noopener\">El Financiero<\/a><\/p>\n","protected":false},"excerpt":{"rendered":"<p>Autoridades de EU ofrec\u00edan una recompensa de 5 millones de d\u00f3lares por Audias \u2018N\u2019, conocido como \u2018El Jardinero\u2019, uno de los posibles sucesores de \u2018El Mencho\u2019 al frente del CJNG.<\/p>\n","protected":false},"author":1,"featured_media":121227,"comment_status":"open","ping_status":"open","sticky":false,"template":"","format":"standard","meta":{"site-sidebar-layout":"default","site-content-layout":"","ast-site-content-layout":"default","site-content-style":"default","site-sidebar-style":"default","ast-global-header-display":"","ast-banner-title-visibility":"","ast-main-header-display":"","ast-hfb-above-header-display":"","ast-hfb-below-header-display":"","ast-hfb-mobile-header-display":"","site-post-title":"","ast-breadcrumbs-content":"","ast-featured-img":"","footer-sml-layout":"","theme-transparent-header-meta":"","adv-header-id-meta":"","stick-header-meta":"","header-above-stick-meta":"","header-main-stick-meta":"","header-below-stick-meta":"","astra-migrate-meta-layouts":"default","ast-page-background-enabled":"default","ast-page-background-meta":{"desktop":{"background-color":"var(--ast-global-color-4)","background-image":"","background-repeat":"repeat","background-position":"center center","background-size":"auto","background-attachment":"scroll","background-type":"","background-media":"","overlay-type":"","overlay-color":"","overlay-opacity":"","overlay-gradient":""},"tablet":{"background-color":"","background-image":"","background-repeat":"repeat","background-position":"center center","background-size":"auto","background-attachment":"scroll","background-type":"","background-media":"","overlay-type":"","overlay-color":"","overlay-opacity":"","overlay-gradient":""},"mobile":{"background-color":"","background-image":"","background-repeat":"repeat","background-position":"center center","background-size":"auto","background-attachment":"scroll","background-type":"","background-media":"","overlay-type":"","overlay-color":"","overlay-opacity":"","overlay-gradient":""}},"ast-content-background-meta":{"desktop":{"background-color":"var(--ast-global-color-5)","background-image":"","background-repeat":"repeat","background-position":"center center","background-size":"auto","background-attachment":"scroll","background-type":"","background-media":"","overlay-type":"","overlay-color":"","overlay-opacity":"","overlay-gradient":""},"tablet":{"background-color":"var(--ast-global-color-5)","background-image":"","background-repeat":"repeat","background-position":"center center","background-size":"auto","background-attachment":"scroll","background-type":"","background-media":"","overlay-type":"","overlay-color":"","overlay-opacity":"","overlay-gradient":""},"mobile":{"background-color":"var(--ast-global-color-5)","background-image":"","background-repeat":"repeat","background-position":"center center","background-size":"auto","background-attachment":"scroll","background-type":"","background-media":"","overlay-type":"","overlay-color":"","overlay-opacity":"","overlay-gradient":""}},"footnotes":""},"categories":[8],"tags":[48619,372,48620,26115,17315,48621],"class_list":["post-121226","post","type-post","status-publish","format-standard","has-post-thumbnail","hentry","category-noticias","tag-audias-n","tag-cjng","tag-el-jardinero","tag-garcia-harfuch","tag-nayarit","tag-sucesor-de-el-mencho-2"],"_links":{"self":[{"href":"https:\/\/losperiodistas.com.mx\/portal\/wp-json\/wp\/v2\/posts\/121226","targetHints":{"allow":["GET"]}}],"collection":[{"href":"https:\/\/losperiodistas.com.mx\/portal\/wp-json\/wp\/v2\/posts"}],"about":[{"href":"https:\/\/losperiodistas.com.mx\/portal\/wp-json\/wp\/v2\/types\/post"}],"author":[{"embeddable":true,"href":"https:\/\/losperiodistas.com.mx\/portal\/wp-json\/wp\/v2\/users\/1"}],"replies":[{"embeddable":true,"href":"https:\/\/losperiodistas.com.mx\/portal\/wp-json\/wp\/v2\/comments?post=121226"}],"version-history":[{"count":1,"href":"https:\/\/losperiodistas.com.mx\/portal\/wp-json\/wp\/v2\/posts\/121226\/revisions"}],"predecessor-version":[{"id":121228,"href":"https:\/\/losperiodistas.com.mx\/portal\/wp-json\/wp\/v2\/posts\/121226\/revisions\/121228"}],"wp:featuredmedia":[{"embeddable":true,"href":"https:\/\/losperiodistas.com.mx\/portal\/wp-json\/wp\/v2\/media\/121227"}],"wp:attachment":[{"href":"https:\/\/losperiodistas.com.mx\/portal\/wp-json\/wp\/v2\/media?parent=121226"}],"wp:term":[{"taxonomy":"category","embeddable":true,"href":"https:\/\/losperiodistas.com.mx\/portal\/wp-json\/wp\/v2\/categories?post=121226"},{"taxonomy":"post_tag","embeddable":true,"href":"https:\/\/losperiodistas.com.mx\/portal\/wp-json\/wp\/v2\/tags?post=121226"}],"curies":[{"name":"wp","href":"https:\/\/api.w.org\/{rel}","templated":true}]}}