{"id":121223,"date":"2026-04-27T23:13:04","date_gmt":"2026-04-28T05:13:04","guid":{"rendered":"https:\/\/losperiodistas.com.mx\/portal\/?p=121223"},"modified":"2026-04-27T23:13:53","modified_gmt":"2026-04-28T05:13:53","slug":"no-puedo-ahorita-hablarles-de-nada-estamos-bajo-investigacion-maru-campos-sobre-agentes-de-la-cia-la-jornada","status":"publish","type":"post","link":"https:\/\/losperiodistas.com.mx\/portal\/no-puedo-ahorita-hablarles-de-nada-estamos-bajo-investigacion-maru-campos-sobre-agentes-de-la-cia-la-jornada\/","title":{"rendered":"\u201cNo puedo ahorita hablarles de nada, estamos bajo investigaci\u00f3n\u00bb: Maru Campos sobre agentes de la CIA | La Jornada"},"content":{"rendered":"\n<p>A su llegada al Palacio de Gobierno, despu\u00e9s de la una de la tarde de hoy, la mandataria evadi\u00f3 responder sobre la presencia de agentes extranjeros que participan en operativos anticrimen en Chihuahua, y de las posibles responsabilidades del fiscal estatal, C\u00e9sar Jauregui Moreno, y del secretario de Seguridad, Gilberto Loya Ch\u00e1vez, por permitirlo.<\/p>\n\n\n\n<figure class=\"wp-block-image size-large\"><img fetchpriority=\"high\" decoding=\"async\" width=\"1024\" height=\"682\" src=\"https:\/\/losperiodistas.com.mx\/portal\/wp-content\/uploads\/2026\/04\/maru-campos-evita-hablar-sobre-operativo-en-chihuahua-1024x682.png\" alt=\"\" class=\"wp-image-121224\" srcset=\"https:\/\/losperiodistas.com.mx\/portal\/wp-content\/uploads\/2026\/04\/maru-campos-evita-hablar-sobre-operativo-en-chihuahua-1024x682.png 1024w, https:\/\/losperiodistas.com.mx\/portal\/wp-content\/uploads\/2026\/04\/maru-campos-evita-hablar-sobre-operativo-en-chihuahua-300x200.png 300w, https:\/\/losperiodistas.com.mx\/portal\/wp-content\/uploads\/2026\/04\/maru-campos-evita-hablar-sobre-operativo-en-chihuahua-768x512.png 768w, https:\/\/losperiodistas.com.mx\/portal\/wp-content\/uploads\/2026\/04\/maru-campos-evita-hablar-sobre-operativo-en-chihuahua.png 1193w\" sizes=\"(max-width: 1024px) 100vw, 1024px\" \/><figcaption class=\"wp-element-caption\">Foto: @MaruCampos_G<\/figcaption><\/figure>\n\n\n\n<p class=\"has-vivid-red-color has-text-color has-link-color wp-elements-ace0249e8ea7369630c9ed8d248ef6f6\">Jes\u00fas Estrada \/ La Jornada<\/p>\n\n\n\n<p>La gobernadora panista de Chihuahua, Mar\u00eda Eugenia Campos Galv\u00e1n, afirm\u00f3 este lunes que tiene prohibido hablar sobre el operativo realizado entre el 17 y 19 de abril en la comunidad de El Pinal, municipio de Morelos, luego del cual murieron en un accidente automovil\u00edstico dos agentes estadunidenses, presuntamente de la Agencia Central de Inteligencia (CIA por sus siglas en ingl\u00e9s).<\/p>\n\n\n\n<p>A su llegada al Palacio de Gobierno, despu\u00e9s de la una de la tarde de hoy, la mandataria evadi\u00f3 responder sobre la presencia de agentes extranjeros que participan en operativos anticrimen en Chihuahua y de las posibles responsabilidades del fiscal estatal, C\u00e9sar Jauregui Moreno y del secretario de Seguridad, Gilberto Loya Ch\u00e1vez, por permitirlo.<\/p>\n\n\n\n<p>\u201cNo puedo ahorita hablarles de nada, estamos bajo investigaci\u00f3n, yo solamente quiero decirle a todos los chihuahuenses que tienen una gobernadora que, bajo los hechos y no bajo los dichos, ha gobernado con transparencia, apegada al estado de derecho y sobre todo combatiendo este flagelo tan grave del narcotr\u00e1fico\u201d.<\/p>\n\n\n\n<p>Maru Campos tambi\u00e9n fue cuestionada sobre si realizar\u00e1 cambios en su gabinete, a lo que respondi\u00f3: \u201cahorita no podemos hablar de nada\u201d.<\/p>\n\n\n\n<p>Fuente:<a href=\"https:\/\/www.jornada.com.mx\/noticia\/2026\/04\/27\/estados\/maru-campos-evita-hablar-sobre-operativo-en-chihuahua-tras-muerte-de-dos-agentes-de-la-cia\" target=\"_blank\" rel=\"noreferrer noopener\"> La Jornada<\/a><\/p>\n","protected":false},"excerpt":{"rendered":"<p>A su llegada al Palacio de Gobierno, despu\u00e9s de la una de la tarde de hoy, la mandataria evadi\u00f3 responder sobre la presencia de agentes extranjeros que participan en operativos anticrimen en Chihuahua, y de las posibles responsabilidades del fiscal estatal, C\u00e9sar Jauregui Moreno, y del secretario de Seguridad, Gilberto Loya Ch\u00e1vez, por permitirlo.<\/p>\n","protected":false},"author":1,"featured_media":121224,"comment_status":"open","ping_status":"open","sticky":false,"template":"","format":"standard","meta":{"site-sidebar-layout":"default","site-content-layout":"","ast-site-content-layout":"default","site-content-style":"default","site-sidebar-style":"default","ast-global-header-display":"","ast-banner-title-visibility":"","ast-main-header-display":"","ast-hfb-above-header-display":"","ast-hfb-below-header-display":"","ast-hfb-mobile-header-display":"","site-post-title":"","ast-breadcrumbs-content":"","ast-featured-img":"","footer-sml-layout":"","theme-transparent-header-meta":"","adv-header-id-meta":"","stick-header-meta":"","header-above-stick-meta":"","header-main-stick-meta":"","header-below-stick-meta":"","astra-migrate-meta-layouts":"default","ast-page-background-enabled":"default","ast-page-background-meta":{"desktop":{"background-color":"var(--ast-global-color-4)","background-image":"","background-repeat":"repeat","background-position":"center center","background-size":"auto","background-attachment":"scroll","background-type":"","background-media":"","overlay-type":"","overlay-color":"","overlay-opacity":"","overlay-gradient":""},"tablet":{"background-color":"","background-image":"","background-repeat":"repeat","background-position":"center center","background-size":"auto","background-attachment":"scroll","background-type":"","background-media":"","overlay-type":"","overlay-color":"","overlay-opacity":"","overlay-gradient":""},"mobile":{"background-color":"","background-image":"","background-repeat":"repeat","background-position":"center center","background-size":"auto","background-attachment":"scroll","background-type":"","background-media":"","overlay-type":"","overlay-color":"","overlay-opacity":"","overlay-gradient":""}},"ast-content-background-meta":{"desktop":{"background-color":"var(--ast-global-color-5)","background-image":"","background-repeat":"repeat","background-position":"center center","background-size":"auto","background-attachment":"scroll","background-type":"","background-media":"","overlay-type":"","overlay-color":"","overlay-opacity":"","overlay-gradient":""},"tablet":{"background-color":"var(--ast-global-color-5)","background-image":"","background-repeat":"repeat","background-position":"center center","background-size":"auto","background-attachment":"scroll","background-type":"","background-media":"","overlay-type":"","overlay-color":"","overlay-opacity":"","overlay-gradient":""},"mobile":{"background-color":"var(--ast-global-color-5)","background-image":"","background-repeat":"repeat","background-position":"center center","background-size":"auto","background-attachment":"scroll","background-type":"","background-media":"","overlay-type":"","overlay-color":"","overlay-opacity":"","overlay-gradient":""}},"footnotes":""},"categories":[8],"tags":[48475,48617,48618,6047,48616],"class_list":["post-121223","post","type-post","status-publish","format-standard","has-post-thumbnail","hentry","category-noticias","tag-agentes-de-la-cia","tag-cesar-jauregui-moreno","tag-gilberto-loya-chavez","tag-maru-campos","tag-operativos-en-chihuahua"],"_links":{"self":[{"href":"https:\/\/losperiodistas.com.mx\/portal\/wp-json\/wp\/v2\/posts\/121223","targetHints":{"allow":["GET"]}}],"collection":[{"href":"https:\/\/losperiodistas.com.mx\/portal\/wp-json\/wp\/v2\/posts"}],"about":[{"href":"https:\/\/losperiodistas.com.mx\/portal\/wp-json\/wp\/v2\/types\/post"}],"author":[{"embeddable":true,"href":"https:\/\/losperiodistas.com.mx\/portal\/wp-json\/wp\/v2\/users\/1"}],"replies":[{"embeddable":true,"href":"https:\/\/losperiodistas.com.mx\/portal\/wp-json\/wp\/v2\/comments?post=121223"}],"version-history":[{"count":1,"href":"https:\/\/losperiodistas.com.mx\/portal\/wp-json\/wp\/v2\/posts\/121223\/revisions"}],"predecessor-version":[{"id":121225,"href":"https:\/\/losperiodistas.com.mx\/portal\/wp-json\/wp\/v2\/posts\/121223\/revisions\/121225"}],"wp:featuredmedia":[{"embeddable":true,"href":"https:\/\/losperiodistas.com.mx\/portal\/wp-json\/wp\/v2\/media\/121224"}],"wp:attachment":[{"href":"https:\/\/losperiodistas.com.mx\/portal\/wp-json\/wp\/v2\/media?parent=121223"}],"wp:term":[{"taxonomy":"category","embeddable":true,"href":"https:\/\/losperiodistas.com.mx\/portal\/wp-json\/wp\/v2\/categories?post=121223"},{"taxonomy":"post_tag","embeddable":true,"href":"https:\/\/losperiodistas.com.mx\/portal\/wp-json\/wp\/v2\/tags?post=121223"}],"curies":[{"name":"wp","href":"https:\/\/api.w.org\/{rel}","templated":true}]}}