{"id":121220,"date":"2026-04-27T10:09:14","date_gmt":"2026-04-27T16:09:14","guid":{"rendered":"https:\/\/losperiodistas.com.mx\/portal\/?p=121220"},"modified":"2026-04-27T10:09:17","modified_gmt":"2026-04-27T16:09:17","slug":"cuanto-depende-mexico-del-gas-de-texas-y-como-sheinbaum-busca-la-independencia-con-el-polemico-fracking-bbc","status":"publish","type":"post","link":"https:\/\/losperiodistas.com.mx\/portal\/cuanto-depende-mexico-del-gas-de-texas-y-como-sheinbaum-busca-la-independencia-con-el-polemico-fracking-bbc\/","title":{"rendered":"Cu\u00e1nto depende M\u00e9xico del gas de Texas y c\u00f3mo Sheinbaum busca la \u00abindependencia\u00bb con el pol\u00e9mico\u00a0fracking | BBC"},"content":{"rendered":"\n<figure class=\"wp-block-image size-full\"><img fetchpriority=\"high\" decoding=\"async\" width=\"800\" height=\"450\" src=\"https:\/\/losperiodistas.com.mx\/portal\/wp-content\/uploads\/2026\/04\/440c2eb0-3a80-11f1-850e-07c4418cf86c.jpg.jpeg\" alt=\"\" class=\"wp-image-121221\" srcset=\"https:\/\/losperiodistas.com.mx\/portal\/wp-content\/uploads\/2026\/04\/440c2eb0-3a80-11f1-850e-07c4418cf86c.jpg.jpeg 800w, https:\/\/losperiodistas.com.mx\/portal\/wp-content\/uploads\/2026\/04\/440c2eb0-3a80-11f1-850e-07c4418cf86c.jpg-300x169.jpeg 300w, https:\/\/losperiodistas.com.mx\/portal\/wp-content\/uploads\/2026\/04\/440c2eb0-3a80-11f1-850e-07c4418cf86c.jpg-768x432.jpeg 768w\" sizes=\"(max-width: 800px) 100vw, 800px\" \/><figcaption class=\"wp-element-caption\">Getty Images<\/figcaption><\/figure>\n\n\n\n<p><\/p>\n\n\n\n<p class=\"has-vivid-red-color has-text-color has-link-color has-medium-font-size wp-elements-94338fa4ee5c9a6f5bbc21afd4ce4ad0\"><strong>Dar\u00edo Brooks \/ BBC News Mundo<\/strong><\/p>\n\n\n\n<p><strong>M\u00e9xico enfrenta un problema energ\u00e9tico desde hace varios a\u00f1os y las recientes tensiones petroleras en Medio Oriente, as\u00ed como la agresiva pol\u00edtica internacional de Donald Trump, est\u00e1 encendiendo alertas: depende mucho del gas de Estados Unidos.<\/strong><\/p>\n\n\n\n<p>Al menos el 75% del consumo diario de ese combustible en M\u00e9xico viene de su vecino del norte, en su mayor\u00eda del estado fronterizo de Texas. Y casi la mitad del gas importado lo utiliza para generar energ\u00eda el\u00e9ctrica.<\/p>\n\n\n\n<p>Si por alguna raz\u00f3n, pol\u00edtica, econ\u00f3mica o incluso natural (como ya ocurri\u00f3 con una severa tormenta en 2021) hubiese un cierre a la v\u00e1lvula transfronteriza de este combustible, M\u00e9xico estar\u00eda en una grave situaci\u00f3n.<\/p>\n\n\n\n<p>Qu\u00e9 hacer para evitar tal riesgo es la pregunta que ha abierto la presidenta de M\u00e9xico, Claudia Sheinbaum, y que ha generado un debate entre pol\u00edticos, analistas y cient\u00edficos relacionados con el sector energ\u00e9tico.<\/p>\n\n\n\n<p>La mandataria ha impulsado la idea de que el pa\u00eds explore una soluci\u00f3n a la que se ha opuesto el movimiento de izquierda al que pertenece: la explotaci\u00f3n del llamado gas no convencional a trav\u00e9s del&nbsp;<em>fracking<\/em>, una t\u00e9cnica extractiva controversial por sus efectos nocivos al ambiente.<\/p>\n\n\n\n<p>\u00abYo misma durante muchos a\u00f1os dije &#8216;el&nbsp;<em>fracking&nbsp;<\/em>no&#8217;. Pero cuando veo las nuevas tecnolog\u00edas, la situaci\u00f3n del pa\u00eds en t\u00e9rminos de la dependencia, lo peor que podemos es solo decir &#8216;no&#8217;; en lugar de &#8216;vamos a averiguar si, en efecto, hay nuevas tecnolog\u00edas, menores impactos ambientales'\u00bb, dijo recientemente.<\/p>\n\n\n\n<p>Su pronunciamiento se dio al presentar un panel de cient\u00edficos y expertos que dictaminar\u00e1 si existe tecnolog\u00eda que haga del&nbsp;<em>fracking&nbsp;<\/em>una t\u00e9cnica menos nociva para el ambiente y las comunidades donde se realiza.<\/p>\n\n\n\n<p>Mientras se da ese veredicto, Sheinbaum no ha dejado de expresar que la decisi\u00f3n conlleva no solo la soberan\u00eda energ\u00e9tica del pa\u00eds, sino la propia \u00abviabilidad y el desarrollo\u00bb del pa\u00eds y de las pr\u00f3ximas generaciones de mexicanos.<\/p>\n\n\n\n<figure class=\"wp-block-image\"><img decoding=\"async\" src=\"https:\/\/ichef.bbci.co.uk\/ace\/ws\/640\/cpsprodpb\/620b\/live\/0296e900-3a82-11f1-8606-05fe34b06e1b.jpg.webp\" alt=\"La maquinaria en un pozo de extracci\u00f3n de gas mediante fracking\"\/><figcaption class=\"wp-element-caption\">EE.UU. ha perforado decenas de miles de pozos para extraer gas mediante\u00a0<em>fracking<\/em>.<\/figcaption><\/figure>\n\n\n\n<h2 class=\"wp-block-heading\" id=\"El-peso-del-gas-importado\">El peso del gas importado<\/h2>\n\n\n\n<p id=\"end-of-podcasts\"><\/p>\n\n\n\n<p>M\u00e9xico en la actualidad requiere de unos 9.000 millones de pies c\u00fabicos de gas natural al d\u00eda, pero solo produce 2.300. Los 6.800 restantes (75%) los adquiere en el mercado de Estados Unidos, principalmente del estado de Texas (80%).<\/p>\n\n\n\n<p>Poco m\u00e1s de la mitad de ese gas natural (56%) se destina a la generaci\u00f3n de energ\u00eda el\u00e9ctrica que requiere el pa\u00eds, mientras que el 19% lo utiliza la empresa estatal Petr\u00f3leos Mexicanos (Pemex) para la extracci\u00f3n de combustibles. La industria (13%) y los hogares (11%) consumen el resto.<\/p>\n\n\n\n<p>Los n\u00fameros reflejan la vulnerabilidad ante un evento adverso.<\/p>\n\n\n\n<p>El pa\u00eds solo ha instalado almacenamiento de gas para resistir unos tres d\u00edas, y las otras fuentes de energ\u00eda no dar\u00edan abasto para satisfacer la demanda de un pa\u00eds de 130 millones de habitantes.<\/p>\n\n\n\n<p>En 2021, una severa tormenta invernal en Texas y el norte de M\u00e9xico llev\u00f3 al cierre de los gasoductos, lo que&nbsp;<a href=\"https:\/\/www.bbc.com\/mundo\/noticias-internacional-56078326\">caus\u00f3 apagones en casi la mitad del territorio mexicano<\/a>&nbsp;durante varios d\u00edas.<\/p>\n\n\n\n<figure class=\"wp-block-image\"><img decoding=\"async\" src=\"https:\/\/ichef.bbci.co.uk\/ace\/ws\/640\/cpsprodpb\/7956\/live\/4d9443e0-3a90-11f1-9d5c-8ba507d7dbde.jpg.webp\" alt=\"Un hospital en Ciudad Ju\u00e1rez durante un apag\u00f3n en 2021\"\/><figcaption class=\"wp-element-caption\">Una severa tormenta invernal en 2021 caus\u00f3 apagones en M\u00e9xico por la falta de gas para producir energ\u00eda, afectando incluso a servicios vitales como hospitales.<\/figcaption><\/figure>\n\n\n\n<p>\u00abAl construir constantemente m\u00e1s centrales de ciclo combinado para producir electricidad, M\u00e9xico se ha vuelto cada vez m\u00e1s dependiente del gas. El problema es que pasamos el pico de la producci\u00f3n nacional del gas en 2009. Entonces, cuando empieza el declive de la producci\u00f3n nacional, se dispara much\u00edsimo la importaci\u00f3n de gas\u00bb, explica el ge\u00f3logo Luca Ferrari, un investigador italiano del sector energ\u00e9tico mundial en la Universidad Nacional Aut\u00f3noma de M\u00e9xico (UNAM).<\/p>\n\n\n\n<p>El escenario \u00abes dram\u00e1tico\u00bb, contin\u00faa, pues si se elimina de la ecuaci\u00f3n lo que Pemex usa para sus actividades petroleras, la dependencia del gas estadounidense para el consumo en el resto de los sectores del pa\u00eds es casi del 90%.<\/p>\n\n\n\n<p>Y un problema paralelo y no menos grave, advierte, es la ca\u00edda constante en la producci\u00f3n de petr\u00f3leo por la que M\u00e9xico tiene que importar casi 50% de la gasolina y di\u00e9sel que consume en la actualidad y que seguir\u00e1 agudiz\u00e1ndose en la pr\u00f3xima d\u00e9cada ante el fin de la vida \u00fatil de los ricos pozos petroleros que tuvo el pa\u00eds en su apogeo.<\/p>\n\n\n\n<p>\u00abEstamos en esta situaci\u00f3n del final de la era del petr\u00f3leo\u00bb, asegura. Y no solo en M\u00e9xico, sino en muchas partes del mundo.<\/p>\n\n\n\n<figure class=\"wp-block-image\"><img decoding=\"async\" src=\"https:\/\/ichef.bbci.co.uk\/ace\/ws\/640\/cpsprodpb\/0ac8\/live\/53eb8950-3a91-11f1-8606-05fe34b06e1b.jpg.webp\" alt=\"Claudia Sheinbaum en una conferencia de prensa\"\/><figcaption class=\"wp-element-caption\">Sheinbaum considera que la viabilidad de M\u00e9xico como pa\u00eds est\u00e1 vinculado a la soluci\u00f3n al problema del gas.<\/figcaption><\/figure>\n\n\n\n<h2 class=\"wp-block-heading\" id=\"El-dilema-del-fracking\">El dilema del fracking<\/h2>\n\n\n\n<p>La presidenta Sheinbaum present\u00f3 en su primer a\u00f1o de gobierno un plan energ\u00e9tico por el que pretende elevar de 24% a 38% la generaci\u00f3n el\u00e9ctrica con energ\u00edas renovables para el final de su gobierno (2030).<\/p>\n\n\n\n<p>Pero incluso con eso y otras fuentes nacionales a\u00f1adidas a la matriz energ\u00e9tica, el crecimiento de la demanda no podr\u00eda ser cubierto en el corto y mediano plazo.<\/p>\n\n\n\n<p>\u00abSi no hacemos nada, pues cada vez vamos a importar m\u00e1s. \u00bfQu\u00e9 problema tiene importar el combustible? Vean ahora lo que sufrieron much\u00edsimos pa\u00edses del mundo con lo que pas\u00f3 en Ir\u00e1n\u00bb, dijo Sheinbaum al referirse a la escalada mundial de precios de los energ\u00e9ticos producto de&nbsp;<a href=\"https:\/\/www.bbc.com\/mundo\/articles\/cr51p765g8lo\">la guerra en Medio Oriente<\/a>.<\/p>\n\n\n\n<p>Para Sheinbaum, que en su \u00e9poca acad\u00e9mica fue una cient\u00edfica de investigaciones energ\u00e9ticas, una soluci\u00f3n a mediano plazo es la explotaci\u00f3n del gas no convencional que existe en el subsuelo de M\u00e9xico a trav\u00e9s de la fracturaci\u00f3n hidr\u00e1ulica o&nbsp;<em>fracking<\/em>.<\/p>\n\n\n\n<p>Se trata de una t\u00e9cnica que permite extraer el llamado gas de esquisto, un tipo de hidrocarburo que se encuentra literalmente atrapado en capas de roca a gran profundidad. Luego de perforar hasta alcanzar la roca de esquisto, se inyectan a alta presi\u00f3n grandes cantidades de agua con aditivos qu\u00edmicos y arena para fracturar la roca y liberar el gas metano.<\/p>\n\n\n\n<p>Cuando el gas comienza a fluir de regreso lo hace con parte del fluido inyectado a alta presi\u00f3n.<\/p>\n\n\n\n<figure class=\"wp-block-image\"><img decoding=\"async\" src=\"https:\/\/ichef.bbci.co.uk\/ace\/ws\/640\/cpsprodpb\/7cdc\/live\/4f1283e0-3c5b-11f1-8606-05fe34b06e1b.jpg.webp\" alt=\"Una infograf\u00eda que explica el proceso del fracking\"\/><\/figure>\n\n\n\n<p>El&nbsp;<em>fracking&nbsp;<\/em>se ha usado en el mundo desde mediados del siglo pasado y desde entonces la t\u00e9cnica fue criticada por el excesivo consumo de agua que requiere, la contaminaci\u00f3n del l\u00edquido con qu\u00edmicos nocivos, las filtraciones a los mantos acu\u00edferos subterr\u00e1neos, la sismicidad que causa en el entorno y la afectaci\u00f3n a comunidades cercanas, entro otros problemas.<\/p>\n\n\n\n<p>La presidenta ha reconocido que tiene efectos, como \u00abtoda actividad humana\u00bb, y no es la principal soluci\u00f3n ni una opci\u00f3n definitiva para el problema. Pero desde que abri\u00f3 el debate sobre su implementaci\u00f3n, su discurso se ha inclinado a usar el&nbsp;<em>fracking&nbsp;<\/em>como una soluci\u00f3n para la soberan\u00eda energ\u00e9tica del pa\u00eds.<\/p>\n\n\n\n<p>\u00abSi yo tantos a\u00f1os me dediqu\u00e9 al cambio clim\u00e1tico, no voy a decir que &#8216;el petr\u00f3leo es la soluci\u00f3n&#8217;. Pero necesitamos una parte, durante un buen rato, en lo que desarrollamos otras alternativas. S\u00ed lo tenemos que seguir usando, en lo que seguimos disminuyendo el consumo de energ\u00eda\u00bb, dijo recientemente.<\/p>\n\n\n\n<p>La clave del uso del&nbsp;<em>fracking<\/em>, considera, es emplear nuevas t\u00e9cnicas que no requieran de un uso masivo de agua, que no empleen qu\u00edmicos tan nocivos y que haya un consenso con comunidades de las zonas.<\/p>\n\n\n\n<h2 class=\"wp-block-heading\" id=\"Es-una-soluci\u00f3n\">\u00bfEs una soluci\u00f3n?<\/h2>\n\n\n\n<p>M\u00e9xico tiene varias cuencas en las que hay presencia de gas de esquisto que podr\u00edan ser explotadas, en especial la que est\u00e1 en el noreste del pa\u00eds (y que forma parte de la regi\u00f3n geol\u00f3gica que explota Texas), y en algunos puntos cercanos al Golfo de M\u00e9xico.<\/p>\n\n\n\n<p>Seg\u00fan el director de Pemex, V\u00edctor Rodr\u00edguez Padilla, los \u00ababundantes recursos de gas natural\u00bb del pa\u00eds que \u00abno se han aprovechado\u00bb permitir\u00edan generar unos 8.000 millones de pies c\u00fabicos para 2035, un volumen poco inferior al consumo actual, lo que dar\u00eda cierta viabilidad a la autosuficiencia.<\/p>\n\n\n\n<p>Pemex ya ha realizado desde hace varios a\u00f1os decenas de perforaciones mediante&nbsp;<em>fracking<\/em>&nbsp;que el presidente Andr\u00e9s Manuel L\u00f3pez Obrador limit\u00f3 al m\u00e1ximo al llegar al gobierno (2018-2024).<\/p>\n\n\n\n<p>Aunque defiende las causas de su predecesor, Sheinbaum insiste en que su gobierno ha detectado \u00abuna innovaci\u00f3n enorme en este tema que permite que ya no se usen qu\u00edmicos tan contaminantes, que se usen qu\u00edmicos biodegradables, y tambi\u00e9n el reciclamiento de agua\u00bb.<\/p>\n\n\n\n<p>\u00abEntonces, eso nos hace ver que hay que voltear a ver nuevamente al gas no convencional con ojos de soberan\u00eda y con ojos de reducci\u00f3n al m\u00e1ximo de los impactos ambientales. No digo &#8216;cero impacto ambiental&#8217;, porque no hay ninguna actividad humana que sea de cero impacto ambiental, sino reducci\u00f3n y mitigaci\u00f3n de los impactos ambientales\u00bb.<\/p>\n\n\n\n<p>Convoc\u00f3 a un equipo de investigadores de las principales instituciones acad\u00e9micas p\u00fablicas para evaluar en dos meses si hay viabilidad a las posibles nuevas t\u00e9cnicas.<\/p>\n\n\n\n<figure class=\"wp-block-image\"><img decoding=\"async\" src=\"https:\/\/ichef.bbci.co.uk\/ace\/ws\/640\/cpsprodpb\/eca4\/live\/897ae720-3a94-11f1-9d5c-8ba507d7dbde.png.webp\" alt=\"Una infograf\u00eda de regiones de M\u00e9xico con potencial energ\u00e9tico y sus categor\u00edas\"\/><figcaption class=\"wp-element-caption\">Seg\u00fan los c\u00e1lculos del gobierno mexicano, existen regiones del noroeste con potencial extractivo de gas convencional y no convencional.<\/figcaption><\/figure>\n\n\n\n<p>Ferrari, sin embargo, se\u00f1ala problemas clave con el uso del&nbsp;<em>fracking&nbsp;<\/em>masivo como pretender\u00eda hacerlo el gobierno de M\u00e9xico.<\/p>\n\n\n\n<p>Por una parte, el investigador asegura que no existe una industria desarrollada ni estudios consistentes que validen que hay una tecnolog\u00eda m\u00e1s \u00abverde\u00bb en la actualidad en el uso del&nbsp;<em>fracking<\/em>.<\/p>\n\n\n\n<p>\u00abYo me puse inmediatamente a buscar en la literatura cient\u00edfica, porque propaganda de peque\u00f1as empresas que venden magia siempre hay. Pero art\u00edculos cient\u00edficos hay unos pocos y son cosas bastante experimentales, probadas a escala piloto aqu\u00ed y all\u00e1, que realmente no cambian mucho la cuesti\u00f3n del impacto ambiental\u00bb, asegura.<\/p>\n\n\n\n<p>\u00abSobre todo, no son el est\u00e1ndar de la industria. Porque son m\u00e1s caros y no hay ni siquiera una producci\u00f3n industrial de estos compuestos que llaman biodegradables. Son cosas muy de&nbsp;<em>boutique<\/em>, intentos que hace la industria para pintarse de verde, porque obviamente hay mucha oposici\u00f3n\u00bb, a\u00f1ade.<\/p>\n\n\n\n<figure class=\"wp-block-image\"><img decoding=\"async\" src=\"https:\/\/ichef.bbci.co.uk\/ace\/ws\/640\/cpsprodpb\/618d\/live\/c075a6b0-3a95-11f1-8606-05fe34b06e1b.jpg.webp\" alt=\"Un hombre pasa junto al sitio de perforaci\u00f3n de hidrocarburos de Pemex en Veracruz\"\/><figcaption class=\"wp-element-caption\">Pemex ya ha hecho perforaciones en unas decenas de puntos, donde la empresa estatal ha encontrado oposici\u00f3n de algunas comunidades.<\/figcaption><\/figure>\n\n\n\n<p>Por otra parte, las investigaciones que ha elaborado Ferrari con un equipo de la UNAM han mostrado modelos que apuntan a que el fracking solo podr\u00eda sostener la oferta de gas para el pa\u00eds unos pocos a\u00f1os. Y cada vez ser\u00eda m\u00e1s complicado por el crecimiento de M\u00e9xico y el tipo de desarrollo econ\u00f3mico de industria de manufactura y turismo que tiene.<\/p>\n\n\n\n<p>\u00abEstados Unidos empez\u00f3 en 2005 y ya ha llegado al m\u00e1ximo. Y si no perfora brutalmente va a caer igual en 10 a\u00f1os. Pero ellos tienen much\u00edsimo m\u00e1s gas no convencional que M\u00e9xico, que tiene probablemente un 10% o 15% de los recursos que tiene Estados Unidos. Entonces tambi\u00e9n para M\u00e9xico ser\u00eda mucho m\u00e1s corto el tema\u00bb, explica.<\/p>\n\n\n\n<p>Desde su punto de vista, el gobierno mexicano est\u00e1 atravesando por fuertes presiones de EE.UU. para abrir su territorio al&nbsp;<em>fracking<\/em>&nbsp;y as\u00ed poder vender el gas a mercados m\u00e1s atractivos que M\u00e9xico en Europa y Asia.<\/p>\n\n\n\n<p>\u00abA Estados Unidos le conviene m\u00e1s mandarlo como gas licuado a Europa o Asia que exportarlo a M\u00e9xico a un precio pactado relativamente bajo\u00bb, considera Ferrari.<\/p>\n\n\n\n<figure class=\"wp-block-image\"><img decoding=\"async\" src=\"https:\/\/ichef.bbci.co.uk\/ace\/ws\/640\/cpsprodpb\/9229\/live\/e63941d0-3a9b-11f1-879d-1b2f5c3919b8.jpg.webp\" alt=\"Sheinbaum y un grupo de acad\u00e9micos y expertos en una conferencia de prensa\"\/><figcaption class=\"wp-element-caption\">Las m\u00e1s grandes instituciones acad\u00e9micas de M\u00e9xico participan en el panel de expertos que convoc\u00f3 Sheinbaum para decidir entorno al\u00a0<em>fracking<\/em>.<\/figcaption><\/figure>\n\n\n\n<p>Pero, si no es el&nbsp;<em>fracking<\/em>, \u00bfqu\u00e9 se puede hacer?<\/p>\n\n\n\n<p>La respuesta no es sencilla. Y requiere de mucho m\u00e1s que buscar en el subsuelo.<\/p>\n\n\n\n<p>M\u00e9xico, al igual que otros pa\u00edses del mundo, se enfrentar\u00e1 a menos disponibilidad de hidrocarburos, una extracci\u00f3n cada vez m\u00e1s costosa y demandas de energ\u00eda cada vez m\u00e1s grandes.<\/p>\n\n\n\n<p>Ferrari explica que hay varios modelos de desarrollo para las pr\u00f3ximas d\u00e9cadas, pero apuesta por un ajuste de casi todos los aspectos de la vida humana para armonizar el consumo de energ\u00eda.<\/p>\n\n\n\n<p>\u00abEl tema aqu\u00ed es muy inc\u00f3modo, pero la conclusi\u00f3n cient\u00edfica, y hay muchos art\u00edculos de las mejores revistas que lo dicen, es que tenemos que crear con menos energ\u00eda, o sea, tenemos que vivir con una cantidad inferior de energ\u00eda y de materias primas, tambi\u00e9n por cuestiones ambientales\u00bb, explica Ferrari.<\/p>\n\n\n\n<p>Fuente: <a href=\"https:\/\/www.bbc.com\/mundo\/articles\/c0rxygzzkvqo\">https:\/\/www.bbc.com\/mundo\/articles\/c0rxygzzkvqo<\/a><\/p>\n","protected":false},"excerpt":{"rendered":"<p>Dar\u00edo Brooks \/ BBC News Mundo M\u00e9xico enfrenta un problema energ\u00e9tico desde hace varios a\u00f1os y las recientes tensiones petroleras [&hellip;]<\/p>\n","protected":false},"author":1,"featured_media":121221,"comment_status":"open","ping_status":"open","sticky":false,"template":"","format":"standard","meta":{"site-sidebar-layout":"default","site-content-layout":"","ast-site-content-layout":"default","site-content-style":"default","site-sidebar-style":"default","ast-global-header-display":"","ast-banner-title-visibility":"","ast-main-header-display":"","ast-hfb-above-header-display":"","ast-hfb-below-header-display":"","ast-hfb-mobile-header-display":"","site-post-title":"","ast-breadcrumbs-content":"","ast-featured-img":"","footer-sml-layout":"","theme-transparent-header-meta":"","adv-header-id-meta":"","stick-header-meta":"","header-above-stick-meta":"","header-main-stick-meta":"","header-below-stick-meta":"","astra-migrate-meta-layouts":"default","ast-page-background-enabled":"default","ast-page-background-meta":{"desktop":{"background-color":"var(--ast-global-color-4)","background-image":"","background-repeat":"repeat","background-position":"center center","background-size":"auto","background-attachment":"scroll","background-type":"","background-media":"","overlay-type":"","overlay-color":"","overlay-opacity":"","overlay-gradient":""},"tablet":{"background-color":"","background-image":"","background-repeat":"repeat","background-position":"center center","background-size":"auto","background-attachment":"scroll","background-type":"","background-media":"","overlay-type":"","overlay-color":"","overlay-opacity":"","overlay-gradient":""},"mobile":{"background-color":"","background-image":"","background-repeat":"repeat","background-position":"center center","background-size":"auto","background-attachment":"scroll","background-type":"","background-media":"","overlay-type":"","overlay-color":"","overlay-opacity":"","overlay-gradient":""}},"ast-content-background-meta":{"desktop":{"background-color":"var(--ast-global-color-5)","background-image":"","background-repeat":"repeat","background-position":"center center","background-size":"auto","background-attachment":"scroll","background-type":"","background-media":"","overlay-type":"","overlay-color":"","overlay-opacity":"","overlay-gradient":""},"tablet":{"background-color":"var(--ast-global-color-5)","background-image":"","background-repeat":"repeat","background-position":"center center","background-size":"auto","background-attachment":"scroll","background-type":"","background-media":"","overlay-type":"","overlay-color":"","overlay-opacity":"","overlay-gradient":""},"mobile":{"background-color":"var(--ast-global-color-5)","background-image":"","background-repeat":"repeat","background-position":"center center","background-size":"auto","background-attachment":"scroll","background-type":"","background-media":"","overlay-type":"","overlay-color":"","overlay-opacity":"","overlay-gradient":""}},"footnotes":""},"categories":[8],"tags":[48615,48612,48611,48613],"class_list":["post-121220","post","type-post","status-publish","format-standard","has-post-thumbnail","hentry","category-noticias","tag-frackjing-mexico","tag-gas-mexic","tag-gas-texas","tag-sheinbaum-independencia-gas"],"_links":{"self":[{"href":"https:\/\/losperiodistas.com.mx\/portal\/wp-json\/wp\/v2\/posts\/121220","targetHints":{"allow":["GET"]}}],"collection":[{"href":"https:\/\/losperiodistas.com.mx\/portal\/wp-json\/wp\/v2\/posts"}],"about":[{"href":"https:\/\/losperiodistas.com.mx\/portal\/wp-json\/wp\/v2\/types\/post"}],"author":[{"embeddable":true,"href":"https:\/\/losperiodistas.com.mx\/portal\/wp-json\/wp\/v2\/users\/1"}],"replies":[{"embeddable":true,"href":"https:\/\/losperiodistas.com.mx\/portal\/wp-json\/wp\/v2\/comments?post=121220"}],"version-history":[{"count":1,"href":"https:\/\/losperiodistas.com.mx\/portal\/wp-json\/wp\/v2\/posts\/121220\/revisions"}],"predecessor-version":[{"id":121222,"href":"https:\/\/losperiodistas.com.mx\/portal\/wp-json\/wp\/v2\/posts\/121220\/revisions\/121222"}],"wp:featuredmedia":[{"embeddable":true,"href":"https:\/\/losperiodistas.com.mx\/portal\/wp-json\/wp\/v2\/media\/121221"}],"wp:attachment":[{"href":"https:\/\/losperiodistas.com.mx\/portal\/wp-json\/wp\/v2\/media?parent=121220"}],"wp:term":[{"taxonomy":"category","embeddable":true,"href":"https:\/\/losperiodistas.com.mx\/portal\/wp-json\/wp\/v2\/categories?post=121220"},{"taxonomy":"post_tag","embeddable":true,"href":"https:\/\/losperiodistas.com.mx\/portal\/wp-json\/wp\/v2\/tags?post=121220"}],"curies":[{"name":"wp","href":"https:\/\/api.w.org\/{rel}","templated":true}]}}