{"id":12121,"date":"2021-08-25T07:32:14","date_gmt":"2021-08-25T12:32:14","guid":{"rendered":"http:\/\/losperiodistas.com.mx\/portal\/?p=12121"},"modified":"2021-08-25T07:55:47","modified_gmt":"2021-08-25T12:55:47","slug":"ahora-va-la-4t-por-su-aerolinea-mural","status":"publish","type":"post","link":"https:\/\/losperiodistas.com.mx\/portal\/ahora-va-la-4t-por-su-aerolinea-mural\/","title":{"rendered":"Ahora va la 4T por su aerol\u00ednea | Mural"},"content":{"rendered":"\n<p><\/p>\n\n\n\n<figure class=\"wp-block-image size-large\"><img fetchpriority=\"high\" decoding=\"async\" width=\"1024\" height=\"680\" src=\"https:\/\/losperiodistas.com.mx\/portal\/wp-content\/uploads\/2021\/08\/Captura-de-Pantalla-2021-08-25-a-las-7.50.58-1024x680.jpg\" alt=\"\" class=\"wp-image-12122\" srcset=\"https:\/\/losperiodistas.com.mx\/portal\/wp-content\/uploads\/2021\/08\/Captura-de-Pantalla-2021-08-25-a-las-7.50.58-1024x680.jpg 1024w, https:\/\/losperiodistas.com.mx\/portal\/wp-content\/uploads\/2021\/08\/Captura-de-Pantalla-2021-08-25-a-las-7.50.58-300x199.jpg 300w, https:\/\/losperiodistas.com.mx\/portal\/wp-content\/uploads\/2021\/08\/Captura-de-Pantalla-2021-08-25-a-las-7.50.58-768x510.jpg 768w, https:\/\/losperiodistas.com.mx\/portal\/wp-content\/uploads\/2021\/08\/Captura-de-Pantalla-2021-08-25-a-las-7.50.58-1536x1020.jpg 1536w, https:\/\/losperiodistas.com.mx\/portal\/wp-content\/uploads\/2021\/08\/Captura-de-Pantalla-2021-08-25-a-las-7.50.58.jpg 1900w\" sizes=\"(max-width: 1024px) 100vw, 1024px\" \/><figcaption>Once a\u00f1os despu\u00e9s de que Mexicana de Aviaci\u00f3n dej\u00f3 de volar, el Gobierno federal lanzar\u00eda una nueva l\u00ednea a\u00e9rea con ex trabajadores. Foto: Especial<\/figcaption><\/figure>\n\n\n\n<p class=\"has-vivid-cyan-blue-color has-text-color has-medium-font-size\">AZUCENA V\u00c1SQUEZ \/ MURAL<\/p>\n\n\n\n<p><strong>Guadalajara, M\u00e9xico&nbsp;(25 agosto 2021).-&nbsp;<\/strong>A menos de dos meses de anunciar el lanzamiento de Gas Bienestar, una empresa estatal para comercializar el energ\u00e9tico, ahora surge una nueva iniciativa para intervenir directamente en la econom\u00eda.<\/p>\n\n\n\n<p>Once a\u00f1os despu\u00e9s de que Mexicana de Aviaci\u00f3n dej\u00f3 de volar, el Gobierno federal pretende lanzar una nueva l\u00ednea a\u00e9rea de pasajeros con los trabajadores de la extinta aerol\u00ednea.<\/p>\n\n\n\n<p>Dentro de dos semanas, el Instituto Nacional de la Econom\u00eda Social (Inaes) lanzar\u00e1 una convocatoria para los trabajadores de Mexicana que deseen laborar en la nueva empresa que operar\u00e1 el Gobierno en el aeropuerto de Santa Luc\u00eda, revel\u00f3 una fuente cercana al proceso.<\/p>\n\n\n\n<p>De acuerdo con el proyecto, la aerol\u00ednea podr\u00eda tener una flota de hasta 60 aviones en cinco a\u00f1os.<\/p>\n\n\n\n<p>El grupo de inversionistas interesado en el proyecto es encabezado por Salvador \u00c1lvarez, director general de Alt\u00e1n Redes, empresa que trabaja con el Gobierno en el programa \u00abInternet para Todos\u00bb, y actualmente en proceso de concurso mercantil.<\/p>\n\n\n\n<p><br>Seg\u00fan los planes, la aerol\u00ednea ser\u00eda operada por una cooperativa en la que participen los empleados y los inversionistas, quienes deber\u00e1n aportar el 60 por ciento de los 155 millones de d\u00f3lares estimados para el arranque de operaciones.<\/p>\n\n\n\n<p>El monto restante se obtendr\u00eda de un pr\u00e9stamo otorgado por el Gobierno federal, mediante la banca de desarrollo, a los trabajadores que conformen la cooperativa, explic\u00f3 una fuente cercana a las negociaciones.<\/p>\n\n\n\n<p>\u00abLa convocatoria la lanzar\u00e1 para los trabajadores de Mexicana que hayan estado activos al 28 de agosto del 2010 (&#8230;). Si alguien quiere anexarse tendr\u00e1 que hacer su postulaci\u00f3n\u00bb, explic\u00f3 la fuente.<\/p>\n\n\n\n<p>La instrucci\u00f3n del Presidente L\u00f3pez Obrador es crear una aerol\u00ednea comercial que beneficie a los trabajadores de Mexicana, quienes legalmente son considerados como tales, porque no han sido liquidados.<\/p>\n\n\n\n<p>Para el arranque de operaciones se estima que la empresa tendr\u00e1 mil 200 colaboradores.<\/p>\n\n\n\n<p>Fuente: https:\/\/www.mural.com.mx\/ahora-va-la-4t-por-su-aerolinea\/ar2246038?referer=&#8211;7d616165662f3a3a6262623b727a7a7279703b767a783a&#8211;<\/p>\n","protected":false},"excerpt":{"rendered":"<p>AZUCENA V\u00c1SQUEZ \/ MURAL Guadalajara, M\u00e9xico&nbsp;(25 agosto 2021).-&nbsp;A menos de dos meses de anunciar el lanzamiento de Gas Bienestar, una [&hellip;]<\/p>\n","protected":false},"author":1,"featured_media":12122,"comment_status":"open","ping_status":"open","sticky":false,"template":"","format":"standard","meta":{"site-sidebar-layout":"default","site-content-layout":"","ast-site-content-layout":"default","site-content-style":"default","site-sidebar-style":"default","ast-global-header-display":"","ast-banner-title-visibility":"","ast-main-header-display":"","ast-hfb-above-header-display":"","ast-hfb-below-header-display":"","ast-hfb-mobile-header-display":"","site-post-title":"","ast-breadcrumbs-content":"","ast-featured-img":"","footer-sml-layout":"","theme-transparent-header-meta":"","adv-header-id-meta":"","stick-header-meta":"","header-above-stick-meta":"","header-main-stick-meta":"","header-below-stick-meta":"","astra-migrate-meta-layouts":"default","ast-page-background-enabled":"default","ast-page-background-meta":{"desktop":{"background-color":"var(--ast-global-color-4)","background-image":"","background-repeat":"repeat","background-position":"center center","background-size":"auto","background-attachment":"scroll","background-type":"","background-media":"","overlay-type":"","overlay-color":"","overlay-opacity":"","overlay-gradient":""},"tablet":{"background-color":"","background-image":"","background-repeat":"repeat","background-position":"center center","background-size":"auto","background-attachment":"scroll","background-type":"","background-media":"","overlay-type":"","overlay-color":"","overlay-opacity":"","overlay-gradient":""},"mobile":{"background-color":"","background-image":"","background-repeat":"repeat","background-position":"center center","background-size":"auto","background-attachment":"scroll","background-type":"","background-media":"","overlay-type":"","overlay-color":"","overlay-opacity":"","overlay-gradient":""}},"ast-content-background-meta":{"desktop":{"background-color":"var(--ast-global-color-5)","background-image":"","background-repeat":"repeat","background-position":"center center","background-size":"auto","background-attachment":"scroll","background-type":"","background-media":"","overlay-type":"","overlay-color":"","overlay-opacity":"","overlay-gradient":""},"tablet":{"background-color":"var(--ast-global-color-5)","background-image":"","background-repeat":"repeat","background-position":"center center","background-size":"auto","background-attachment":"scroll","background-type":"","background-media":"","overlay-type":"","overlay-color":"","overlay-opacity":"","overlay-gradient":""},"mobile":{"background-color":"var(--ast-global-color-5)","background-image":"","background-repeat":"repeat","background-position":"center center","background-size":"auto","background-attachment":"scroll","background-type":"","background-media":"","overlay-type":"","overlay-color":"","overlay-opacity":"","overlay-gradient":""}},"footnotes":""},"categories":[8],"tags":[3558,3559,3556,3557],"class_list":["post-12121","post","type-post","status-publish","format-standard","has-post-thumbnail","hentry","category-noticias","tag-instituto-nacional-de-la-economia-social","tag-linea-aerea-de-la-4t","tag-mexicana-de-aviacion","tag-salvador-alvarez"],"_links":{"self":[{"href":"https:\/\/losperiodistas.com.mx\/portal\/wp-json\/wp\/v2\/posts\/12121","targetHints":{"allow":["GET"]}}],"collection":[{"href":"https:\/\/losperiodistas.com.mx\/portal\/wp-json\/wp\/v2\/posts"}],"about":[{"href":"https:\/\/losperiodistas.com.mx\/portal\/wp-json\/wp\/v2\/types\/post"}],"author":[{"embeddable":true,"href":"https:\/\/losperiodistas.com.mx\/portal\/wp-json\/wp\/v2\/users\/1"}],"replies":[{"embeddable":true,"href":"https:\/\/losperiodistas.com.mx\/portal\/wp-json\/wp\/v2\/comments?post=12121"}],"version-history":[{"count":1,"href":"https:\/\/losperiodistas.com.mx\/portal\/wp-json\/wp\/v2\/posts\/12121\/revisions"}],"predecessor-version":[{"id":12123,"href":"https:\/\/losperiodistas.com.mx\/portal\/wp-json\/wp\/v2\/posts\/12121\/revisions\/12123"}],"wp:featuredmedia":[{"embeddable":true,"href":"https:\/\/losperiodistas.com.mx\/portal\/wp-json\/wp\/v2\/media\/12122"}],"wp:attachment":[{"href":"https:\/\/losperiodistas.com.mx\/portal\/wp-json\/wp\/v2\/media?parent=12121"}],"wp:term":[{"taxonomy":"category","embeddable":true,"href":"https:\/\/losperiodistas.com.mx\/portal\/wp-json\/wp\/v2\/categories?post=12121"},{"taxonomy":"post_tag","embeddable":true,"href":"https:\/\/losperiodistas.com.mx\/portal\/wp-json\/wp\/v2\/tags?post=12121"}],"curies":[{"name":"wp","href":"https:\/\/api.w.org\/{rel}","templated":true}]}}