{"id":121208,"date":"2026-04-27T09:19:28","date_gmt":"2026-04-27T15:19:28","guid":{"rendered":"https:\/\/losperiodistas.com.mx\/portal\/?p=121208"},"modified":"2026-04-27T09:19:30","modified_gmt":"2026-04-27T15:19:30","slug":"la-polarizacion-causa-y-consecuencia-del-incremento-de-la-violencia-politica-en-los-eeuu-de-trump-vozpopuli","status":"publish","type":"post","link":"https:\/\/losperiodistas.com.mx\/portal\/la-polarizacion-causa-y-consecuencia-del-incremento-de-la-violencia-politica-en-los-eeuu-de-trump-vozpopuli\/","title":{"rendered":"La polarizaci\u00f3n, causa y consecuencia del incremento de la violencia pol\u00edtica en los EEUU de Trump | VozP\u00f3puli"},"content":{"rendered":"\n<p class=\"has-medium-font-size\">El tercer ataque en tres a\u00f1os irrumpe en plena batalla electoral, con una violencia pol\u00edtica disparada y dudas sobre la estabilidad de EEUU<\/p>\n\n\n\n<figure class=\"wp-block-image size-large\"><img fetchpriority=\"high\" decoding=\"async\" width=\"1024\" height=\"597\" src=\"https:\/\/losperiodistas.com.mx\/portal\/wp-content\/uploads\/2026\/04\/imagen-aparece-trump-apoyado-atril-al-fondo-puede-apreciarse-al-vicepresidente-jd-vance-2868948-1200-700-1024x597.jpg\" alt=\"\" class=\"wp-image-121209\" srcset=\"https:\/\/losperiodistas.com.mx\/portal\/wp-content\/uploads\/2026\/04\/imagen-aparece-trump-apoyado-atril-al-fondo-puede-apreciarse-al-vicepresidente-jd-vance-2868948-1200-700-1024x597.jpg 1024w, https:\/\/losperiodistas.com.mx\/portal\/wp-content\/uploads\/2026\/04\/imagen-aparece-trump-apoyado-atril-al-fondo-puede-apreciarse-al-vicepresidente-jd-vance-2868948-1200-700-300x175.jpg 300w, https:\/\/losperiodistas.com.mx\/portal\/wp-content\/uploads\/2026\/04\/imagen-aparece-trump-apoyado-atril-al-fondo-puede-apreciarse-al-vicepresidente-jd-vance-2868948-1200-700-768x448.jpg 768w, https:\/\/losperiodistas.com.mx\/portal\/wp-content\/uploads\/2026\/04\/imagen-aparece-trump-apoyado-atril-al-fondo-puede-apreciarse-al-vicepresidente-jd-vance-2868948-1200-700.jpg 1200w\" sizes=\"(max-width: 1024px) 100vw, 1024px\" \/><\/figure>\n\n\n\n<p><\/p>\n\n\n\n<p class=\"has-medium-font-size\"><a href=\"https:\/\/www.vozpopuli.com\/redaccion\/paula-marcos\"><br><\/a><strong><a href=\"https:\/\/www.vozpopuli.com\/redaccion\/paula-marcos\">Paula Marcos<\/a> \/ VozP\u00f3puli <\/strong><\/p>\n\n\n\n<p><\/p>\n\n\n\n<p>El&nbsp;<a href=\"https:\/\/www.vozpopuli.com\/internacional\/trump-y-melania-evacuados-de-la-cena-de-corresponsales-por-la-amenaza-de-un-tirador.html\">atentado en la Cena de Corresponsales,<\/a>&nbsp;el<strong>&nbsp;tercero en tres a\u00f1os contra el actual presidente de Estados Unidos, Donald Trump,<\/strong>&nbsp;ha reabierto el debate sobre la&nbsp;<strong>seguridad presidencial.<\/strong>&nbsp;Asimismo, el intento de magnicidio ocurre en un momento pol\u00edtico cr\u00edtico que puede afectar tanto a la campa\u00f1a de las elecciones legislativas como a la sensaci\u00f3n de inestabilidad a nivel internacional.<\/p>\n\n\n\n<p>De acuerdo con datos del Instituto para el Di\u00e1logo Estrat\u00e9gico (ISD) publicados en febrero de 2026, Trump ha sido&nbsp;<strong>\u201cblanco de ataques desproporcionados\u201d,<\/strong>&nbsp;siendo el l\u00edder republicano que m\u00e1s amenazas ha recibido entre 2021 y 2025. Pero no es el \u00fanico pol\u00edtico en la diana. Segmentado por partidos, las amenazas contra los dem\u00f3cratas han aumentado un 124% y contra los republicanos, un&nbsp;<strong>364%.<\/strong><\/p>\n\n\n\n<h2 class=\"wp-block-heading has-ast-global-color-4-background-color has-background has-medium-font-size\">Te puede interesar<\/h2>\n\n\n\n<p><a href=\"https:\/\/www.vozpopuli.com\/internacional\/de-lincoln-a-trump-la-persistente-sombra-de-la-violencia-politica-en-estados-unidos.html\">De Lincoln a Trump: la persistente sombra de la violencia pol\u00edtica en Estados Unidos<\/a><\/p>\n\n\n\n<p>La creciente brecha de las amenazas que reciben ambas formaciones se origin\u00f3 tras el&nbsp;<strong>intento de asesinato a Donald Trump<\/strong>&nbsp;en un&nbsp;<a href=\"https:\/\/www.vozpopuli.com\/internacional\/donald-trump-evacuado-mitin-escucharan-sonidos-similares-disparos.html\">mitin de campa\u00f1a en julio de 2024<\/a>. La diferencia ha persistido durante las elecciones y la transici\u00f3n presidencial y ha continuado desde entonces.<\/p>\n\n\n\n<p>El incremento de la violencia con motivaciones pol\u00edticas tambi\u00e9n es percibido por un&nbsp;<strong>85% de la ciudadan\u00eda estadounidense,<\/strong>&nbsp;seg\u00fan un estudio del Pew Research Center de septiembre de 2025 realizado poco despu\u00e9s del asesinato del activista conservador&nbsp;<strong>Charlie Kirk<\/strong>. La mitad de la poblaci\u00f3n apunta a los&nbsp;<strong>extremismos<\/strong>, tanto de izquierda (53%) como de derecha (52%) o de \u201cpersonas sin ideas pol\u00edticas claras\u201d (47%), como un problema grave.<\/p>\n\n\n\n<p>El estudio de Pew Research indica tambi\u00e9n que los dem\u00f3cratas son m\u00e1s propensos a mencionar a<strong>&nbsp;Trump, el Partido Republicano o al movimiento MAGA<\/strong>&nbsp;(&#8216;Make America Great Again&#8217;) como raz\u00f3n del incremento de violencia (un 28%, frente a un 16% por parte de los republicanos).<\/p>\n\n\n\n<p>Otro de los grandes motivos nombrados ha sido la&nbsp;<strong>polarizaci\u00f3n pol\u00edtica<\/strong>. Un 11% afirma que las marcadas divisiones entre ambos partidos contribuyen a la violencia y que dichas diferencias se han acentuado en los \u00faltimos a\u00f1os. &nbsp;Asimismo, uno de cada diez estadounidenses atribuye el aumento de atentados y amenazas contra pol\u00edticos a la&nbsp;<strong>normalizaci\u00f3n de la violencia<\/strong>&nbsp;en el pa\u00eds, as\u00ed como el<strong>&nbsp;entorno medi\u00e1tico<\/strong>.<\/p>\n\n\n\n<h2 class=\"wp-block-heading\">El impacto en las&nbsp;<em>midterms<\/em><\/h2>\n\n\n\n<p>La gran mayor\u00eda de las \u00faltimas encuestas para las&nbsp;<em>midterm<\/em>&nbsp;(elecciones legislativas celebradas dos a\u00f1os despu\u00e9s de las presidenciales) del pr\u00f3ximo 3 de noviembre otorgan ventaja a los dem\u00f3cratas por una media de unos seis puntos. Las&nbsp;<strong>consecuencias de la guerra contra Ir\u00e1n,&nbsp;<\/strong>en especial la&nbsp;<a href=\"https:\/\/www.vozpopuli.com\/economia\/macroeconomia\/los-hogares-sufren-una-subida-record-del-diesel-que-supera-la-media-europea.html\">subida de precio de la gasolina<\/a>&nbsp;(cerca de un 40% en EEUU), puede jugarle una mala pasada al inquilino de la Casa Blanca y dejarle con escasas opciones de llevar a cabo su agenda legislativa en la parte final de su segundo mandato.<\/p>\n\n\n\n<p>Una encuesta de la&nbsp;<em>CNN<\/em>&nbsp;realizada por SSRS recoge que el 66% de la poblaci\u00f3n estadounidense desaprueba la guerra y&nbsp;<strong>solo un 30% considera que Trump tiene \u201cun plan claro\u201d&nbsp;<\/strong>para resolver el conflicto. Adem\u00e1s, apenas el 31% aprueba al l\u00edder republicano en el que acostumbraba a ser su punto fuerte: el manejo de la econom\u00eda. Un m\u00ednimo hist\u00f3rico que est\u00e1n intentando aprovechar los dem\u00f3cratas para ganar terreno, aunque el Partido Republicano espera beneficiarse de las devoluciones de impuestos m\u00e1s abultadas gracias a la reforma fiscal promovida por Trump.<\/p>\n\n\n\n<p>No obstante, seg\u00fan refleja la prensa del pa\u00eds, el electorado estadounidense tiene&nbsp;<strong>\u201copiniones profundamente negativas\u201d sobre ambos partidos.&nbsp;<\/strong>Por el momento, los dem\u00f3cratas est\u00e1n en plena racha de victorias en elecciones especiales este a\u00f1o, lo que les da esperanza para el pr\u00f3ximo noviembre. Los de&nbsp;<strong>Ken Martin,<\/strong>&nbsp;actual presidente del Comit\u00e9 Nacional Dem\u00f3crata (DNC), necesitar\u00edan ganar cuatro esca\u00f1os para conseguir la mayor\u00eda en el Senado.<\/p>\n\n\n\n<h2 class=\"wp-block-heading\">La violencia en la pol\u00edtica estadounidense<\/h2>\n\n\n\n<p>M\u00e1s all\u00e1 de los atentados a Trump, en la pol\u00edtica reciente de Estados Unidos han tenido lugar m\u00faltiples altercados. Uno de los m\u00e1s conocidos de la historia reciente es el&nbsp;<strong>asalto al Capitolio&nbsp;<\/strong>por parte de una multitud de seguidores de Trump, mientras los legisladores estaban reunidos para ratificar los resultados de las elecciones de 2020. Adem\u00e1s, dos&nbsp;<strong>bombas caseras<\/strong>&nbsp;fueron colocadas frente a las sedes nacionales de ambos partidos el d\u00eda anterior a los disturbios.<\/p>\n\n\n\n<p>Asimismo, Trump no ha sido el \u00fanico candidato que en las \u00faltimas elecciones sufri\u00f3 ataques durante la precampa\u00f1a. En octubre de 2024, la oficina de&nbsp;<strong>Kamala Harris&nbsp;<\/strong>en Arizona fue disparada tres veces en un mismo mes.<\/p>\n\n\n\n<p>La&nbsp;<strong>violencia&nbsp;<\/strong>contra altos funcionarios p\u00fablicos de Estados Unidos se ha caracterizado por tener un especial impacto en las&nbsp;<strong>encuestas electorales,<\/strong>&nbsp;aunque el efecto suele ser temporal. Seg\u00fan un an\u00e1lisis digital del ISD, los picos de ataques, incluido las amenazas, suelen tener lugar tras&nbsp;<strong>importantes acontecimientos pol\u00edticos<\/strong>.&nbsp;<\/p>\n\n\n\n<p>Seg\u00fan el an\u00e1lisis digital del ISD, la ret\u00f3rica violenta contra altos funcionarios p\u00fablicos del pa\u00eds se ha&nbsp;<strong>triplicado entre 2021 y 2025,&nbsp;<\/strong>con un aumento medio del 5% mensual. &nbsp;El 33% son contra republicanos y&nbsp;<strong>el 47% de todo el contenido<\/strong>&nbsp;recopilado a trav\u00e9s de X, Reddit, BlueSky, YouTube y miles de foros estaba dirigido<strong>&nbsp;contra Trump<\/strong>&nbsp;(incluyendo las amenazas recibidas antes del inicio de su segundo mandato).<\/p>\n\n\n\n<p>El ISD se\u00f1ala que&nbsp;<strong>\u201cel lenguaje amenazante se ha normalizado,&nbsp;<\/strong>junto con un aumento de incidentes violentos reales, algunos con consecuencias devastadoras\u201d. Algunos pol\u00edticos han sufrido un incremento de violencia de&nbsp;<strong>entre el 550% y el 1600%<\/strong>&nbsp;por encima de sus promedios mensuales durante momentos de gran repercusi\u00f3n. Adem\u00e1s, las amenazas recogidas en el an\u00e1lisis corresponden principalmente a individuos partidistas y no a grupos extremistas organizados, reflejando un&nbsp;<strong>cambio hacia una violencia pol\u00edtica \u201cpostorganizacional\u201d<\/strong>&nbsp;o descentralizada.<\/p>\n\n\n\n<h2 class=\"wp-block-heading\">\u00bfPercepci\u00f3n internacional de inestabilidad?<\/h2>\n\n\n\n<p>Fuera de fronteras estadounidenses, el principal impacto a nivel internacional del atentado contra Trump se sit\u00faa en una posible mayor percepci\u00f3n de&nbsp;<strong>inestabilidad<\/strong>. Aunque Estados Unidos sigue siendo un actor central en el equilibrio global, los aliados europeos podr\u00edan observar con inquietud su&nbsp;<strong>fiabilidad como socio estrat\u00e9gico<\/strong>&nbsp;ante la mayor polarizaci\u00f3n pol\u00edtica en el pa\u00eds, especialmente en el marco de la&nbsp;<strong>OTAN<\/strong>.<\/p>\n\n\n\n<p>Desde Oriente Medio, a pesar de que figuras como la del primer ministro israel\u00ed,&nbsp;<strong>Benjamin Netanyahu,&nbsp;<\/strong>le tengan en alta estima, la percepci\u00f3n de un Donald Trump distra\u00eddo o debilitado puede suponer un&nbsp;<strong>reajuste en la estrategia contra Ir\u00e1n.&nbsp;<\/strong>Esto podr\u00eda afectar tambi\u00e9n a puntos cr\u00edticos de la econom\u00eda global, como el&nbsp;<strong>estrecho de Ormuz,&nbsp;<\/strong>y traducirse en una volatilidad en los mercados energ\u00e9ticos y financieros.<\/p>\n\n\n\n<p>Sin embargo, el verdadero alcance del intento de magnicidio depender\u00e1 de la evoluci\u00f3n del suceso en los pr\u00f3ximos d\u00edas. La respuesta pol\u00edtica, el tratamiento medi\u00e1tico y la reacci\u00f3n tanto internacional como del pueblo estadounidense ser\u00e1n claves para medir el impacto real.<\/p>\n\n\n\n<p>Fuente: <a href=\"https:\/\/www.vozpopuli.com\/internacional\/la-polarizacion-causa-y-consecuencia-del-incremento-de-la-violencia-politica-en-los-eeuu-de-trump.html\">https:\/\/www.vozpopuli.com\/internacional\/la-polarizacion-causa-y-consecuencia-del-incremento-de-la-violencia-politica-en-los-eeuu-de-trump.html<\/a><\/p>\n\n\n\n<p><\/p>\n","protected":false},"excerpt":{"rendered":"<p>El tercer ataque en tres a\u00f1os irrumpe en plena batalla electoral, con una violencia pol\u00edtica disparada y dudas sobre la [&hellip;]<\/p>\n","protected":false},"author":1,"featured_media":121209,"comment_status":"open","ping_status":"open","sticky":false,"template":"","format":"standard","meta":{"site-sidebar-layout":"default","site-content-layout":"","ast-site-content-layout":"default","site-content-style":"default","site-sidebar-style":"default","ast-global-header-display":"","ast-banner-title-visibility":"","ast-main-header-display":"","ast-hfb-above-header-display":"","ast-hfb-below-header-display":"","ast-hfb-mobile-header-display":"","site-post-title":"","ast-breadcrumbs-content":"","ast-featured-img":"","footer-sml-layout":"","theme-transparent-header-meta":"","adv-header-id-meta":"","stick-header-meta":"","header-above-stick-meta":"","header-main-stick-meta":"","header-below-stick-meta":"","astra-migrate-meta-layouts":"default","ast-page-background-enabled":"default","ast-page-background-meta":{"desktop":{"background-color":"var(--ast-global-color-4)","background-image":"","background-repeat":"repeat","background-position":"center center","background-size":"auto","background-attachment":"scroll","background-type":"","background-media":"","overlay-type":"","overlay-color":"","overlay-opacity":"","overlay-gradient":""},"tablet":{"background-color":"","background-image":"","background-repeat":"repeat","background-position":"center center","background-size":"auto","background-attachment":"scroll","background-type":"","background-media":"","overlay-type":"","overlay-color":"","overlay-opacity":"","overlay-gradient":""},"mobile":{"background-color":"","background-image":"","background-repeat":"repeat","background-position":"center center","background-size":"auto","background-attachment":"scroll","background-type":"","background-media":"","overlay-type":"","overlay-color":"","overlay-opacity":"","overlay-gradient":""}},"ast-content-background-meta":{"desktop":{"background-color":"var(--ast-global-color-5)","background-image":"","background-repeat":"repeat","background-position":"center center","background-size":"auto","background-attachment":"scroll","background-type":"","background-media":"","overlay-type":"","overlay-color":"","overlay-opacity":"","overlay-gradient":""},"tablet":{"background-color":"var(--ast-global-color-5)","background-image":"","background-repeat":"repeat","background-position":"center center","background-size":"auto","background-attachment":"scroll","background-type":"","background-media":"","overlay-type":"","overlay-color":"","overlay-opacity":"","overlay-gradient":""},"mobile":{"background-color":"var(--ast-global-color-5)","background-image":"","background-repeat":"repeat","background-position":"center center","background-size":"auto","background-attachment":"scroll","background-type":"","background-media":"","overlay-type":"","overlay-color":"","overlay-opacity":"","overlay-gradient":""}},"footnotes":""},"categories":[8],"tags":[48604,48606,48605],"class_list":["post-121208","post","type-post","status-publish","format-standard","has-post-thumbnail","hentry","category-noticias","tag-polarizacion-ee-u","tag-trump-atentados","tag-violencia-ee-uu"],"_links":{"self":[{"href":"https:\/\/losperiodistas.com.mx\/portal\/wp-json\/wp\/v2\/posts\/121208","targetHints":{"allow":["GET"]}}],"collection":[{"href":"https:\/\/losperiodistas.com.mx\/portal\/wp-json\/wp\/v2\/posts"}],"about":[{"href":"https:\/\/losperiodistas.com.mx\/portal\/wp-json\/wp\/v2\/types\/post"}],"author":[{"embeddable":true,"href":"https:\/\/losperiodistas.com.mx\/portal\/wp-json\/wp\/v2\/users\/1"}],"replies":[{"embeddable":true,"href":"https:\/\/losperiodistas.com.mx\/portal\/wp-json\/wp\/v2\/comments?post=121208"}],"version-history":[{"count":1,"href":"https:\/\/losperiodistas.com.mx\/portal\/wp-json\/wp\/v2\/posts\/121208\/revisions"}],"predecessor-version":[{"id":121210,"href":"https:\/\/losperiodistas.com.mx\/portal\/wp-json\/wp\/v2\/posts\/121208\/revisions\/121210"}],"wp:featuredmedia":[{"embeddable":true,"href":"https:\/\/losperiodistas.com.mx\/portal\/wp-json\/wp\/v2\/media\/121209"}],"wp:attachment":[{"href":"https:\/\/losperiodistas.com.mx\/portal\/wp-json\/wp\/v2\/media?parent=121208"}],"wp:term":[{"taxonomy":"category","embeddable":true,"href":"https:\/\/losperiodistas.com.mx\/portal\/wp-json\/wp\/v2\/categories?post=121208"},{"taxonomy":"post_tag","embeddable":true,"href":"https:\/\/losperiodistas.com.mx\/portal\/wp-json\/wp\/v2\/tags?post=121208"}],"curies":[{"name":"wp","href":"https:\/\/api.w.org\/{rel}","templated":true}]}}