{"id":121205,"date":"2026-04-27T08:42:14","date_gmt":"2026-04-27T14:42:14","guid":{"rendered":"https:\/\/losperiodistas.com.mx\/portal\/?p=121205"},"modified":"2026-04-27T08:42:15","modified_gmt":"2026-04-27T14:42:15","slug":"el-peinado-de-amelie-tenia-que-reflejar-su-personalidad-una-mujer-libre-generosa-y-bohemia-25-anos-de-la-pelicula-que-catapulto-a-audrey-tautou-recordada-por-el-creador-de-su-ico","status":"publish","type":"post","link":"https:\/\/losperiodistas.com.mx\/portal\/el-peinado-de-amelie-tenia-que-reflejar-su-personalidad-una-mujer-libre-generosa-y-bohemia-25-anos-de-la-pelicula-que-catapulto-a-audrey-tautou-recordada-por-el-creador-de-su-ico\/","title":{"rendered":"\u201cEl peinado de Am\u00e9lie ten\u00eda que reflejar su personalidad: una mujer libre, generosa y bohemia\u201d: 25 a\u00f1os de la pel\u00edcula que catapult\u00f3 a Audrey Tautou, recordada por el creador de su ic\u00f3nico\u00a0look | Vanity Fair"},"content":{"rendered":"\n<hr class=\"wp-block-separator has-alpha-channel-opacity\"\/>\n\n\n\n<p class=\"has-background has-medium-font-size\" style=\"background-color:#f78da878\"><em>Am\u00e9lie<\/em>&nbsp;se estren\u00f3 en cines en abril de 2001, dando origen a uno de los peinados m\u00e1s reconocibles de la gran pantalla. Entrevistamos a su creador, el maestro del peinado John Nollet.<\/p>\n\n\n\n<figure class=\"wp-block-image size-large\"><img fetchpriority=\"high\" decoding=\"async\" width=\"1024\" height=\"576\" src=\"https:\/\/losperiodistas.com.mx\/portal\/wp-content\/uploads\/2026\/04\/Amelie-Poulain-1024x576.jpeg\" alt=\"\" class=\"wp-image-121206\" srcset=\"https:\/\/losperiodistas.com.mx\/portal\/wp-content\/uploads\/2026\/04\/Amelie-Poulain-1024x576.jpeg 1024w, https:\/\/losperiodistas.com.mx\/portal\/wp-content\/uploads\/2026\/04\/Amelie-Poulain-300x169.jpeg 300w, https:\/\/losperiodistas.com.mx\/portal\/wp-content\/uploads\/2026\/04\/Amelie-Poulain-768x432.jpeg 768w, https:\/\/losperiodistas.com.mx\/portal\/wp-content\/uploads\/2026\/04\/Amelie-Poulain-1536x864.jpeg 1536w, https:\/\/losperiodistas.com.mx\/portal\/wp-content\/uploads\/2026\/04\/Amelie-Poulain-2048x1152.jpeg 2048w\" sizes=\"(max-width: 1024px) 100vw, 1024px\" \/><figcaption class=\"wp-element-caption\">Audrey Tautou en &#8216;Am\u00e9lie&#8217;. Miramax\/courtesy Everett Collection<\/figcaption><\/figure>\n\n\n\n<p class=\"has-medium-font-size\"><strong>Por\u00a0<a href=\"https:\/\/www.revistavanityfair.es\/autor\/adele-bari\">Ad\u00e8le Bari<\/a> \/ Vanity Fair<\/strong><\/p>\n\n\n\n<p class=\"has-drop-cap\">Su peinado y su rostro delicado marcaron un punto y aparte. Sin embargo, nada hac\u00eda presagiar que\u00a0<a href=\"https:\/\/www.vanityfair.fr\/culture\/ecrans\/story\/le-fabuleux-destin-d-amelie-poulain-la-veritable-histoire-derriere-l-intrigue-du-photomaton\/13826\">Am\u00e9lie Poulain<\/a>, interpretada por\u00a0<a href=\"https:\/\/www.vanityfair.fr\/article\/audrey-tautou-signe-un-emouvant-livre-photographique\"><strong>Audrey Tautou<\/strong><\/a>, aparecer\u00eda con un corte recto tipo bob, ya que inicialmente se le hab\u00eda asignado un\u00a0<em>look<\/em>\u00a0diferente. La visi\u00f3n de un joven peluquero inclin\u00f3 la balanza hasta el punto de convertirse en un fen\u00f3meno capilar mundial.\u00a0<a href=\"https:\/\/www.vanityfair.fr\/article\/lunch-avec-john-nollet-au-festival-de-cannes-2025-je-parle-souvent-de-narration-capillaire\"><strong>John Nollet<\/strong><\/a>, peluquero de las estrellas y \u00abnarrador capilar\u00bb, como le gusta definirse, rememora la historia de un peinado para el recuerdo.<\/p>\n\n\n\n<p><strong>El director de la pel\u00edcula, Jean-Pierre Jeunet, ten\u00eda en mente una coleta para el personaje de Am\u00e9lie Poulain. \u00bfPor qu\u00e9 propuso algo completamente distinto?<\/strong><br>Para m\u00ed, Am\u00e9lie no pod\u00eda ser esa joven que pasa el tiempo frente al espejo todas las ma\u00f1anas. Est\u00e1 centrada en los dem\u00e1s, en la vida, en los peque\u00f1os detalles del d\u00eda a d\u00eda. La imaginaba morena, con el pelo corto. El bob se impuso como una obviedad. Luch\u00e9 por la idea porque pensaba que transmitir\u00eda espontaneidad, sencillez y libertad. Al final, Jean-Pierre Jeunet acept\u00f3 la propuesta y esa silueta se convirti\u00f3 en una de las se\u00f1as de identidad visual de la pel\u00edcula.<\/p>\n\n\n\n<p><strong>\u00bfQu\u00e9 dicen sobre el personaje estas l\u00edneas definidas y la nuca despejada?<\/strong><br>Este bob muy corto y limpio, con un peque\u00f1o flequillo, es a la vez gr\u00e1fico y vivo. Me gustaba la idea de un peinado natural, ligeramente despeinado, algo espont\u00e1neo y juvenil que no pareciera demasiado construido. Este corte tiene una forma limpia, pero conserva mucho movimiento. Ten\u00eda que reflejar la personalidad de Am\u00e9lie: una joven libre, generosa, un poco bohemia, que observa el mundo con picard\u00eda y dulzura. Es un peinado que revela el rostro y le da car\u00e1cter de inmediato, sin dejar de ser muy sencillo. Las l\u00edneas definidas aportan mucha personalidad al rostro. La nuca despejada a\u00f1ade una sensaci\u00f3n de frescura y ligereza. Esto crea una silueta muy directa, muy sincera. Am\u00e9lie no es alguien que se esconda: mira a las personas, las observa, se maravilla con todo. Este corte refleja esa transparencia y vitalidad. Tiene un esp\u00edritu casi infantil, pero tambi\u00e9n muy firme.<\/p>\n\n\n\n<figure class=\"wp-block-image\"><img decoding=\"async\" src=\"https:\/\/media.revistavanityfair.es\/photos\/69ef09db0985035fb04b4a89\/master\/w_3940%2Cc_limit\/Amelie-Poulain-2.jpg\" alt=\"Una imagen de \u2018Amelie.\"\/><\/figure>\n\n\n\n<p><\/p>\n\n\n\n<p><strong>\u00bfQu\u00e9 reacciones recibi\u00f3 el corte<\/strong>&nbsp;<strong>de pelo en su momento?<\/strong><br>En cuanto se estren\u00f3 la pel\u00edcula, el corte de pelo empez\u00f3 a verse en todas partes: en la calle, en las peluquer\u00edas, en toda Francia. Muchas j\u00f3venes quer\u00edan \u00abel corte de Am\u00e9lie\u00bb. Creo que el p\u00fablico se identific\u00f3 con esa imagen: una parisina libre, feliz, que transmite bienestar a su alrededor. El peinado contribu\u00eda a esa sensaci\u00f3n de frescura y sencillez. Con el tiempo, se ha convertido en uno de los peinados m\u00e1s reconocibles del cine franc\u00e9s.<\/p>\n\n\n\n<figure class=\"wp-block-image\"><img decoding=\"async\" src=\"https:\/\/media.revistavanityfair.es\/photos\/69ef09db0985035fb04b4a8a\/master\/w_3940%2Cc_limit\/Amelie-Poulain-3.jpg\" alt=\"Audrey Tautou como Amlie Poulain.\"\/><\/figure>\n\n\n\n<p><strong>\u00bfQu\u00e9 recuerdos conserva del rodaje de la pel\u00edcula?<\/strong><br>Lo que m\u00e1s recuerdo es la atm\u00f3sfera tan especial de la pel\u00edcula. Jean-Pierre Jeunet crea universos muy precisos, sensibles, casi po\u00e9ticos. Todo estaba pensado al detalle: los colores, los decorados, los rostros. Tambi\u00e9n recuerdo un peque\u00f1o secreto en torno al corte de pelo. Audrey Tautou iba a asistir a la entrega de los premios C\u00e9sar por la pel\u00edcula&nbsp;<em>V\u00e9nus Beaut\u00e9 (Institut)<\/em>&nbsp;justo antes del rodaje. Yo no quer\u00eda desvelar el corte de pelo de Am\u00e9lie antes de la pel\u00edcula, as\u00ed que le a\u00f1adimos extensiones para recrear la longitud y le hicimos un recogido para la ceremonia. Gan\u00f3 su C\u00e9sar con ese peinado, y la transformaci\u00f3n se mantuvo en secreto hasta que empez\u00f3 el rodaje unos d\u00edas despu\u00e9s. Me gustaba mucho la idea de la sorpresa. En el cine, como en la peluquer\u00eda, hay algo m\u00e1gico en el momento en que la imagen aparece por primera vez.<\/p>\n\n\n\n<p>VER<a rel=\"noreferrer noopener\" target=\"_blank\" href=\"https:\/\/www.revistavanityfair.es\/video\/watch\/vf-oscars-highlights\">VF Oscars Highlights<\/a><\/p>\n\n\n\n<p><em>Art\u00edculo publicado en Vanity Fair Francia. Accede al original&nbsp;<a href=\"https:\/\/www.vanityfair.fr\/article\/john-nollet-la-coupe-damelie-poulain-devait-refleter-sa-personnalite\"><strong>aqu\u00ed<\/strong><\/a>.<\/em><\/p>\n\n\n\n<p>Fuente: <a href=\"https:\/\/www.revistavanityfair.es\/articulos\/peinado-amelie-pelicula-audrey-tautou-peluquero-john-nollet\">https:\/\/www.revistavanityfair.es\/articulos\/peinado-amelie-pelicula-audrey-tautou-peluquero-john-nollet<\/a><\/p>\n\n\n\n<p><\/p>\n","protected":false},"excerpt":{"rendered":"<p>Am\u00e9lie&nbsp;se estren\u00f3 en cines en abril de 2001, dando origen a uno de los peinados m\u00e1s reconocibles de la gran [&hellip;]<\/p>\n","protected":false},"author":1,"featured_media":121206,"comment_status":"open","ping_status":"open","sticky":false,"template":"","format":"standard","meta":{"site-sidebar-layout":"default","site-content-layout":"","ast-site-content-layout":"default","site-content-style":"default","site-sidebar-style":"default","ast-global-header-display":"","ast-banner-title-visibility":"","ast-main-header-display":"","ast-hfb-above-header-display":"","ast-hfb-below-header-display":"","ast-hfb-mobile-header-display":"","site-post-title":"","ast-breadcrumbs-content":"","ast-featured-img":"","footer-sml-layout":"","theme-transparent-header-meta":"","adv-header-id-meta":"","stick-header-meta":"","header-above-stick-meta":"","header-main-stick-meta":"","header-below-stick-meta":"","astra-migrate-meta-layouts":"default","ast-page-background-enabled":"default","ast-page-background-meta":{"desktop":{"background-color":"var(--ast-global-color-4)","background-image":"","background-repeat":"repeat","background-position":"center center","background-size":"auto","background-attachment":"scroll","background-type":"","background-media":"","overlay-type":"","overlay-color":"","overlay-opacity":"","overlay-gradient":""},"tablet":{"background-color":"","background-image":"","background-repeat":"repeat","background-position":"center center","background-size":"auto","background-attachment":"scroll","background-type":"","background-media":"","overlay-type":"","overlay-color":"","overlay-opacity":"","overlay-gradient":""},"mobile":{"background-color":"","background-image":"","background-repeat":"repeat","background-position":"center center","background-size":"auto","background-attachment":"scroll","background-type":"","background-media":"","overlay-type":"","overlay-color":"","overlay-opacity":"","overlay-gradient":""}},"ast-content-background-meta":{"desktop":{"background-color":"var(--ast-global-color-5)","background-image":"","background-repeat":"repeat","background-position":"center center","background-size":"auto","background-attachment":"scroll","background-type":"","background-media":"","overlay-type":"","overlay-color":"","overlay-opacity":"","overlay-gradient":""},"tablet":{"background-color":"var(--ast-global-color-5)","background-image":"","background-repeat":"repeat","background-position":"center center","background-size":"auto","background-attachment":"scroll","background-type":"","background-media":"","overlay-type":"","overlay-color":"","overlay-opacity":"","overlay-gradient":""},"mobile":{"background-color":"var(--ast-global-color-5)","background-image":"","background-repeat":"repeat","background-position":"center center","background-size":"auto","background-attachment":"scroll","background-type":"","background-media":"","overlay-type":"","overlay-color":"","overlay-opacity":"","overlay-gradient":""}},"footnotes":""},"categories":[8],"tags":[48602,48601,48603],"class_list":["post-121205","post","type-post","status-publish","format-standard","has-post-thumbnail","hentry","category-noticias","tag-audrey-tautou","tag-el-peinado-de-amelie","tag-john-nollet"],"_links":{"self":[{"href":"https:\/\/losperiodistas.com.mx\/portal\/wp-json\/wp\/v2\/posts\/121205","targetHints":{"allow":["GET"]}}],"collection":[{"href":"https:\/\/losperiodistas.com.mx\/portal\/wp-json\/wp\/v2\/posts"}],"about":[{"href":"https:\/\/losperiodistas.com.mx\/portal\/wp-json\/wp\/v2\/types\/post"}],"author":[{"embeddable":true,"href":"https:\/\/losperiodistas.com.mx\/portal\/wp-json\/wp\/v2\/users\/1"}],"replies":[{"embeddable":true,"href":"https:\/\/losperiodistas.com.mx\/portal\/wp-json\/wp\/v2\/comments?post=121205"}],"version-history":[{"count":1,"href":"https:\/\/losperiodistas.com.mx\/portal\/wp-json\/wp\/v2\/posts\/121205\/revisions"}],"predecessor-version":[{"id":121207,"href":"https:\/\/losperiodistas.com.mx\/portal\/wp-json\/wp\/v2\/posts\/121205\/revisions\/121207"}],"wp:featuredmedia":[{"embeddable":true,"href":"https:\/\/losperiodistas.com.mx\/portal\/wp-json\/wp\/v2\/media\/121206"}],"wp:attachment":[{"href":"https:\/\/losperiodistas.com.mx\/portal\/wp-json\/wp\/v2\/media?parent=121205"}],"wp:term":[{"taxonomy":"category","embeddable":true,"href":"https:\/\/losperiodistas.com.mx\/portal\/wp-json\/wp\/v2\/categories?post=121205"},{"taxonomy":"post_tag","embeddable":true,"href":"https:\/\/losperiodistas.com.mx\/portal\/wp-json\/wp\/v2\/tags?post=121205"}],"curies":[{"name":"wp","href":"https:\/\/api.w.org\/{rel}","templated":true}]}}