{"id":121202,"date":"2026-04-27T08:27:18","date_gmt":"2026-04-27T14:27:18","guid":{"rendered":"https:\/\/losperiodistas.com.mx\/portal\/?p=121202"},"modified":"2026-04-27T08:27:20","modified_gmt":"2026-04-27T14:27:20","slug":"citlali-fabian-fotografa-del-ano-2026-hay-que-dejar-atras-la-imagen-del-indigena-pobre-y-mal-educado-historia-ng","status":"publish","type":"post","link":"https:\/\/losperiodistas.com.mx\/portal\/citlali-fabian-fotografa-del-ano-2026-hay-que-dejar-atras-la-imagen-del-indigena-pobre-y-mal-educado-historia-ng\/","title":{"rendered":"Citlali Fabi\u00e1n, Fot\u00f3grafa del A\u00f1o 2026: \u201cHay que dejar atr\u00e1s la imagen del ind\u00edgena pobre y mal educado\u201d | Historia NG"},"content":{"rendered":"\n<h2 class=\"wp-block-heading\">Concebido como un libro para ni\u00f1as, &#8216;Bilha, historias de mis hermanas&#8217; es un ambicioso proyecto de la artista mexicana que une identidad, territorio y comunidad, y que hoy se abre a nuevas posibilidades tras este reconocimiento mundial.<\/h2>\n\n\n\n<figure class=\"wp-block-image size-large\"><img fetchpriority=\"high\" decoding=\"async\" width=\"1024\" height=\"1024\" src=\"https:\/\/losperiodistas.com.mx\/portal\/wp-content\/uploads\/2026\/04\/selfportrait-citlali-fabian-copy_da16c891_260425085414_1280x1280-1024x1024.jpeg\" alt=\"\" class=\"wp-image-121203\" srcset=\"https:\/\/losperiodistas.com.mx\/portal\/wp-content\/uploads\/2026\/04\/selfportrait-citlali-fabian-copy_da16c891_260425085414_1280x1280-1024x1024.jpeg 1024w, https:\/\/losperiodistas.com.mx\/portal\/wp-content\/uploads\/2026\/04\/selfportrait-citlali-fabian-copy_da16c891_260425085414_1280x1280-300x300.jpeg 300w, https:\/\/losperiodistas.com.mx\/portal\/wp-content\/uploads\/2026\/04\/selfportrait-citlali-fabian-copy_da16c891_260425085414_1280x1280-150x150.jpeg 150w, https:\/\/losperiodistas.com.mx\/portal\/wp-content\/uploads\/2026\/04\/selfportrait-citlali-fabian-copy_da16c891_260425085414_1280x1280-768x768.jpeg 768w, https:\/\/losperiodistas.com.mx\/portal\/wp-content\/uploads\/2026\/04\/selfportrait-citlali-fabian-copy_da16c891_260425085414_1280x1280.jpeg 1280w\" sizes=\"(max-width: 1024px) 100vw, 1024px\" \/><figcaption class=\"wp-element-caption\">Citlali Fabi\u00e1n, Fot\u00f3grafa del A\u00f1o 2026 en los Sony World Photography Awards.<br>Citlali Fabi\u00e1n<\/figcaption><\/figure>\n\n\n\n<p class=\"has-medium-font-size\"><strong><a href=\"https:\/\/historia.nationalgeographic.com.es\/autores\/elsa-salom_1273\">Elsa Salom<\/a> \/ Historia National Geographic<\/strong><\/p>\n\n\n\n<p class=\"has-small-font-size\">Periodista especializada en cultura<\/p>\n\n\n\n<p>Hay&nbsp;<strong>historias de mujeres<\/strong>&nbsp;que no solo se cuentan: se viven, se heredan y se sostienen.&nbsp;<a href=\"https:\/\/www.citlalifabian.com\/\" target=\"_blank\" rel=\"noreferrer noopener\"><strong>Citlali Fabi\u00e1n<\/strong><\/a>&nbsp;(1988), originaria de la comunidad yalalteca de la&nbsp;<strong>regi\u00f3n ind\u00edgena zapoteca de Oaxaca<\/strong>, va un paso m\u00e1s all\u00e1 y las transforma en im\u00e1genes, en un lenguaje propio que se vuelve presencia pero tambi\u00e9n cambio. En su trabajo, sus ra\u00edces crecen como una fuerza viva que impregna cada fotograf\u00eda.<\/p>\n\n\n\n<p>Su fascinante obra se sit\u00faa en ese territorio, tan \u00edntimo como colectivo, que se erige como una&nbsp;<strong>memoria compartida<\/strong>&nbsp;y se abre espacio en la sociedad. Su serie&nbsp;<em>Bilha, historias de mis hermanas<\/em>&nbsp;nace precisamente de ah\u00ed, de la necesidad de crear referentes y de componer, junto a otras tantas mujeres, un archivo visual que enlaza&nbsp;<strong>identidad, territorio y comunidad<\/strong>.<\/p>\n\n\n\n<figure class=\"wp-block-image\"><img decoding=\"async\" src=\"https:\/\/content-historia.nationalgeographic.com.es\/medio\/2026\/04\/25\/9-mitzy-violeta-cortez_39bc1d28_260425100221_800x800.webp\" alt=\"9 Mitzy Violeta Cortez\"\/><figcaption class=\"wp-element-caption\"><em>Mitzy Violeta Cortez&nbsp;<\/em>de<em>&nbsp;Bilha, Stories of my Sisters.<\/em>Citlali Fabi\u00e1n<\/figcaption><\/figure>\n\n\n\n<p>Y es que su arte no deja indiferente a nadie. Es por ello que hoy se alza con el reconocimiento a&nbsp;<strong>\u2018Fot\u00f3grafa del A\u00f1o 2026\u2019<\/strong>&nbsp;en los&nbsp;<a href=\"https:\/\/www.worldphoto.org\/sony-world-photography-awards\" target=\"_blank\" rel=\"noreferrer noopener\"><strong>Sony World Photography Awards<\/strong><\/a>, considerados uno de los galardones m\u00e1s destacados a nivel mundial. Celebramos con ella esta distinci\u00f3n y nos adentramos en este universo&nbsp;<strong>femenino, simb\u00f3lico y colectivo<\/strong>&nbsp;para conocer qu\u00e9 le une a este proyecto, c\u00f3mo ha sido el proceso creativo y qu\u00e9 mensaje busca transmitir con el.<\/p>\n\n\n\n<h4 class=\"wp-block-heading\">Pregunta: \u00bfQu\u00e9 te impulsa a retratar a estas mujeres y qu\u00e9 v\u00ednculo te une a ellas?<\/h4>\n\n\n\n<p><strong>Respuesta:&nbsp;<\/strong>Es un proyecto que llevaba pensando varios a\u00f1os. No lo visualizaba como es ahora ni como lo estoy desarrollando, pero s\u00ed hab\u00eda una espinita por retratar y compartir las historias de mujeres que admiro de mi regi\u00f3n.<\/p>\n\n\n\n<p>Art\u00edculo recomendado<a href=\"https:\/\/historia.nationalgeographic.com.es\/a\/historia-fotografia-arte-dibujar-luz_20128\">La historia de la fotograf\u00eda: el arte de dibujar con la luzLeer art\u00edculo<\/a><\/p>\n\n\n\n<p>Al convertirme en madre, ese sentimiento se reforz\u00f3: entend\u00ed la necesidad de crear referentes visuales, de construir una especie de testigo de su labor. Muchas de estas mujeres las sigo desde hace a\u00f1os, hemos coincidido en otros proyectos y, en un lugar como Oaxaca, donde hay una efervescencia cultural, pol\u00edtica y social muy fuerte, nuestros caminos terminan cruz\u00e1ndose.<\/p>\n\n\n\n<figure class=\"wp-block-image\"><img decoding=\"async\" src=\"https:\/\/content-historia.nationalgeographic.com.es\/medio\/2026\/04\/25\/4-luna-maran_4c7f40d2_260425095739_800x800.webp\" alt=\"4 Luna Maran\"\/><figcaption class=\"wp-element-caption\"><em>Luna Maran<\/em>&nbsp;de&nbsp;<em>Bilha, Stories of my Sisters<\/em>.Citlali Fabi\u00e1n<\/figcaption><\/figure>\n\n\n\n<h4 class=\"wp-block-heading\">P: &#8216;Bilha&#8217; es tambi\u00e9n una manifestaci\u00f3n de identidad.&nbsp;\u00bfQu\u00e9 representa para ti?<\/h4>\n\n\n\n<p><strong>R:&nbsp;<\/strong>Tiene una intenci\u00f3n social muy clara. Lo que me une a \u00e9l es mi posici\u00f3n como fot\u00f3grafa del sur global, como mujer perteneciente a una comunidad originaria de Oaxaca.<\/p>\n\n\n\n<p>Siento que es tanto una responsabilidad como un privilegio poder compartir estas historias y entender que nuestras narrativas pueden construirse de otra manera. Eso es lo que busco con este proyecto: abrir esa posibilidad y que tambi\u00e9n el p\u00fablico pueda interpretarlo desde su propia mirada.<\/p>\n\n\n\n<blockquote class=\"wp-block-quote is-layout-flow wp-block-quote-is-layout-flow\">\n<p class=\"has-ast-global-color-4-background-color has-background has-medium-font-size\"><strong><em>&#8216;Bilha, historia de mis hermanas&#8217;\u00a0naci\u00f3 con la idea de convertirse en un libro dirigido a ni\u00f1as.\u00a0<\/em><\/strong><\/p>\n<\/blockquote>\n\n\n\n<p>Adem\u00e1s, es importante decir que no naci\u00f3 con la intenci\u00f3n de ganar un premio. Naci\u00f3 con la idea de convertirse en un libro dirigido a ni\u00f1as, a las infancias del estado. Es un proceso que sigue en marcha, como ocurre con muchos creadores de mi regi\u00f3n, donde trabajamos desde la autogesti\u00f3n. Espero que este reconocimiento ayude a generar alianzas con alguna editorial que quiera publicar este material.<\/p>\n\n\n\n<h4 class=\"wp-block-heading\">P: \u00bfC\u00f3mo influye tu experiencia entre Oaxaca y Londres en la manera en que construyes estas im\u00e1genes?<\/h4>\n\n\n\n<p><strong>R:&nbsp;<\/strong>La decisi\u00f3n de vivir en Londres es personal. No me traslad\u00e9 all\u00ed pensando en desarrollar mi carrera, porque tengo muy claro que mi labor creativa est\u00e1 en Oaxaca. De hecho, cuando empec\u00e9 este proyecto, hab\u00edamos decidido volver a vivir aqu\u00ed. Lo desarroll\u00e9 principalmente entre 2024 y 2025, ya instalados en Oaxaca, pero por motivos personales tuvimos que regresar a Londres.<\/p>\n\n\n\n<blockquote class=\"wp-block-quote is-layout-flow wp-block-quote-is-layout-flow\">\n<p class=\"has-ast-global-color-4-background-color has-background has-medium-font-size\"><strong><em>No me siento en posici\u00f3n de contar historias desde un lugar que no conozco profundamente.<\/em><\/strong><\/p>\n<\/blockquote>\n\n\n\n<p>Todav\u00eda no encuentro all\u00ed un espacio creativo propio ni esa conexi\u00f3n. Creo que es complejo, no me siento en posici\u00f3n de contar historias desde un lugar que no conozco profundamente. Para m\u00ed es fundamental tener un contexto amplio del territorio que retrato. Ahora mismo sigo buscando mi lugar all\u00ed, pero mi trabajo nace claramente de Oaxaca.<\/p>\n\n\n\n<h4 class=\"wp-block-heading\"><strong>P:<\/strong>&nbsp;\u00bfQu\u00e9 te interesa en concreto de las mujeres que eliges retratar? \u00bfQu\u00e9 tienen en com\u00fan sus trayectorias?<\/h4>\n\n\n\n<p><strong>R:&nbsp;<\/strong>En general, lo que me interesa es compartir la perspectiva y la experiencia de vida de las personas a las que retrato.<\/p>\n\n\n\n<p>En este proyecto, son mujeres que est\u00e1n generando un impacto muy positivo en sus comunidades. Pero m\u00e1s all\u00e1 de eso, son mujeres que trabajan desde sus trincheras, muchas veces desde la autogesti\u00f3n. En muchos casos, su labor creativa convive con otras actividades, porque no siempre es posible vivir de ello.<\/p>\n\n\n\n<figure class=\"wp-block-image\"><img decoding=\"async\" src=\"https:\/\/content-historia.nationalgeographic.com.es\/medio\/2026\/04\/25\/5-nadxielli-lopez-reyes_44358935_260425100259_800x800.webp\" alt=\"5 Nadxielli Lopez Reyes\"\/><figcaption class=\"wp-element-caption\"><em>Nadxielli Lopez Reyes<\/em>&nbsp;de&nbsp;<em>Bilha, Stories of my Sisters<\/em>.Citlali Fabi\u00e1n<\/figcaption><\/figure>\n\n\n\n<p>Hay algo que me marc\u00f3 mucho: una de ellas me dijo que no sab\u00eda que era activista hasta que alguien se lo se\u00f1al\u00f3. Eso me parece muy significativo, porque muchas de estas trayectorias nacen de una convicci\u00f3n personal profunda, de un deseo genuino de construir un mundo mejor.<\/p>\n\n\n\n<blockquote class=\"wp-block-quote is-layout-flow wp-block-quote-is-layout-flow\">\n<p class=\"has-ast-global-color-4-background-color has-background\"><strong><em>Son mujeres que trabajan desde sus trincheras, muchas veces desde la autogesti\u00f3n.<\/em><\/strong><\/p>\n<\/blockquote>\n\n\n\n<p>Lo que tienen en com\u00fan es, por un lado, Oaxaca y, por otro, esa necesidad compartida y una ideolog\u00eda de poder crear en conjunto. Tambi\u00e9n una convicci\u00f3n muy clara de que el cambio implica esfuerzo, trabajo conjunto y disciplina. Yo admiro profundamente eso en cada una de ellas.<\/p>\n\n\n\n<h4 class=\"wp-block-heading\">P: \u00bfCrees que tu trabajo puede contribuir a cambiar la forma en que se representa y se entiende a las mujeres ind\u00edgenas?<\/h4>\n\n\n\n<p><strong>R:<\/strong>&nbsp;Espero que s\u00ed ayude, si no a cambiar completamente la mirada, al menos a abrir la posibilidad de otras formas de crear im\u00e1genes.<\/p>\n\n\n\n<blockquote class=\"wp-block-quote is-layout-flow wp-block-quote-is-layout-flow\">\n<p class=\"has-ast-global-color-4-background-color has-background has-medium-font-size\"><strong><em>Como fot\u00f3grafos, no somos nada sin quienes acceden a ser retratados, y a veces eso se olvida.<\/em><\/strong><\/p>\n<\/blockquote>\n\n\n\n<p>Durante casi dos siglos, la fotograf\u00eda ha construido ciertas ideas sobre las&nbsp;<a href=\"https:\/\/historia.nationalgeographic.com.es\/a\/mujer-mexico-indigena-descolonizacion-museos-madrid_25199\" target=\"_blank\" rel=\"noreferrer noopener\">comunidades ind\u00edgenas<\/a>, especialmente desde los nortes globales. Por eso es importante pensar en c\u00f3mo podemos generar nuevas narrativas desde el sur, que&nbsp;parten de la empat\u00eda y del entendimiento de que las personas retratadas tienen voz y agencia. Como fot\u00f3grafos, no somos nada sin quienes acceden a ser retratados, y a veces eso se olvida.<\/p>\n\n\n\n<h4 class=\"wp-block-heading\">P: Por \u00faltimo, \u00bfqu\u00e9 mensaje te gustar\u00eda que quedara cuando alguien ve estas im\u00e1genes por primera vez?<\/h4>\n\n\n\n<p><strong>R:<\/strong>&nbsp;Me gustar\u00eda, sobre todo, que estas im\u00e1genes llegaran a las ni\u00f1eces oaxaque\u00f1as. Por eso el proyecto del libro es tan importante para m\u00ed, con la idea de poder distribuirlo de forma gratuita.<\/p>\n\n\n\n<p>Tambi\u00e9n soy consciente de que el acceso a internet o a exposiciones internacionales sigue siendo un privilegio. Por eso espero que la visibilidad del proyecto, especialmente en espacios como Londres, sirva para reflexionar sobre ese privilegio.<\/p>\n\n\n\n<figure class=\"wp-block-image\"><img decoding=\"async\" src=\"https:\/\/content-historia.nationalgeographic.com.es\/medio\/2026\/04\/25\/2-malena_1038bcb3_260425100328_800x800.webp\" alt=\"2 Malena\"\/><figcaption class=\"wp-element-caption\"><em>Malena&nbsp;<\/em>de<em>&nbsp;Bilha, Stories of my Sisters.<\/em>Citlali Fabi\u00e1n<\/figcaption><\/figure>\n\n\n\n<p>Yo misma lo reconozco: aunque vengo de un contexto espec\u00edfico, he tenido oportunidades que otras personas no. Y es importante que el privilegio no nuble la empat\u00eda. Me gusta esa frase y quiero pensar que desde estos lugares podemos precisamente enfatizar en eso, en que existe el privilegio, pero que no por estar en esos espacios significa que no podemos contribuir a una mejor sociedad.<\/p>\n\n\n\n<blockquote class=\"wp-block-quote is-layout-flow wp-block-quote-is-layout-flow\">\n<p class=\"has-medium-font-size\"><strong><em>Es importante que el privilegio no nuble la empat\u00eda.<\/em><\/strong><\/p>\n<\/blockquote>\n\n\n\n<p>Estas mujeres est\u00e1n haciendo much\u00edsimo desde sus propias trincheras. Me interesa enfatizar que, aunque vivimos con recursos limitados, tambi\u00e9n vivimos bien, tenemos calidad de vida, aspiraciones y sue\u00f1os. Hay que dejar atr\u00e1s la imagen del ind\u00edgena pobre y mal educado&nbsp;y entender que somos personas que nos nutrimos de nuestro entorno, que tambi\u00e9n crecemos, aspiramos y sobre todo que tambi\u00e9n so\u00f1amos con crear para nuestros ni\u00f1os.<\/p>\n\n\n\n<p>Fuente: <a href=\"https:\/\/historia.nationalgeographic.com.es\/actualidad\/citlali-fabian-fotografa-ano-2026-es-importante-erradicar-imagen-indigena-como-pobre-mal-educado_25930\">https:\/\/historia.nationalgeographic.com.es\/actualidad\/citlali-fabian-fotografa-ano-2026-es-importante-erradicar-imagen-indigena-como-pobre-mal-educado_25930<\/a><\/p>\n","protected":false},"excerpt":{"rendered":"<p>Concebido como un libro para ni\u00f1as, &#8216;Bilha, historias de mis hermanas&#8217; es un ambicioso proyecto de la artista mexicana que [&hellip;]<\/p>\n","protected":false},"author":1,"featured_media":121203,"comment_status":"open","ping_status":"open","sticky":false,"template":"","format":"standard","meta":{"site-sidebar-layout":"default","site-content-layout":"","ast-site-content-layout":"default","site-content-style":"default","site-sidebar-style":"default","ast-global-header-display":"","ast-banner-title-visibility":"","ast-main-header-display":"","ast-hfb-above-header-display":"","ast-hfb-below-header-display":"","ast-hfb-mobile-header-display":"","site-post-title":"","ast-breadcrumbs-content":"","ast-featured-img":"","footer-sml-layout":"","theme-transparent-header-meta":"","adv-header-id-meta":"","stick-header-meta":"","header-above-stick-meta":"","header-main-stick-meta":"","header-below-stick-meta":"","astra-migrate-meta-layouts":"default","ast-page-background-enabled":"default","ast-page-background-meta":{"desktop":{"background-color":"var(--ast-global-color-4)","background-image":"","background-repeat":"repeat","background-position":"center center","background-size":"auto","background-attachment":"scroll","background-type":"","background-media":"","overlay-type":"","overlay-color":"","overlay-opacity":"","overlay-gradient":""},"tablet":{"background-color":"","background-image":"","background-repeat":"repeat","background-position":"center center","background-size":"auto","background-attachment":"scroll","background-type":"","background-media":"","overlay-type":"","overlay-color":"","overlay-opacity":"","overlay-gradient":""},"mobile":{"background-color":"","background-image":"","background-repeat":"repeat","background-position":"center center","background-size":"auto","background-attachment":"scroll","background-type":"","background-media":"","overlay-type":"","overlay-color":"","overlay-opacity":"","overlay-gradient":""}},"ast-content-background-meta":{"desktop":{"background-color":"var(--ast-global-color-5)","background-image":"","background-repeat":"repeat","background-position":"center center","background-size":"auto","background-attachment":"scroll","background-type":"","background-media":"","overlay-type":"","overlay-color":"","overlay-opacity":"","overlay-gradient":""},"tablet":{"background-color":"var(--ast-global-color-5)","background-image":"","background-repeat":"repeat","background-position":"center center","background-size":"auto","background-attachment":"scroll","background-type":"","background-media":"","overlay-type":"","overlay-color":"","overlay-opacity":"","overlay-gradient":""},"mobile":{"background-color":"var(--ast-global-color-5)","background-image":"","background-repeat":"repeat","background-position":"center center","background-size":"auto","background-attachment":"scroll","background-type":"","background-media":"","overlay-type":"","overlay-color":"","overlay-opacity":"","overlay-gradient":""}},"footnotes":""},"categories":[8],"tags":[48598,48600,48599],"class_list":["post-121202","post","type-post","status-publish","format-standard","has-post-thumbnail","hentry","category-noticias","tag-citlali-fabian","tag-fotografa-del-ano-2026","tag-sony-world-photography-awards"],"_links":{"self":[{"href":"https:\/\/losperiodistas.com.mx\/portal\/wp-json\/wp\/v2\/posts\/121202","targetHints":{"allow":["GET"]}}],"collection":[{"href":"https:\/\/losperiodistas.com.mx\/portal\/wp-json\/wp\/v2\/posts"}],"about":[{"href":"https:\/\/losperiodistas.com.mx\/portal\/wp-json\/wp\/v2\/types\/post"}],"author":[{"embeddable":true,"href":"https:\/\/losperiodistas.com.mx\/portal\/wp-json\/wp\/v2\/users\/1"}],"replies":[{"embeddable":true,"href":"https:\/\/losperiodistas.com.mx\/portal\/wp-json\/wp\/v2\/comments?post=121202"}],"version-history":[{"count":1,"href":"https:\/\/losperiodistas.com.mx\/portal\/wp-json\/wp\/v2\/posts\/121202\/revisions"}],"predecessor-version":[{"id":121204,"href":"https:\/\/losperiodistas.com.mx\/portal\/wp-json\/wp\/v2\/posts\/121202\/revisions\/121204"}],"wp:featuredmedia":[{"embeddable":true,"href":"https:\/\/losperiodistas.com.mx\/portal\/wp-json\/wp\/v2\/media\/121203"}],"wp:attachment":[{"href":"https:\/\/losperiodistas.com.mx\/portal\/wp-json\/wp\/v2\/media?parent=121202"}],"wp:term":[{"taxonomy":"category","embeddable":true,"href":"https:\/\/losperiodistas.com.mx\/portal\/wp-json\/wp\/v2\/categories?post=121202"},{"taxonomy":"post_tag","embeddable":true,"href":"https:\/\/losperiodistas.com.mx\/portal\/wp-json\/wp\/v2\/tags?post=121202"}],"curies":[{"name":"wp","href":"https:\/\/api.w.org\/{rel}","templated":true}]}}