{"id":121188,"date":"2026-04-27T07:25:42","date_gmt":"2026-04-27T13:25:42","guid":{"rendered":"https:\/\/losperiodistas.com.mx\/portal\/?p=121188"},"modified":"2026-04-27T07:25:45","modified_gmt":"2026-04-27T13:25:45","slug":"los-carteles-no-existen-el-libro-que-desmonta-la-guerra-contra-el-narco-en-mexico-efe","status":"publish","type":"post","link":"https:\/\/losperiodistas.com.mx\/portal\/los-carteles-no-existen-el-libro-que-desmonta-la-guerra-contra-el-narco-en-mexico-efe\/","title":{"rendered":"\u2018Los c\u00e1rteles no existen\u2019, el libro que desmonta la \u201cguerra contra el narco\u201d en M\u00e9xico | EFE"},"content":{"rendered":"\n<figure class=\"wp-block-image size-full\"><img fetchpriority=\"high\" decoding=\"async\" width=\"900\" height=\"600\" src=\"https:\/\/losperiodistas.com.mx\/portal\/wp-content\/uploads\/2026\/04\/Mexico-carteles-1.jpeg\" alt=\"\" class=\"wp-image-121189\" srcset=\"https:\/\/losperiodistas.com.mx\/portal\/wp-content\/uploads\/2026\/04\/Mexico-carteles-1.jpeg 900w, https:\/\/losperiodistas.com.mx\/portal\/wp-content\/uploads\/2026\/04\/Mexico-carteles-1-300x200.jpeg 300w, https:\/\/losperiodistas.com.mx\/portal\/wp-content\/uploads\/2026\/04\/Mexico-carteles-1-768x512.jpeg 768w\" sizes=\"(max-width: 900px) 100vw, 900px\" \/><figcaption class=\"wp-element-caption\">El periodista mexicano Oswaldo Zavala posa durante una entrevista con EFE, en la Ciudad de M\u00e9xico (M\u00e9xico). EFE\/S\u00e1shenka Guti\u00e9rrez<\/figcaption><\/figure>\n\n\n\n<p class=\"has-vivid-red-color has-text-color has-link-color has-medium-font-size wp-elements-0759ce5047349eb57775f47daf951bf3\"><strong>Por Ana B\u00e1ez \/ EFE<\/strong><\/p>\n\n\n\n<p>Ciudad de M\u00e9xico (EFE).- Pol\u00edticos como Donald Trump saben que la sociedad y los medios de comunicaci\u00f3n \u201cnecesitan un concepto r\u00e1pido\u201d para explicar la violencia y a sus ejecutores. Por eso, t\u00e9rminos como \u201cnarcoterrorismo\u201d o \u201cguerra contra el narco\u201d son \u201cuna salida peligrosa\u201d con consecuencias visibles en las \u201cpol\u00edticas de intervenci\u00f3n en Venezuela y de exterminio en M\u00e9xico\u201d, asegur\u00f3 el periodista mexicano Oswaldo Zavala.<\/p>\n\n\n\n<p>\u201cQueremos una explicaci\u00f3n r\u00e1pida y, muchas veces, no la hay o es compleja. Por ejemplo, yo no la llamo \u2018guerra contra el narco\u2019; cada vez me inclino m\u00e1s por nombrarla \u2018pol\u00edtica de exterminio\u2019, ya que describe mejor los 460.000 homicidios resultantes de los delitos del crimen organizado en M\u00e9xico\u201d, explic\u00f3 Zavala (Ciudad Ju\u00e1rez, 1975) a EFE sobre la hip\u00f3tesis de su libro reeditado \u2018Los c\u00e1rteles no existen\u2019.<\/p>\n\n\n\n<h2 class=\"wp-block-heading\" id=\"h-los-carteles-una-trampa-discursiva\">Los c\u00e1rteles: una \u201ctrampa discursiva\u201d<\/h2>\n\n\n\n<p>En un contexto en el que el mandatario estadounidense, Donald Trump, insiste en utilizar a los c\u00e1rteles de la droga como blanco de su pol\u00edtica de intervenci\u00f3n -como lo hizo en enero con la \u201cmanufactura del Cartel de los Soles\u201d y la captura del presidente venezolano, Nicol\u00e1s Maduro, o cuando afirm\u00f3 que&nbsp;<a href=\"https:\/\/efe.com\/mundo\/2026-02-24\/mexico-denuncia-presidenta-sheinbaum-elon-musk-narco\/\">estos grupos gobiernan pa\u00edses como M\u00e9xico<\/a>-, es crucial entender que la \u201cpalabra c\u00e1rtel es una trampa discursiva\u201d.<\/p>\n\n\n\n<figure class=\"wp-block-image\"><img decoding=\"async\" src=\"https:\/\/i0.wp.com\/efe.com\/wp-content\/uploads\/2026\/04\/Mexico-carteles-2.webp?resize=980%2C725&amp;ssl=1\" alt=\"\u2018Los c\u00e1rteles no existen\u2019, el libro que desmonta la \u201cguerra contra el narco\u201d en M\u00e9xico\" class=\"wp-image-2638785\"\/><figcaption class=\"wp-element-caption\">El periodista mexicano Oswaldo Zavala, autor de \u2018Los c\u00e1rteles no existen\u2019, posa durante una entrevista con EFE, en la Ciudad de M\u00e9xico (M\u00e9xico). EFE\/S\u00e1shenka Guti\u00e9rrez<\/figcaption><\/figure>\n\n\n\n<p>A su juicio, este concepto, popularizado por la Administraci\u00f3n de Control de Drogas (DEA, por sus siglas en ingl\u00e9s) en la d\u00e9cada de 1980, es un \u201csignificante vac\u00edo\u201d que Washington utiliza a destajo para nombrar \u201ccualquier cosa\u201d: el robo de combustible, la extorsi\u00f3n o el terrorismo, con el pretexto de \u201cejercer presi\u00f3n diplom\u00e1tica\u201d, como ha ocurrido \u201ccon el asedio a la presidenta\u201d de M\u00e9xico, Claudia Sheinbaum.<\/p>\n\n\n\n<p>Explic\u00f3 que, frente a la intervenci\u00f3n militar de Venezuela, Sheinbaum \u201cevit\u00f3 que amenazas similares ocurrieran en el pa\u00eds\u201d cediendo a las presiones de la Casa Blanca y llevando a cabo el operativo militar en el que fue abatido en febrero El Mencho, capo del C\u00e1rtel Jalisco Nueva Generaci\u00f3n (CJNG) con inteligencia estadounidense.<\/p>\n\n\n\n<p>\u201cLa sociedad est\u00e1 distra\u00edda pensando que El Mencho o su hijo son los verdaderos problemas del pa\u00eds (\u2026) A m\u00ed me preocupa que EE.UU. est\u00e9 ofreciendo informaci\u00f3n para localizar a los capos de la droga en M\u00e9xico y los mande matar, como lo hizo en Colombia en 1990\u201d, advirti\u00f3.<\/p>\n\n\n\n<p>Esa actuaci\u00f3n por parte de la titular del Ejecutivo, destac\u00f3, es un ejemplo m\u00e1s de que \u201cnuestra soberan\u00eda siempre ha estado vulnerada y que, al igual que los c\u00e1rteles, no existe\u201d, pese a que este Gobierno y su canciller\u00eda recurren a ese concepto a nivel discursivo cada vez que&nbsp;<a href=\"https:\/\/efe.com\/mundo\/2025-07-16\/trump-mexico-carteles-narcotrafico-fentanilo-eeuu\/\">reciben una amenaza de Trump<\/a>.<\/p>\n\n\n\n<p><a href=\"https:\/\/efe.com\/mundo\/2026-03-14\/trump-sheinbaum-carteles\">https:\/\/efe.com\/mundo\/2026-03-14\/trump-sheinbaum-carteles<\/a><\/p>\n\n\n\n<p>Para el especialista en seguridad, la militarizaci\u00f3n del pa\u00eds y la intervenci\u00f3n de EE.UU. en operativos clave exhiben c\u00f3mo la mandataria sostiene la relaci\u00f3n binacional que M\u00e9xico ha mantenido con el pa\u00eds vecino desde la llamada \u201cguerra contra las drogas\u201d, iniciada por el expresidente Felipe Calder\u00f3n (2006-2012), un periodo que analiza en su libro.<\/p>\n\n\n\n<p>\u201cLamentablemente, esta posici\u00f3n de \u2018ceder\u2019, \u2018cooperar\u2019 o matar narcotraficantes es una estrategia que no rinde frutos, porque no puede saciar la demanda de violencia que exige Estados Unidos en Latinoam\u00e9rica; termina siendo un paliativo\u201d, admiti\u00f3.<\/p>\n\n\n\n<h2 class=\"wp-block-heading\" id=\"h-politica-de-exterminio\">Pol\u00edtica de exterminio<\/h2>\n\n\n\n<p>El investigador apunta en \u2018Los c\u00e1rteles no existen\u2019 que, detr\u00e1s de estas estrategias de intervenci\u00f3n -cuyo objetivo es \u201cextraer recursos\u201d, como se observa en la actual explotaci\u00f3n del petr\u00f3leo venezolano por empresas estadounidenses-, hay una \u201cpol\u00edtica de exterminio\u201d basada en&nbsp;<a href=\"https:\/\/efe.com\/mundo\/2025-11-14\/gobierno-mexico-ofensiva-carteles-michoacan\/\">la militarizaci\u00f3n de los pa\u00edses<\/a>, que se refleja en el aumento de las v\u00edctimas civiles mortales desde la d\u00e9cada de 1990.<\/p>\n\n\n\n<figure class=\"wp-block-image\"><img decoding=\"async\" src=\"https:\/\/i0.wp.com\/efe.com\/wp-content\/uploads\/2026\/04\/Mexico-carteles-3.webp?resize=900%2C600&amp;ssl=1\" alt=\"\u2018Los c\u00e1rteles no existen\u2019, el libro que desmonta la \u201cguerra contra el narco\u201d en M\u00e9xico\" class=\"wp-image-2638786\"\/><figcaption class=\"wp-element-caption\">El periodista mexicano Oswaldo Zavala, autor de \u2018Los c\u00e1rteles no existen\u2019, posa durante una entrevista con EFE, en la Ciudad de M\u00e9xico (M\u00e9xico). EFE\/S\u00e1shenka Guti\u00e9rrez<\/figcaption><\/figure>\n\n\n\n<p>\u201cHist\u00f3ricamente la \u2018guerra contra el narco\u2019, encabezada por EE.UU., ha servido para atacar minor\u00edas, para matar ambientalistas, a disidentes pol\u00edticos, a gente pobre y racializada\u201d, zanj\u00f3 Zavala, para quien las Fuerzas Armadas estadounidenses son tan corruptas como en M\u00e9xico: \u201clavan dinero, mueven drogas y asesinan\u201d.<\/p>\n\n\n\n<p>Zavala cuestiona el discurso en torno a la pol\u00edtica de drogas, pero tambi\u00e9n llama a repensar la militarizaci\u00f3n, la violencia sistem\u00e1tica y la corrupci\u00f3n en M\u00e9xico como un fen\u00f3meno que va m\u00e1s all\u00e1 de lo dom\u00e9stico y es transnacional, heredado principalmente del vecino del norte.<\/p>\n\n\n\n<p>Fuente: <a href=\"https:\/\/efe.com\/cultura\/2026-04-27\/mexico-libro-los-carteles-no-existen-guerra-narco\/\">https:\/\/efe.com\/cultura\/2026-04-27\/mexico-libro-los-carteles-no-existen-guerra-narco\/<\/a><\/p>\n","protected":false},"excerpt":{"rendered":"<p>Por Ana B\u00e1ez \/ EFE Ciudad de M\u00e9xico (EFE).- Pol\u00edticos como Donald Trump saben que la sociedad y los medios [&hellip;]<\/p>\n","protected":false},"author":1,"featured_media":121189,"comment_status":"open","ping_status":"open","sticky":false,"template":"","format":"standard","meta":{"site-sidebar-layout":"default","site-content-layout":"","ast-site-content-layout":"default","site-content-style":"default","site-sidebar-style":"default","ast-global-header-display":"","ast-banner-title-visibility":"","ast-main-header-display":"","ast-hfb-above-header-display":"","ast-hfb-below-header-display":"","ast-hfb-mobile-header-display":"","site-post-title":"","ast-breadcrumbs-content":"","ast-featured-img":"","footer-sml-layout":"","theme-transparent-header-meta":"","adv-header-id-meta":"","stick-header-meta":"","header-above-stick-meta":"","header-main-stick-meta":"","header-below-stick-meta":"","astra-migrate-meta-layouts":"default","ast-page-background-enabled":"default","ast-page-background-meta":{"desktop":{"background-color":"var(--ast-global-color-4)","background-image":"","background-repeat":"repeat","background-position":"center center","background-size":"auto","background-attachment":"scroll","background-type":"","background-media":"","overlay-type":"","overlay-color":"","overlay-opacity":"","overlay-gradient":""},"tablet":{"background-color":"","background-image":"","background-repeat":"repeat","background-position":"center center","background-size":"auto","background-attachment":"scroll","background-type":"","background-media":"","overlay-type":"","overlay-color":"","overlay-opacity":"","overlay-gradient":""},"mobile":{"background-color":"","background-image":"","background-repeat":"repeat","background-position":"center center","background-size":"auto","background-attachment":"scroll","background-type":"","background-media":"","overlay-type":"","overlay-color":"","overlay-opacity":"","overlay-gradient":""}},"ast-content-background-meta":{"desktop":{"background-color":"var(--ast-global-color-5)","background-image":"","background-repeat":"repeat","background-position":"center center","background-size":"auto","background-attachment":"scroll","background-type":"","background-media":"","overlay-type":"","overlay-color":"","overlay-opacity":"","overlay-gradient":""},"tablet":{"background-color":"var(--ast-global-color-5)","background-image":"","background-repeat":"repeat","background-position":"center center","background-size":"auto","background-attachment":"scroll","background-type":"","background-media":"","overlay-type":"","overlay-color":"","overlay-opacity":"","overlay-gradient":""},"mobile":{"background-color":"var(--ast-global-color-5)","background-image":"","background-repeat":"repeat","background-position":"center center","background-size":"auto","background-attachment":"scroll","background-type":"","background-media":"","overlay-type":"","overlay-color":"","overlay-opacity":"","overlay-gradient":""}},"footnotes":""},"categories":[8],"tags":[48591,41043,48590,10989],"class_list":["post-121188","post","type-post","status-publish","format-standard","has-post-thumbnail","hentry","category-noticias","tag-los-carteles-no-existen","tag-cartel-de-los-soles","tag-periodista-oswaldo-zavala","tag-trump"],"_links":{"self":[{"href":"https:\/\/losperiodistas.com.mx\/portal\/wp-json\/wp\/v2\/posts\/121188","targetHints":{"allow":["GET"]}}],"collection":[{"href":"https:\/\/losperiodistas.com.mx\/portal\/wp-json\/wp\/v2\/posts"}],"about":[{"href":"https:\/\/losperiodistas.com.mx\/portal\/wp-json\/wp\/v2\/types\/post"}],"author":[{"embeddable":true,"href":"https:\/\/losperiodistas.com.mx\/portal\/wp-json\/wp\/v2\/users\/1"}],"replies":[{"embeddable":true,"href":"https:\/\/losperiodistas.com.mx\/portal\/wp-json\/wp\/v2\/comments?post=121188"}],"version-history":[{"count":1,"href":"https:\/\/losperiodistas.com.mx\/portal\/wp-json\/wp\/v2\/posts\/121188\/revisions"}],"predecessor-version":[{"id":121190,"href":"https:\/\/losperiodistas.com.mx\/portal\/wp-json\/wp\/v2\/posts\/121188\/revisions\/121190"}],"wp:featuredmedia":[{"embeddable":true,"href":"https:\/\/losperiodistas.com.mx\/portal\/wp-json\/wp\/v2\/media\/121189"}],"wp:attachment":[{"href":"https:\/\/losperiodistas.com.mx\/portal\/wp-json\/wp\/v2\/media?parent=121188"}],"wp:term":[{"taxonomy":"category","embeddable":true,"href":"https:\/\/losperiodistas.com.mx\/portal\/wp-json\/wp\/v2\/categories?post=121188"},{"taxonomy":"post_tag","embeddable":true,"href":"https:\/\/losperiodistas.com.mx\/portal\/wp-json\/wp\/v2\/tags?post=121188"}],"curies":[{"name":"wp","href":"https:\/\/api.w.org\/{rel}","templated":true}]}}