{"id":121185,"date":"2026-04-27T05:59:25","date_gmt":"2026-04-27T11:59:25","guid":{"rendered":"https:\/\/losperiodistas.com.mx\/portal\/?p=121185"},"modified":"2026-04-27T05:59:27","modified_gmt":"2026-04-27T11:59:27","slug":"madrid-revienta-las-taquillas-san-isidro-cuelga-ya-ocho-carteles-de-no-hay-billetes-antes-de-empezar-la-razon","status":"publish","type":"post","link":"https:\/\/losperiodistas.com.mx\/portal\/madrid-revienta-las-taquillas-san-isidro-cuelga-ya-ocho-carteles-de-no-hay-billetes-antes-de-empezar-la-razon\/","title":{"rendered":"Madrid revienta las taquillas: San Isidro cuelga ya ocho carteles de \u00abNo hay billetes\u00bb antes de empezar | La Raz\u00f3n"},"content":{"rendered":"\n<h2 class=\"wp-block-heading\">La Feria de San Isidro 2026 camina directa hacia un registro hist\u00f3rico de asistencia. A quince d\u00edas del primer clar\u00edn, la Monumental de Las Ventas ya ha agotado el papel para ocho tardes<\/h2>\n\n\n\n<figure class=\"wp-block-image size-large\"><img fetchpriority=\"high\" decoding=\"async\" width=\"1024\" height=\"576\" src=\"https:\/\/losperiodistas.com.mx\/portal\/wp-content\/uploads\/2026\/04\/madrid-revienta-taquillas-san-isidro-cuelga-ocho-carteles-hay-billetes-antes-empezar_98-1024x576.jpeg\" alt=\"\" class=\"wp-image-121186\" title=\"Madrid revienta las taquillas: San Isidro cuelga ya ocho carteles de &quot;No hay billetes&quot; antes de empezar\" srcset=\"https:\/\/losperiodistas.com.mx\/portal\/wp-content\/uploads\/2026\/04\/madrid-revienta-taquillas-san-isidro-cuelga-ocho-carteles-hay-billetes-antes-empezar_98-1024x576.jpeg 1024w, https:\/\/losperiodistas.com.mx\/portal\/wp-content\/uploads\/2026\/04\/madrid-revienta-taquillas-san-isidro-cuelga-ocho-carteles-hay-billetes-antes-empezar_98-300x169.jpeg 300w, https:\/\/losperiodistas.com.mx\/portal\/wp-content\/uploads\/2026\/04\/madrid-revienta-taquillas-san-isidro-cuelga-ocho-carteles-hay-billetes-antes-empezar_98-768x432.jpeg 768w, https:\/\/losperiodistas.com.mx\/portal\/wp-content\/uploads\/2026\/04\/madrid-revienta-taquillas-san-isidro-cuelga-ocho-carteles-hay-billetes-antes-empezar_98-1536x864.jpeg 1536w, https:\/\/losperiodistas.com.mx\/portal\/wp-content\/uploads\/2026\/04\/madrid-revienta-taquillas-san-isidro-cuelga-ocho-carteles-hay-billetes-antes-empezar_98.jpeg 1900w\" sizes=\"(max-width: 1024px) 100vw, 1024px\" \/><figcaption class=\"wp-element-caption\"><strong>Madrid revienta las taquillas: San Isidro cuelga ya ocho carteles de \u00abNo hay billetes\u00bb antes de empezar<\/strong> | Plaza 1<\/figcaption><\/figure>\n\n\n\n<ul class=\"wp-block-list\">\n<li class=\"has-medium-font-size\"><strong><a href=\"https:\/\/www.larazon.es\/autores\/david-jaramillo\/\">David Jaramillo<\/a> \/ La Raz\u00f3n<\/strong><\/li>\n<\/ul>\n\n\n\n<p>La locura por el abono madrile\u00f1o no tiene freno. La empresa Plaza 1 ha anunciado que la corrida de Jandilla, programada para el pr\u00f3ximo 4 de junio,&nbsp;<a href=\"https:\/\/www.larazon.es\/cultura\/toros\/vas-quedar-fuera-san-isidro-arrasa-taquilla-mes-comienzo_2026041069d8f2059e87c91dbfefb87f.html\" target=\"_blank\" rel=\"noreferrer noopener\">ha colgado el octavo cartel de \u00abNo hay billetes\u00bb<\/a>&nbsp;de forma anticipada. Se trata de un hito significativo, ya que el festejo \u2014que cuenta con una terna de m\u00e1ximo inter\u00e9s formada por&nbsp;<strong>Emilio de Justo, Borja Jim\u00e9nez y V\u00edctor Hern\u00e1ndez<\/strong>\u2014 ha despachado todas sus localidades con m\u00e1s de un mes de antelaci\u00f3n, reflejando el hambre de toros que respira la capital.<\/p>\n\n\n\n<h2 class=\"wp-block-heading\">M\u00e1s Noticias<\/h2>\n\n\n\n<ul class=\"wp-block-list\">\n<li><a href=\"https:\/\/www.larazon.es\/cultura\/toros\/llegara-tiempo-morante-acorta-plazos-probable-reaparicion_2026042769ef03a1fc22f2299f77c73d.html\">Recuperaci\u00f3n\u00bfLlegar\u00e1 a tiempo? Morante acorta plazos para su probable reaparici\u00f3n<\/a><\/li>\n\n\n\n<li><a href=\"https:\/\/www.larazon.es\/cultura\/toros\/pavorosa-voltereta-luis-gerpe-ventas_2026042669ee7701749308005fa5f227.html\">Las VentasPavorosa voltereta de Luis Gerpe en Las Ventas<\/a><\/li>\n\n\n\n<li><a href=\"https:\/\/www.larazon.es\/cultura\/toros\/escribano-hace-trofeo-roman-impone-miura_2026042669ee6baa20f31556905aa2d9.html\">Feria de AbrilEscribano se hace con el trofeo y Rom\u00e1n se impone con la de Miura<\/a><\/li>\n<\/ul>\n\n\n\n<p><strong>Este nuevo lleno absoluto llega apenas unas horas despu\u00e9s de que los \u00absantacolomas\u00bb de La Quinta hicieran lo propio.&nbsp;<\/strong>La cita del s\u00e1bado 9 de mayo, apenas el segundo d\u00eda de feria, tambi\u00e9n ha agotado oficialmente sus entradas. La combinaci\u00f3n de Miguel \u00c1ngel Perera, Daniel Luque y Tom\u00e1s Rufo ha sido un im\u00e1n para los aficionados, asegurando un ambiente de gala para el primer fin de semana del ciclo isidril en un horario (19:00 h) que ya es tradici\u00f3n en la calle Alcal\u00e1.<\/p>\n\n\n\n<p>Pero la avalancha en las taquillas no se detiene aqu\u00ed. Seg\u00fan los \u00faltimos datos de venta, hay varias tardes que se encuentran a punto de agotar el papel.&nbsp;<strong>El festejo del 14 de mayo, con toros de El Parralejo para Sebasti\u00e1n Castella, Daniel Luque y David de Miranda, cuenta ya con menos de 200 entradas disponibles.<\/strong>&nbsp;Del mismo modo, el primer gran compromiso de Diego Ventura el s\u00e1bado 23 de mayo, junto a Andy Cartagena y Guillermo Hermoso de Mendoza, est\u00e1 a punto de agotar el papel con apenas dos centenares de entradas sobrantes.<\/p>\n\n\n\n<p>La tendencia indica que&nbsp;<a href=\"https:\/\/www.larazon.es\/tags\/feria-de-san-isidro\/\" target=\"_blank\" rel=\"noreferrer noopener\">San Isidro 2026<\/a>&nbsp;va camino de batir todos los r\u00e9cords de asistencia de la \u00faltima d\u00e9cada. El hecho de que ocho tardes tengan ya el aforo completo antes incluso de que se abran las puertas de la plaza el 8 de mayo, sit\u00faa a la feria en una dimensi\u00f3n econ\u00f3mica y social arrolladora.<strong>&nbsp;Los abonados y el p\u00fablico general han blindado las citas clave del calendario,&nbsp;<\/strong>dejando muy poco margen de maniobra para quienes esperen a \u00faltima hora para conseguir un hueco en los tendidos.<\/p>\n\n\n\n<p>Fuente: <a href=\"https:\/\/www.larazon.es\/cultura\/toros\/madrid-revienta-taquillas-san-isidro-cuelga-ocho-carteles-hay-billetes-antes-empezar_2026042769ef19e6f9883001d61da2cb.html#goog_rewarded\">https:\/\/www.larazon.es\/cultura\/toros\/madrid-revienta-taquillas-san-isidro-cuelga-ocho-carteles-hay-billetes-antes-empezar_2026042769ef19e6f9883001d61da2cb.html#goog_rewarded<\/a><\/p>\n","protected":false},"excerpt":{"rendered":"<p>La Feria de San Isidro 2026 camina directa hacia un registro hist\u00f3rico de asistencia. A quince d\u00edas del primer clar\u00edn, [&hellip;]<\/p>\n","protected":false},"author":1,"featured_media":121186,"comment_status":"open","ping_status":"open","sticky":false,"template":"","format":"standard","meta":{"site-sidebar-layout":"default","site-content-layout":"","ast-site-content-layout":"default","site-content-style":"default","site-sidebar-style":"default","ast-global-header-display":"","ast-banner-title-visibility":"","ast-main-header-display":"","ast-hfb-above-header-display":"","ast-hfb-below-header-display":"","ast-hfb-mobile-header-display":"","site-post-title":"","ast-breadcrumbs-content":"","ast-featured-img":"","footer-sml-layout":"","theme-transparent-header-meta":"","adv-header-id-meta":"","stick-header-meta":"","header-above-stick-meta":"","header-main-stick-meta":"","header-below-stick-meta":"","astra-migrate-meta-layouts":"default","ast-page-background-enabled":"default","ast-page-background-meta":{"desktop":{"background-color":"var(--ast-global-color-4)","background-image":"","background-repeat":"repeat","background-position":"center center","background-size":"auto","background-attachment":"scroll","background-type":"","background-media":"","overlay-type":"","overlay-color":"","overlay-opacity":"","overlay-gradient":""},"tablet":{"background-color":"","background-image":"","background-repeat":"repeat","background-position":"center center","background-size":"auto","background-attachment":"scroll","background-type":"","background-media":"","overlay-type":"","overlay-color":"","overlay-opacity":"","overlay-gradient":""},"mobile":{"background-color":"","background-image":"","background-repeat":"repeat","background-position":"center center","background-size":"auto","background-attachment":"scroll","background-type":"","background-media":"","overlay-type":"","overlay-color":"","overlay-opacity":"","overlay-gradient":""}},"ast-content-background-meta":{"desktop":{"background-color":"var(--ast-global-color-5)","background-image":"","background-repeat":"repeat","background-position":"center center","background-size":"auto","background-attachment":"scroll","background-type":"","background-media":"","overlay-type":"","overlay-color":"","overlay-opacity":"","overlay-gradient":""},"tablet":{"background-color":"var(--ast-global-color-5)","background-image":"","background-repeat":"repeat","background-position":"center center","background-size":"auto","background-attachment":"scroll","background-type":"","background-media":"","overlay-type":"","overlay-color":"","overlay-opacity":"","overlay-gradient":""},"mobile":{"background-color":"var(--ast-global-color-5)","background-image":"","background-repeat":"repeat","background-position":"center center","background-size":"auto","background-attachment":"scroll","background-type":"","background-media":"","overlay-type":"","overlay-color":"","overlay-opacity":"","overlay-gradient":""}},"footnotes":""},"categories":[8],"tags":[48588,25940,38499,48586,48587,48589],"class_list":["post-121185","post","type-post","status-publish","format-standard","has-post-thumbnail","hentry","category-noticias","tag-no-hay-billets","tag-borja-jimenez","tag-emilio-de-justo","tag-feria-de-san-isidro-2026","tag-plaza-monumental-de-las-ventas","tag-victor-hernandez"],"_links":{"self":[{"href":"https:\/\/losperiodistas.com.mx\/portal\/wp-json\/wp\/v2\/posts\/121185","targetHints":{"allow":["GET"]}}],"collection":[{"href":"https:\/\/losperiodistas.com.mx\/portal\/wp-json\/wp\/v2\/posts"}],"about":[{"href":"https:\/\/losperiodistas.com.mx\/portal\/wp-json\/wp\/v2\/types\/post"}],"author":[{"embeddable":true,"href":"https:\/\/losperiodistas.com.mx\/portal\/wp-json\/wp\/v2\/users\/1"}],"replies":[{"embeddable":true,"href":"https:\/\/losperiodistas.com.mx\/portal\/wp-json\/wp\/v2\/comments?post=121185"}],"version-history":[{"count":1,"href":"https:\/\/losperiodistas.com.mx\/portal\/wp-json\/wp\/v2\/posts\/121185\/revisions"}],"predecessor-version":[{"id":121187,"href":"https:\/\/losperiodistas.com.mx\/portal\/wp-json\/wp\/v2\/posts\/121185\/revisions\/121187"}],"wp:featuredmedia":[{"embeddable":true,"href":"https:\/\/losperiodistas.com.mx\/portal\/wp-json\/wp\/v2\/media\/121186"}],"wp:attachment":[{"href":"https:\/\/losperiodistas.com.mx\/portal\/wp-json\/wp\/v2\/media?parent=121185"}],"wp:term":[{"taxonomy":"category","embeddable":true,"href":"https:\/\/losperiodistas.com.mx\/portal\/wp-json\/wp\/v2\/categories?post=121185"},{"taxonomy":"post_tag","embeddable":true,"href":"https:\/\/losperiodistas.com.mx\/portal\/wp-json\/wp\/v2\/tags?post=121185"}],"curies":[{"name":"wp","href":"https:\/\/api.w.org\/{rel}","templated":true}]}}