{"id":121182,"date":"2026-04-26T23:05:34","date_gmt":"2026-04-27T05:05:34","guid":{"rendered":"https:\/\/losperiodistas.com.mx\/portal\/?p=121182"},"modified":"2026-04-26T23:05:37","modified_gmt":"2026-04-27T05:05:37","slug":"morena-convoca-a-congreso-nacional-extraordinario-el-3-de-mayo-renovara-dirigencia-y-secretaria-de-finanzas-el-universal","status":"publish","type":"post","link":"https:\/\/losperiodistas.com.mx\/portal\/morena-convoca-a-congreso-nacional-extraordinario-el-3-de-mayo-renovara-dirigencia-y-secretaria-de-finanzas-el-universal\/","title":{"rendered":"Morena convoca a Congreso Nacional Extraordinario el 3 de mayo; renovar\u00e1 dirigencia y secretar\u00eda de finanzas | El Universal"},"content":{"rendered":"\n<p>El encuentro se perfila como un momento relevante para el partido<\/p>\n\n\n\n<figure class=\"wp-block-image size-large\"><img fetchpriority=\"high\" decoding=\"async\" width=\"1024\" height=\"631\" src=\"https:\/\/losperiodistas.com.mx\/portal\/wp-content\/uploads\/2026\/04\/LuisaMariaRenovacionMorena-1024x631.png\" alt=\"\" class=\"wp-image-121183\" srcset=\"https:\/\/losperiodistas.com.mx\/portal\/wp-content\/uploads\/2026\/04\/LuisaMariaRenovacionMorena-1024x631.png 1024w, https:\/\/losperiodistas.com.mx\/portal\/wp-content\/uploads\/2026\/04\/LuisaMariaRenovacionMorena-300x185.png 300w, https:\/\/losperiodistas.com.mx\/portal\/wp-content\/uploads\/2026\/04\/LuisaMariaRenovacionMorena-768x473.png 768w, https:\/\/losperiodistas.com.mx\/portal\/wp-content\/uploads\/2026\/04\/LuisaMariaRenovacionMorena.png 1351w\" sizes=\"(max-width: 1024px) 100vw, 1024px\" \/><figcaption class=\"wp-element-caption\">Luisa Mar\u00eda Alcalde Luj\u00e1n, presidenta nacional de Morena, en una imagen de archivo. Foto: Especial<\/figcaption><\/figure>\n\n\n\n<p class=\"has-vivid-red-color has-text-color has-link-color wp-elements-6ccfc50c53690136a147f7b0f9da3137\">Alejandra Ortiz \/ El Universal<\/p>\n\n\n\n<p>El Comit\u00e9 Ejecutivo Nacional (CEN) de Morena aprob\u00f3 por unanimidad la convocatoria para la realizaci\u00f3n del VIII <strong>Congreso Nacional Extraordinario<\/strong> del partido, que se llevar\u00e1 a cabo el pr\u00f3ximo domingo 3 de mayo a las 11:00 horas en el World Trade Center de la Ciudad de M\u00e9xico.<\/p>\n\n\n\n<p>De acuerdo con el comunicado, el encuentro tendr\u00e1 como eje central la renovaci\u00f3n de su dirigencia nacional, que hab\u00eda sido presidida por <strong>Luisa Mar\u00eda Alcalde Luj\u00e1n<\/strong> y que dej\u00f3 para ocupar el cargo de Consejera Jur\u00eddica del Gobierno de M\u00e9xico por invitaci\u00f3n de la presidenta Claudia Sheinbaum.<\/p>\n\n\n\n<p>Asimismo, se inform\u00f3 que tambi\u00e9n se renovar\u00e1 <strong>Secretar\u00eda de Finanzas <\/strong>del Comit\u00e9 Ejecutivo Nacional.<\/p>\n\n\n\n<p>Ambos puestos, informan, tendr\u00e1n vigencia del 03 de mayo de 2026 al 10 de octubre de 2027.<\/p>\n\n\n\n<p>Tras diversos cambios en el partido, el encuentro se perfila como un momento relevante para Morena, en el que se definir\u00e1n cambios organizativos y de liderazgo rumbo a los pr\u00f3ximos desaf\u00edos pol\u00edticos en el 2027.<\/p>\n\n\n\n<h2 class=\"wp-block-heading\">Citlalli Hern\u00e1ndez deja la Secretar\u00eda de las Mujeres<\/h2>\n\n\n\n<p>El pasado 16 de abril, Sheinbaum inform\u00f3 que <strong>Citlalli Hern\u00e1ndez <\/strong>present\u00f3 su renuncia a la Secretar\u00eda de Mujeres para irse a \u201cuna tarea especial\u201d en Morena, de cara a las elecciones de 2027.<\/p>\n\n\n\n<p>Dos d\u00edas despu\u00e9s, la entonces dirigente nacional de Morena, Luisa Alcalde, inform\u00f3 que Hern\u00e1ndez se desempe\u00f1ar\u00e1 como presidenta de la Comisi\u00f3n Nacional de Elecciones del partido.<\/p>\n\n\n\n<p>Hecho es relacionado con Ariadna Montiel, a quien apuntan a ocupar la dirigencia de Morena, siguiendo los pasos de la exsecretaria de mujeres.<\/p>\n\n\n\n<h2 class=\"wp-block-heading\">Ariadna Montiel evita hablar de ocupar dirigencia<\/h2>\n\n\n\n<p>La titular de la Secretar\u00eda de Bienestar, <strong>Ariadna Montiel Reyes<\/strong>, rechaz\u00f3 hablar sobre el inter\u00e9s en ocupar la dirigencia del partido.<\/p>\n\n\n\n<p>Durante su gira por Hidalgo acompa\u00f1ando a la Presidenta para atenci\u00f3n para personas afectadas por lluvias severas ocurridas el a\u00f1o pasado, declar\u00f3: \u00abNo vamos a dar ninguna declaraci\u00f3n, gracias. Ya venimos a informar del plan, de lo que hemos en la atenci\u00f3n a la emergencia por las lluvias\u00bb.<\/p>\n\n\n\n<p>Fuente: <a href=\"https:\/\/www.eluniversal.com.mx\/nacion\/morena-convoca-a-congreso-nacional-extraordinario-el-3-de-mayo-renovara-dirigencia-y-secretaria-de-finanzas\/\" target=\"_blank\" rel=\"noreferrer noopener\">El Universal<\/a><\/p>\n","protected":false},"excerpt":{"rendered":"<p>El encuentro se perfila como un momento relevante para el partido<\/p>\n","protected":false},"author":1,"featured_media":121183,"comment_status":"open","ping_status":"open","sticky":false,"template":"","format":"standard","meta":{"site-sidebar-layout":"default","site-content-layout":"","ast-site-content-layout":"default","site-content-style":"default","site-sidebar-style":"default","ast-global-header-display":"","ast-banner-title-visibility":"","ast-main-header-display":"","ast-hfb-above-header-display":"","ast-hfb-below-header-display":"","ast-hfb-mobile-header-display":"","site-post-title":"","ast-breadcrumbs-content":"","ast-featured-img":"","footer-sml-layout":"","theme-transparent-header-meta":"","adv-header-id-meta":"","stick-header-meta":"","header-above-stick-meta":"","header-main-stick-meta":"","header-below-stick-meta":"","astra-migrate-meta-layouts":"default","ast-page-background-enabled":"default","ast-page-background-meta":{"desktop":{"background-color":"var(--ast-global-color-4)","background-image":"","background-repeat":"repeat","background-position":"center center","background-size":"auto","background-attachment":"scroll","background-type":"","background-media":"","overlay-type":"","overlay-color":"","overlay-opacity":"","overlay-gradient":""},"tablet":{"background-color":"","background-image":"","background-repeat":"repeat","background-position":"center center","background-size":"auto","background-attachment":"scroll","background-type":"","background-media":"","overlay-type":"","overlay-color":"","overlay-opacity":"","overlay-gradient":""},"mobile":{"background-color":"","background-image":"","background-repeat":"repeat","background-position":"center center","background-size":"auto","background-attachment":"scroll","background-type":"","background-media":"","overlay-type":"","overlay-color":"","overlay-opacity":"","overlay-gradient":""}},"ast-content-background-meta":{"desktop":{"background-color":"var(--ast-global-color-5)","background-image":"","background-repeat":"repeat","background-position":"center center","background-size":"auto","background-attachment":"scroll","background-type":"","background-media":"","overlay-type":"","overlay-color":"","overlay-opacity":"","overlay-gradient":""},"tablet":{"background-color":"var(--ast-global-color-5)","background-image":"","background-repeat":"repeat","background-position":"center center","background-size":"auto","background-attachment":"scroll","background-type":"","background-media":"","overlay-type":"","overlay-color":"","overlay-opacity":"","overlay-gradient":""},"mobile":{"background-color":"var(--ast-global-color-5)","background-image":"","background-repeat":"repeat","background-position":"center center","background-size":"auto","background-attachment":"scroll","background-type":"","background-media":"","overlay-type":"","overlay-color":"","overlay-opacity":"","overlay-gradient":""}},"footnotes":""},"categories":[8],"tags":[10946,29065,48582,19505,247,30262,48583],"class_list":["post-121182","post","type-post","status-publish","format-standard","has-post-thumbnail","hentry","category-noticias","tag-ariadna-montiel","tag-citlalli-hernandez","tag-congreso-nacional-extraordinario","tag-luisa-maria-alcalde","tag-morena","tag-renovacion-de-dirigencia","tag-secretaria-de-finanzas"],"_links":{"self":[{"href":"https:\/\/losperiodistas.com.mx\/portal\/wp-json\/wp\/v2\/posts\/121182","targetHints":{"allow":["GET"]}}],"collection":[{"href":"https:\/\/losperiodistas.com.mx\/portal\/wp-json\/wp\/v2\/posts"}],"about":[{"href":"https:\/\/losperiodistas.com.mx\/portal\/wp-json\/wp\/v2\/types\/post"}],"author":[{"embeddable":true,"href":"https:\/\/losperiodistas.com.mx\/portal\/wp-json\/wp\/v2\/users\/1"}],"replies":[{"embeddable":true,"href":"https:\/\/losperiodistas.com.mx\/portal\/wp-json\/wp\/v2\/comments?post=121182"}],"version-history":[{"count":1,"href":"https:\/\/losperiodistas.com.mx\/portal\/wp-json\/wp\/v2\/posts\/121182\/revisions"}],"predecessor-version":[{"id":121184,"href":"https:\/\/losperiodistas.com.mx\/portal\/wp-json\/wp\/v2\/posts\/121182\/revisions\/121184"}],"wp:featuredmedia":[{"embeddable":true,"href":"https:\/\/losperiodistas.com.mx\/portal\/wp-json\/wp\/v2\/media\/121183"}],"wp:attachment":[{"href":"https:\/\/losperiodistas.com.mx\/portal\/wp-json\/wp\/v2\/media?parent=121182"}],"wp:term":[{"taxonomy":"category","embeddable":true,"href":"https:\/\/losperiodistas.com.mx\/portal\/wp-json\/wp\/v2\/categories?post=121182"},{"taxonomy":"post_tag","embeddable":true,"href":"https:\/\/losperiodistas.com.mx\/portal\/wp-json\/wp\/v2\/tags?post=121182"}],"curies":[{"name":"wp","href":"https:\/\/api.w.org\/{rel}","templated":true}]}}