{"id":121164,"date":"2026-04-26T20:32:53","date_gmt":"2026-04-27T02:32:53","guid":{"rendered":"https:\/\/losperiodistas.com.mx\/portal\/?p=121164"},"modified":"2026-04-26T20:32:55","modified_gmt":"2026-04-27T02:32:55","slug":"trump-tardo-en-ser-evacuado-durante-el-ataque-de-la-cena-de-corresponsales-porque-queria-ver-que-estaba-pasando-el-pais","status":"publish","type":"post","link":"https:\/\/losperiodistas.com.mx\/portal\/trump-tardo-en-ser-evacuado-durante-el-ataque-de-la-cena-de-corresponsales-porque-queria-ver-que-estaba-pasando-el-pais\/","title":{"rendered":"Trump tard\u00f3 en ser evacuado durante el ataque de la cena de corresponsales porque \u201cquer\u00eda ver qu\u00e9 estaba pasando\u201d | El Pa\u00eds"},"content":{"rendered":"\n<p>El presidente de Estados Unidos habla sobre su experiencia durante el tiroteo en el Hilton de Washington en una entrevista con el programa \u201860 Minutes\u2019<\/p>\n\n\n\n<figure class=\"wp-block-image size-large\"><img fetchpriority=\"high\" decoding=\"async\" width=\"1024\" height=\"611\" src=\"https:\/\/losperiodistas.com.mx\/portal\/wp-content\/uploads\/2026\/04\/TrumpDespuesCena-1024x611.png\" alt=\"\" class=\"wp-image-121165\" srcset=\"https:\/\/losperiodistas.com.mx\/portal\/wp-content\/uploads\/2026\/04\/TrumpDespuesCena-1024x611.png 1024w, https:\/\/losperiodistas.com.mx\/portal\/wp-content\/uploads\/2026\/04\/TrumpDespuesCena-300x179.png 300w, https:\/\/losperiodistas.com.mx\/portal\/wp-content\/uploads\/2026\/04\/TrumpDespuesCena-768x458.png 768w, https:\/\/losperiodistas.com.mx\/portal\/wp-content\/uploads\/2026\/04\/TrumpDespuesCena.png 1413w\" sizes=\"(max-width: 1024px) 100vw, 1024px\" \/><figcaption class=\"wp-element-caption\">Donald Trumo en entrevista para 60 Minutes, este domingo.<\/figcaption><\/figure>\n\n\n\n<p class=\"has-vivid-red-color has-text-color has-link-color wp-elements-91273119ab50938d52d0d61bb823c25b\">Iker Seisdedos \/ El Pa\u00eds<\/p>\n\n\n\n<p>Cuando en julio de 2024 sobrevivi\u00f3 a un atentado en un mitin al aire libre en Butler (Pensilvania),\u00a0el presidente de Estados Unidos, Donald Trump, entonces candidato republicano a las presidenciales del siguiente mes de noviembre, tard\u00f3 cinco d\u00edas en contar en la Convenci\u00f3n Nacional Republicana lo que hab\u00eda sentido cuando la bala de un francotirador le roz\u00f3 la oreja derecha.<\/p>\n\n\n\n<p>El ataque de este s\u00e1bado en la Cena de Corresponsales de la Casa Blanca no puede compararse a aquel; hubo disparos, pero fueron una planta m\u00e1s arriba del sal\u00f3n del hotel Hilton en el que Trump estaba. Tampoco en el tiempo que presidente se ha dado para contar lo que vivi\u00f3 cuando el Servicio Secreto le evacu\u00f3 despu\u00e9s de que los 2.500 asistentes a la gala escucharan como \u00e9l el sonido de las balas.<\/p>\n\n\n\n<p>Ese mismo s\u00e1bado por la noche dio una conferencia de prensa de urgencia para los reporteros de la Casa Blanca, los mismos que participaban en la cena que interrumpi\u00f3\u00a0Cole Allen Thomas\u00a0al tratar de entrar en el per\u00edmetro de seguridad armado con una escopeta, un arma y varios cuchillos para matar, como dej\u00f3 escrito en una especie de manifiesto, al mayor n\u00famero posible de funcionarios del Gobierno, \u201cde mayor o menor rango\u201d.<\/p>\n\n\n\n<p>El domingo por la ma\u00f1ana, Trump habl\u00f3 por tel\u00e9fono con Fox News para decir algo que est\u00e1 por ver: que lo que movi\u00f3 a Allen fue el \u201codio contra los cristianos\u201d. El d\u00eda acab\u00f3 con una entrevista en el programa 60 Minutes, de CBS News.<\/p>\n\n\n\n<p>En ese foro, el presidente de Estados Unidos describi\u00f3 el momento en que fue evacuado apresuradamente de la Cena de Corresponsales de la Casa Blanca. Dijo, abundando en la postura de las horas anteriores de defender al Servicio Secreto de las dudas sobre la eficacia de la seguridad de la gala, que fue \u00e9l el que no se lo puso \u201cnada f\u00e1cil\u201d a los agentes que corrieron a escoltarlo hacia la salida. \u201cQuer\u00eda ver qu\u00e9 estaba pasando\u201d, a\u00f1adi\u00f3.<\/p>\n\n\n\n<p>Pasaron 10 segundos antes de que llegaran esos agente; 20, hasta que se lo llevaron. \u201cNos pidieron que nos tir\u00e1ramos al suelo; pretend\u00edan casi que avanz\u00e1ramos a rastras&#8230; Comenc\u00e9 a salir caminando \u2014bastante erguido, aunque un poco encorvado, pues, ya sabe, no quer\u00eda llamar la atenci\u00f3n\u2014; llevaba ya recorrido cerca de la mitad del camino cuando me dijeron: \u2018Por favor, t\u00edrese al suelo. Por favor, t\u00edrese al suelo\u2019. As\u00ed que me dej\u00e9 caer al piso\u00bb, explic\u00f3 Trump, que dijo, en referencia a los dos atentados a los que sobrevivi\u00f3 durante la campa\u00f1a que lo devolvi\u00f3 al poder, que mantuvo la calma por que ya ha \u201cpasado por esto un par de veces antes\u201d.<\/p>\n\n\n\n<p>\u201c\u00bfCu\u00e1n preocupado estaba usted ante la perspectiva de que hubiera heridos?\u201c, le pregunt\u00f3 la periodista Norah O\u2019Donnell en la Casa Blanca. \u201dNo estaba preocupado. Entiendo la vida en este mundo loco\u00bb, respondi\u00f3. El presidente de Estados Unidos tambi\u00e9n dijo que cre\u00eda la primera dama, Melania Trump, se dio cuenta antes que \u00e9l que probablemente se tratara de una bala y no, como pens\u00f3 \u00e9l, de \u201cuna bandeja de platos que hubiera ca\u00eddo al suelo\u201d.<\/p>\n\n\n\n<p>Tras el mensaje de unidad lanzado en la conferencia de prensa del s\u00e1bado, en la que mostr\u00f3 una sinton\u00eda mayor de la habitual con la prensa, volvi\u00f3 el Trump de siempre. \u00bfCambiar\u00e1 este suceso su relaci\u00f3n con los medios? No, dijo. \u201cDiscrepamos en muchos temas. No es tanto la prensa; es la prensa m\u00e1s los dem\u00f3cratas, porque son casi lo mismo\u201d, a\u00f1adi\u00f3.<\/p>\n\n\n\n<p>Aunque la parte m\u00e1s dura lleg\u00f3 cuando O\u2019Donnell le ley\u00f3 una parte de\u00a0un manifiesto escrito por Allen, que mand\u00f3 a miembros de su familia poco antes del tiroteo. Es la parte en la que el sospechoso escribe: \u201cYa no estoy dispuesto a permitir que un ped\u00f3filo, violador y traidor ensucie mis manos con sus cr\u00edmenes\u201d.<\/p>\n\n\n\n<p>Ante la lectura de esas palabras, Trump reaccion\u00f3 con dureza contra la periodista. \u201cEstaba esperando que leyera eso \u2014sab\u00eda que lo har\u00eda\u2014, porque ustedes son&#8230; son gente horrible. Gente horrible. S\u00ed, \u00e9l escribi\u00f3 eso. Yo no soy un violador. \u00bfViolar a qui\u00e9n? Tampoco soy un ped\u00f3filo. Usted lee esa basura de alguna persona enferma, pero son cosas que no tienen absolutamente nada que ver conmigo. Fui totalmente exonerado.<\/p>\n\n\n\n<p>Sus amigos del otro lado del espectro pol\u00edtico son los que estuvieron involucrados con [el millonario Jeffrey] Epstein\u00bb, dijo, en referencia a los dem\u00f3cratas. \u201cDeber\u00eda avergonzarse de s\u00ed misma por leer esas cosas, porque yo no soy ninguna de esas cosas. No deber\u00eda estar leyendo eso en\u00a0<em>60 Minutes<\/em>. Es una verg\u00fcenza; pero adelante. Terminemos la entrevista\u00bb.<\/p>\n\n\n\n<p>Esta acab\u00f3 con el presidente pidiendo a la reportera que insistiera a sus compa\u00f1eros de la Asociaci\u00f3n de Corresponsales de la Casa Blanca, organizadora de la gala, que la organizaran de nuevo en un plazo de 30 d\u00edas. \u201cHabr\u00e1 a\u00fan m\u00e1s seguridad \u2014una seguridad perimetral reforzada\u2014 y todo saldr\u00e1 bien. Pero diles que lo hagan de nuevo. No podemos permitir que suceda algo as\u00ed, que alguien como ese tipo decida que algo no va a celebrarse. Estoy muy ocupado, pero creo que es sumamente importante que lo hagan otra vez\u00bb, sentenci\u00f3.<\/p>\n\n\n\n<p>Fuente: <a href=\"https:\/\/elpais.com\/internacional\/2026-04-26\/trump-dice-que-tardo-en-ser-evacuado-durante-el-ataque-de-la-cena-de-corresponsales-porque-queria-ver-que-estaba-pasando.html\" target=\"_blank\" rel=\"noreferrer noopener\">El Pa\u00eds<\/a><\/p>\n","protected":false},"excerpt":{"rendered":"<p>El presidente de Estados Unidos habla sobre su experiencia durante el tiroteo en el Hilton de Washington en una entrevista con el programa \u201860 Minutes\u2019 <\/p>\n","protected":false},"author":1,"featured_media":121165,"comment_status":"open","ping_status":"open","sticky":false,"template":"","format":"standard","meta":{"site-sidebar-layout":"default","site-content-layout":"","ast-site-content-layout":"default","site-content-style":"default","site-sidebar-style":"default","ast-global-header-display":"","ast-banner-title-visibility":"","ast-main-header-display":"","ast-hfb-above-header-display":"","ast-hfb-below-header-display":"","ast-hfb-mobile-header-display":"","site-post-title":"","ast-breadcrumbs-content":"","ast-featured-img":"","footer-sml-layout":"","theme-transparent-header-meta":"","adv-header-id-meta":"","stick-header-meta":"","header-above-stick-meta":"","header-main-stick-meta":"","header-below-stick-meta":"","astra-migrate-meta-layouts":"default","ast-page-background-enabled":"default","ast-page-background-meta":{"desktop":{"background-color":"var(--ast-global-color-4)","background-image":"","background-repeat":"repeat","background-position":"center center","background-size":"auto","background-attachment":"scroll","background-type":"","background-media":"","overlay-type":"","overlay-color":"","overlay-opacity":"","overlay-gradient":""},"tablet":{"background-color":"","background-image":"","background-repeat":"repeat","background-position":"center center","background-size":"auto","background-attachment":"scroll","background-type":"","background-media":"","overlay-type":"","overlay-color":"","overlay-opacity":"","overlay-gradient":""},"mobile":{"background-color":"","background-image":"","background-repeat":"repeat","background-position":"center center","background-size":"auto","background-attachment":"scroll","background-type":"","background-media":"","overlay-type":"","overlay-color":"","overlay-opacity":"","overlay-gradient":""}},"ast-content-background-meta":{"desktop":{"background-color":"var(--ast-global-color-5)","background-image":"","background-repeat":"repeat","background-position":"center center","background-size":"auto","background-attachment":"scroll","background-type":"","background-media":"","overlay-type":"","overlay-color":"","overlay-opacity":"","overlay-gradient":""},"tablet":{"background-color":"var(--ast-global-color-5)","background-image":"","background-repeat":"repeat","background-position":"center center","background-size":"auto","background-attachment":"scroll","background-type":"","background-media":"","overlay-type":"","overlay-color":"","overlay-opacity":"","overlay-gradient":""},"mobile":{"background-color":"var(--ast-global-color-5)","background-image":"","background-repeat":"repeat","background-position":"center center","background-size":"auto","background-attachment":"scroll","background-type":"","background-media":"","overlay-type":"","overlay-color":"","overlay-opacity":"","overlay-gradient":""}},"footnotes":""},"categories":[8],"tags":[48538,5257,48574,41979,25730],"class_list":["post-121164","post","type-post","status-publish","format-standard","has-post-thumbnail","hentry","category-noticias","tag-cena-de-corresponsales","tag-donald-trump","tag-evacuacion","tag-hilton","tag-washington"],"_links":{"self":[{"href":"https:\/\/losperiodistas.com.mx\/portal\/wp-json\/wp\/v2\/posts\/121164","targetHints":{"allow":["GET"]}}],"collection":[{"href":"https:\/\/losperiodistas.com.mx\/portal\/wp-json\/wp\/v2\/posts"}],"about":[{"href":"https:\/\/losperiodistas.com.mx\/portal\/wp-json\/wp\/v2\/types\/post"}],"author":[{"embeddable":true,"href":"https:\/\/losperiodistas.com.mx\/portal\/wp-json\/wp\/v2\/users\/1"}],"replies":[{"embeddable":true,"href":"https:\/\/losperiodistas.com.mx\/portal\/wp-json\/wp\/v2\/comments?post=121164"}],"version-history":[{"count":1,"href":"https:\/\/losperiodistas.com.mx\/portal\/wp-json\/wp\/v2\/posts\/121164\/revisions"}],"predecessor-version":[{"id":121166,"href":"https:\/\/losperiodistas.com.mx\/portal\/wp-json\/wp\/v2\/posts\/121164\/revisions\/121166"}],"wp:featuredmedia":[{"embeddable":true,"href":"https:\/\/losperiodistas.com.mx\/portal\/wp-json\/wp\/v2\/media\/121165"}],"wp:attachment":[{"href":"https:\/\/losperiodistas.com.mx\/portal\/wp-json\/wp\/v2\/media?parent=121164"}],"wp:term":[{"taxonomy":"category","embeddable":true,"href":"https:\/\/losperiodistas.com.mx\/portal\/wp-json\/wp\/v2\/categories?post=121164"},{"taxonomy":"post_tag","embeddable":true,"href":"https:\/\/losperiodistas.com.mx\/portal\/wp-json\/wp\/v2\/tags?post=121164"}],"curies":[{"name":"wp","href":"https:\/\/api.w.org\/{rel}","templated":true}]}}