{"id":121157,"date":"2026-04-26T11:56:32","date_gmt":"2026-04-26T17:56:32","guid":{"rendered":"https:\/\/losperiodistas.com.mx\/portal\/?p=121157"},"modified":"2026-04-26T16:37:11","modified_gmt":"2026-04-26T22:37:11","slug":"la-cuna-de-sheinbaum","status":"publish","type":"post","link":"https:\/\/losperiodistas.com.mx\/portal\/la-cuna-de-sheinbaum\/","title":{"rendered":"La \u00abcu\u00f1a\u00bb de Sheinbaum"},"content":{"rendered":"\n<p class=\"has-ast-global-color-4-background-color has-background has-medium-font-size\">#PorSoleares | Mensaje para los \u201cadelantados\u201d, Olivia Salom\u00f3n la cu\u00f1a de Sheinbaum<\/p>\n\n\n\n<figure class=\"wp-block-embed is-type-video is-provider-youtube wp-block-embed-youtube wp-embed-aspect-16-9 wp-has-aspect-ratio\"><div class=\"wp-block-embed__wrapper\">\n<iframe title=\"La &quot;cu\u00f1a de Sheinbaum |  Abril 26 de 2026\" width=\"500\" height=\"281\" src=\"https:\/\/www.youtube.com\/embed\/OC_08Xzl2gw?feature=oembed\" frameborder=\"0\" allow=\"accelerometer; autoplay; clipboard-write; encrypted-media; gyroscope; picture-in-picture; web-share\" referrerpolicy=\"strict-origin-when-cross-origin\" allowfullscreen><\/iframe>\n<\/div><\/figure>\n\n\n\n<p><\/p>\n\n\n\n<p><\/p>\n\n\n\n<p class=\"has-vivid-red-color has-text-color has-link-color has-medium-font-size wp-elements-aba772fb572aeca9b6eca77114fb8c80\"><strong><em>Por Jes\u00fas Manuel Hern\u00e1ndez<\/em><\/strong><\/p>\n\n\n\n<p>Desde hace algunos meses al interior de MORENA en M\u00e9xico se vienen cuestionando algunos asuntos respecto a c\u00f3mo se van decantando los grupos poblanos en torno a las elecciones del 2027.<\/p>\n\n\n\n<p>Hay una constante en los comentarios <strong>\u201cse debe privilegiar un perfil morenista\u201d<\/strong>. Y es que, para los cr\u00edticos, los observadores de lo que sucede, los morenistas originales han sido desplazados por los antiguos priistas. En su defensa, otros consideran que los ex militantes del tricolor reflexionaron y cambiaron a tiempo para colaborar con la \u201ctransformaci\u00f3n de M\u00e9xico\u201d.<\/p>\n\n\n\n<p>El problema, dicen los cr\u00edticos, es que no bast\u00f3 con reflexionar y firmar su afiliaci\u00f3n al movimiento, por desgracia en algunos casos, <strong>las ma\u00f1as, las malas costumbres, los estilos del viejo sistema<\/strong>, se mudaron tambi\u00e9n, es decir se pusieron el chaleco morado, pero la camiseta a\u00fan guarda manchas del viejo PRI.<\/p>\n\n\n\n<p>Todo esto, parece ser, est\u00e1 en la mesa de las decisiones sobre qui\u00e9nes deben integrar las listas de precandidatos a diputados federales y presidencias municipales, importantes, como la de la capital, la joya del estado.<\/p>\n\n\n\n<p>Cada grupo pol\u00edtico siembra sus aspirantes, los promueve, los balconea, mide fuerzas con su oponente y as\u00ed se va decantando la decisi\u00f3n final.<\/p>\n\n\n\n<p>Pero he aqu\u00ed que la pluma de Raymundo Riva Palacio solt\u00f3 el nombre de <strong>Olivia Salom\u00f3n Vivaldo<\/strong>, directora de la Loter\u00eda Nacional, como <strong>la \u201ccu\u00f1a\u201d<\/strong> para las listas por Puebla.<\/p>\n\n\n\n<p>Y entonces el gallinero se alborot\u00f3. \u00bfA qu\u00e9 grupo pertenece Olivia? \u00bfQui\u00e9nes son sus promotores? \u00bfC\u00f3mo se involucr\u00f3 en el equipo de Claudia Sheinbaum? \u00bfQu\u00e9 grupos locales se identifican con ella y qui\u00e9nes est\u00e1n abiertamente en contra?<\/p>\n\n\n\n<p>Habr\u00e1 que observar los movimientos de los <strong>\u201cadelantados\u201d,<\/strong> pues bien dice el refr\u00e1n \u201cno por mucho madrugar amanece m\u00e1s temprano\u201d.<\/p>\n\n\n\n<p>O por lo menos, as\u00ed me lo parece.<\/p>\n\n\n\n<p><a href=\"mailto:losperiodistas.com.mx@gmail.com\">losperiodistas.com.mx@gmail.com<\/a><\/p>\n","protected":false},"excerpt":{"rendered":"<p>#PorSoleares | Mensaje para los \u201cadelantados\u201d, Olivia Salom\u00f3n la cu\u00f1a de Sheinbaum Por Jes\u00fas Manuel Hern\u00e1ndez Desde hace algunos meses [&hellip;]<\/p>\n","protected":false},"author":1,"featured_media":121158,"comment_status":"open","ping_status":"open","sticky":false,"template":"","format":"standard","meta":{"site-sidebar-layout":"default","site-content-layout":"","ast-site-content-layout":"default","site-content-style":"default","site-sidebar-style":"default","ast-global-header-display":"","ast-banner-title-visibility":"","ast-main-header-display":"","ast-hfb-above-header-display":"","ast-hfb-below-header-display":"","ast-hfb-mobile-header-display":"","site-post-title":"","ast-breadcrumbs-content":"","ast-featured-img":"","footer-sml-layout":"","theme-transparent-header-meta":"","adv-header-id-meta":"","stick-header-meta":"","header-above-stick-meta":"","header-main-stick-meta":"","header-below-stick-meta":"","astra-migrate-meta-layouts":"default","ast-page-background-enabled":"default","ast-page-background-meta":{"desktop":{"background-color":"var(--ast-global-color-4)","background-image":"","background-repeat":"repeat","background-position":"center center","background-size":"auto","background-attachment":"scroll","background-type":"","background-media":"","overlay-type":"","overlay-color":"","overlay-opacity":"","overlay-gradient":""},"tablet":{"background-color":"","background-image":"","background-repeat":"repeat","background-position":"center center","background-size":"auto","background-attachment":"scroll","background-type":"","background-media":"","overlay-type":"","overlay-color":"","overlay-opacity":"","overlay-gradient":""},"mobile":{"background-color":"","background-image":"","background-repeat":"repeat","background-position":"center center","background-size":"auto","background-attachment":"scroll","background-type":"","background-media":"","overlay-type":"","overlay-color":"","overlay-opacity":"","overlay-gradient":""}},"ast-content-background-meta":{"desktop":{"background-color":"var(--ast-global-color-5)","background-image":"","background-repeat":"repeat","background-position":"center center","background-size":"auto","background-attachment":"scroll","background-type":"","background-media":"","overlay-type":"","overlay-color":"","overlay-opacity":"","overlay-gradient":""},"tablet":{"background-color":"var(--ast-global-color-5)","background-image":"","background-repeat":"repeat","background-position":"center center","background-size":"auto","background-attachment":"scroll","background-type":"","background-media":"","overlay-type":"","overlay-color":"","overlay-opacity":"","overlay-gradient":""},"mobile":{"background-color":"var(--ast-global-color-5)","background-image":"","background-repeat":"repeat","background-position":"center center","background-size":"auto","background-attachment":"scroll","background-type":"","background-media":"","overlay-type":"","overlay-color":"","overlay-opacity":"","overlay-gradient":""}},"footnotes":""},"categories":[8,5],"tags":[40259,725,13195],"class_list":["post-121157","post","type-post","status-publish","format-standard","has-post-thumbnail","hentry","category-noticias","category-por-soleares","tag-elecciones-puebla-2027","tag-morena-puebla","tag-olivia-salomon-vivaldo"],"_links":{"self":[{"href":"https:\/\/losperiodistas.com.mx\/portal\/wp-json\/wp\/v2\/posts\/121157","targetHints":{"allow":["GET"]}}],"collection":[{"href":"https:\/\/losperiodistas.com.mx\/portal\/wp-json\/wp\/v2\/posts"}],"about":[{"href":"https:\/\/losperiodistas.com.mx\/portal\/wp-json\/wp\/v2\/types\/post"}],"author":[{"embeddable":true,"href":"https:\/\/losperiodistas.com.mx\/portal\/wp-json\/wp\/v2\/users\/1"}],"replies":[{"embeddable":true,"href":"https:\/\/losperiodistas.com.mx\/portal\/wp-json\/wp\/v2\/comments?post=121157"}],"version-history":[{"count":2,"href":"https:\/\/losperiodistas.com.mx\/portal\/wp-json\/wp\/v2\/posts\/121157\/revisions"}],"predecessor-version":[{"id":121160,"href":"https:\/\/losperiodistas.com.mx\/portal\/wp-json\/wp\/v2\/posts\/121157\/revisions\/121160"}],"wp:featuredmedia":[{"embeddable":true,"href":"https:\/\/losperiodistas.com.mx\/portal\/wp-json\/wp\/v2\/media\/121158"}],"wp:attachment":[{"href":"https:\/\/losperiodistas.com.mx\/portal\/wp-json\/wp\/v2\/media?parent=121157"}],"wp:term":[{"taxonomy":"category","embeddable":true,"href":"https:\/\/losperiodistas.com.mx\/portal\/wp-json\/wp\/v2\/categories?post=121157"},{"taxonomy":"post_tag","embeddable":true,"href":"https:\/\/losperiodistas.com.mx\/portal\/wp-json\/wp\/v2\/tags?post=121157"}],"curies":[{"name":"wp","href":"https:\/\/api.w.org\/{rel}","templated":true}]}}