{"id":121154,"date":"2026-04-26T11:53:40","date_gmt":"2026-04-26T17:53:40","guid":{"rendered":"https:\/\/losperiodistas.com.mx\/portal\/?p=121154"},"modified":"2026-04-26T11:53:43","modified_gmt":"2026-04-26T17:53:43","slug":"la-carga-mental-de-las-mujeres-ethic","status":"publish","type":"post","link":"https:\/\/losperiodistas.com.mx\/portal\/la-carga-mental-de-las-mujeres-ethic\/","title":{"rendered":"La carga mental de las mujeres | ethic"},"content":{"rendered":"\n<h3 class=\"wp-block-heading\">La escritora Pearl S. Buck ya habl\u00f3 del desgaste silencioso de quienes intentaban sostener una vida entre el trabajo, la independencia personal y las expectativas impuestas por la sociedad a las mujeres en su novela \u2018Lanza tu pan\u2019.<\/h3>\n\n\n\n<figure class=\"wp-block-image size-large\"><img fetchpriority=\"high\" decoding=\"async\" width=\"1024\" height=\"614\" src=\"https:\/\/losperiodistas.com.mx\/portal\/wp-content\/uploads\/2026\/04\/mujeres-1024x614.jpg\" alt=\"\" class=\"wp-image-121155\" srcset=\"https:\/\/losperiodistas.com.mx\/portal\/wp-content\/uploads\/2026\/04\/mujeres-1024x614.jpg 1024w, https:\/\/losperiodistas.com.mx\/portal\/wp-content\/uploads\/2026\/04\/mujeres-300x180.jpg 300w, https:\/\/losperiodistas.com.mx\/portal\/wp-content\/uploads\/2026\/04\/mujeres-768x461.jpg 768w, https:\/\/losperiodistas.com.mx\/portal\/wp-content\/uploads\/2026\/04\/mujeres.jpg 1500w\" sizes=\"(max-width: 1024px) 100vw, 1024px\" \/><\/figure>\n\n\n\n<p><\/p>\n\n\n\n<h6 class=\"wp-block-heading has-medium-font-size\"><strong><a href=\"https:\/\/ethic.es\/articulistas\/arantza-garcia\">Arantza Garc\u00eda<\/a> \/ ethic<\/strong><\/h6>\n\n\n\n<p><a href=\"https:\/\/twitter.com\/ArantzaG44\">@ArantzaG44<\/a><\/p>\n\n\n\n<p>Christine es la protagonista de&nbsp;<em>Lanza tu pan<\/em>&nbsp;(Errata Naturae), novela de la escritora estadounidense Pearl S. Buck, una de esas obras que sorprenden por su actualidad a pesar de haber sido escrita a mediados del siglo XX. La autora retrata con una lucidez poco habitual para la \u00e9poca la vida cotidiana de muchas mujeres, poniendo el foco en tensiones que entonces apenas se nombraban: la carga mental, la doble jornada, los cuidados invisibles o la constante desautorizaci\u00f3n en los espacios dom\u00e9sticos y sociales. A trav\u00e9s de sus personajes, muestra el&nbsp;<strong>desgaste silencioso<\/strong>&nbsp;de quienes intentaban sostener una vida entre el trabajo, la independencia personal y las expectativas impuestas por la sociedad a las mujeres, anticipando as\u00ed debates que hoy ocupan un lugar central en la conversaci\u00f3n social.<\/p>\n\n\n\n<p>Ese esfuerzo invisible \u2013no reconocido, no remunerado y muchas veces ni siquiera verbalizado\u2013 es lo que hoy se conoce como carga mental.<\/p>\n\n\n\n<p>Lo llamativo es que, d\u00e9cadas despu\u00e9s, el diagn\u00f3stico sigue vigente. Aunque el contexto social ha cambiado,&nbsp;<strong>muchas mujeres contin\u00faan soportando una sobrecarga invisible<\/strong>&nbsp;que afecta a su bienestar, su desarrollo profesional y su&nbsp;<a href=\"https:\/\/ethic.es\/como-ordenar-mente\">salud mental<\/a>.<\/p>\n\n\n\n<h2 class=\"wp-block-heading\">Un concepto que pone nombre a lo invisible<\/h2>\n\n\n\n<p>La carga mental hace referencia al esfuerzo cognitivo que implica gestionar, planificar y recordar todas las tareas necesarias para el funcionamiento del hogar y la vida familiar. No se trata solo de hacer la compra o cuidar de los hijos, sino de pensar constantemente en lo que falta, anticipar problemas y coordinar soluciones.<\/p>\n\n\n\n<p>La soci\u00f3loga&nbsp;<strong><a target=\"_blank\" href=\"https:\/\/hal.science\/hal-02881589\/document\" rel=\"noreferrer noopener\">Monique Haicault<\/a>&nbsp;<\/strong>fue una de las primeras en analizar este fen\u00f3meno en los a\u00f1os 80, al observar c\u00f3mo las mujeres no solo realizaban tareas dom\u00e9sticas, sino que tambi\u00e9n asum\u00edan su organizaci\u00f3n mental. M\u00e1s recientemente, investigadoras como&nbsp;<strong>Emma Clit&nbsp;<\/strong>han contribuido a popularizar el concepto, mostrando de forma gr\u00e1fica c\u00f3mo esta carga recae de manera desigual.<\/p>\n\n\n\n<blockquote class=\"wp-block-quote is-layout-flow wp-block-quote-is-layout-flow\">\n<p class=\"has-ast-global-color-4-background-color has-background has-medium-font-size\"><strong>Seg\u00fan ONU Mujeres, las mujeres siguen dedicando muchas m\u00e1s horas que los hombres al trabajo no remunerado<\/strong><\/p>\n<\/blockquote>\n\n\n\n<p>Seg\u00fan datos de organismos como ONU Mujeres, las mujeres siguen dedicando<a target=\"_blank\" href=\"https:\/\/news.un.org\/es\/story\/2024\/10\/1533876\" rel=\"noreferrer noopener\">&nbsp;muchas m\u00e1s horas<\/a>&nbsp;que los hombres al trabajo no remunerado, pero adem\u00e1s asumen en mayor medida la&nbsp;<strong>responsabilidad<\/strong>&nbsp;de gestionarlo. Es decir, no solo hacen m\u00e1s, sino que tambi\u00e9n piensan m\u00e1s en lo que hay que hacer.<\/p>\n\n\n\n<p>Uno de los efectos m\u00e1s claros de la carga mental es la llamada&nbsp;<a href=\"https:\/\/ethic.es\/2021\/10\/la-doble-jornada-desigualdad\/\">doble jornada<\/a>: tras el trabajo remunerado, muchas mujeres contin\u00faan con una segunda jornada en casa. Sin embargo, el impacto no es solo f\u00edsico, sino tambi\u00e9n emocional y psicol\u00f3gico. La psic\u00f3loga&nbsp;<strong><a target=\"_blank\" href=\"https:\/\/perifericas.es\/blogs\/blog\/mujeres-y-cuidados-reflexiones-de-la-mano-de-silvia-federici\" rel=\"noreferrer noopener\">Silvia Federici<\/a>&nbsp;<\/strong>ha insistido en que este tipo de trabajo, hist\u00f3ricamente invisibilizado, es esencial para el sostenimiento de la vida y la econom\u00eda. Aun as\u00ed, sigue sin valorarse ni repartirse de forma equitativa.<\/p>\n\n\n\n<p>Esta sobrecarga constante puede generar&nbsp;<strong>estr\u00e9s, ansiedad y sensaci\u00f3n de&nbsp;<a href=\"https:\/\/ethic.es\/2024\/11\/como-saber-si-tengo-burnout\/\">agotamiento cr\u00f3nico<\/a><\/strong>. La mente no descansa porque siempre hay algo pendiente: una cita m\u00e9dica, una compra que falta, una tarea escolar, una gesti\u00f3n administrativa. Es un ruido de fondo permanente.<\/p>\n\n\n\n<p>Uno de los principales problemas de la carga mental es su invisibilidad. Al no ser un trabajo tangible, muchas veces no se percibe como tal. Esto provoca que no se reconozca ni se distribuya de manera justa. La investigadora&nbsp;<strong><a target=\"_blank\" href=\"https:\/\/academia-lab.com\/enciclopedia\/arlie-russell-hochschild\/\" rel=\"noreferrer noopener\">Arlie Russell Hochschild<\/a>&nbsp;<\/strong>ya hablaba en los a\u00f1os 90 de c\u00f3mo, incluso en parejas aparentemente igualitarias, las mujeres segu\u00edan asumiendo la mayor parte de la organizaci\u00f3n dom\u00e9stica. Hoy, diferentes estudios confirman que esta desigualdad persiste.<\/p>\n\n\n\n<p>Adem\u00e1s, esta invisibilidad&nbsp;<strong>tiene consecuencias en el \u00e1mbito laboral<\/strong>. Muchas mujeres ven limitada su disponibilidad, su concentraci\u00f3n o su capacidad de desarrollo profesional porque su carga mental no desaparece al salir de casa.<\/p>\n\n\n\n<h2 class=\"wp-block-heading\">La carga mental en el mundo actual<\/h2>\n\n\n\n<p>En la actualidad, el problema no solo contin\u00faa, sino que en algunos casos se ha intensificado. La digitalizaci\u00f3n, el teletrabajo y la hiperconectividad han difuminado a\u00fan m\u00e1s las fronteras entre lo personal y lo profesional.<\/p>\n\n\n\n<p>Durante la pandemia de COVID-19, por ejemplo, m\u00faltiples estudios evidenciaron que&nbsp;<strong>las mujeres asumieron una mayor carga en la gesti\u00f3n del hogar<\/strong>, la educaci\u00f3n de los hijos y el cuidado de familiares. La soci\u00f3loga&nbsp;<strong><a target=\"_blank\" href=\"https:\/\/www.redalyc.org\/journal\/7223\/722376205015\/\" rel=\"noreferrer noopener\">Mar\u00eda \u00c1ngeles Dur\u00e1n<\/a>&nbsp;<\/strong>ha se\u00f1alado que esta situaci\u00f3n puso de manifiesto una realidad estructural que ya exist\u00eda.<\/p>\n\n\n\n<blockquote class=\"wp-block-quote is-layout-flow wp-block-quote-is-layout-flow\">\n<p class=\"has-ast-global-color-4-background-color has-background has-medium-font-size\"><strong>La presi\u00f3n por \u00abllegar a todo\u00bb se ha visto reforzada por modelos que promueven la excelencia en todos los \u00e1mbitos: profesional, familiar, personal<\/strong><\/p>\n<\/blockquote>\n\n\n\n<p>Adem\u00e1s, la presi\u00f3n por \u00abllegar a todo\u00bb se ha visto reforzada por modelos sociales que promueven la excelencia en todos los \u00e1mbitos: profesional, familiar, personal. Esto genera una autoexigencia que incrementa a\u00fan m\u00e1s la carga mental.<\/p>\n\n\n\n<p>Las causas de la carga mental son m\u00faltiples y complejas. Por un lado, persisten roles de g\u00e9nero tradicionales que asignan a las mujeres la responsabilidad principal del cuidado. Por otro, existe una falta de corresponsabilidad real en muchos hogares.<\/p>\n\n\n\n<p>Tambi\u00e9n influye la educaci\u00f3n y la socializaci\u00f3n desde edades tempranas. A menudo, las ni\u00f1as aprenden a anticipar necesidades y a cuidar de los dem\u00e1s, mientras que los ni\u00f1os no reciben el mismo tipo de est\u00edmulos.<\/p>\n\n\n\n<p>A nivel estructural,&nbsp;<strong>las pol\u00edticas de&nbsp;<a href=\"https:\/\/ethic.es\/conciliacion-es-un-mito\">conciliaci\u00f3n<\/a>&nbsp;siguen siendo insuficientes<\/strong>. Aunque se han producido avances, muchas medidas contin\u00faan enfocadas en facilitar que las mujeres compatibilicen trabajo y cuidados, en lugar de promover una redistribuci\u00f3n equitativa.<\/p>\n\n\n\n<h2 class=\"wp-block-heading\">Hacia un reparto m\u00e1s justo<\/h2>\n\n\n\n<p>Reducir la carga mental no pasa solo por repartir tareas, sino tambi\u00e9n por compartir la responsabilidad de organizarlas. No se trata de \u00abayudar\u00bb, sino de asumir de forma conjunta la gesti\u00f3n del d\u00eda a d\u00eda.<\/p>\n\n\n\n<p>Algunos expertos proponen estrategias concretas, como hacer visibles todas las tareas establecer sistemas de organizaci\u00f3n compartidos o fomentar la corresponsabilidad desde la infancia.<\/p>\n\n\n\n<p>En el \u00e1mbito empresarial, cada vez m\u00e1s organizaciones est\u00e1n empezando a tener en cuenta estos factores en sus pol\u00edticas de bienestar. Medidas como la flexibilidad horaria, el teletrabajo bien gestionado o los programas de apoyo a la conciliaci\u00f3n pueden contribuir a reducir la presi\u00f3n.<\/p>\n\n\n\n<p>Uno de los riesgos al hablar de carga mental es abordarlo como un problema individual, cuando en realidad es estructural. No se trata de que las mujeres se organicen&nbsp;<em>mejor<\/em>&nbsp;o \u00abaprendan a delegar\u00bb, sino de transformar las din\u00e1micas sociales que generan esta desigualdad.<\/p>\n\n\n\n<p>Como se\u00f1ala la fil\u00f3sofa&nbsp;<strong><a target=\"_blank\" href=\"https:\/\/lanuevarevistasocialista.com\/portfolio\/nancy-fraser-la-crisis-del-capital-y-los-cuidados\/\" rel=\"noreferrer noopener\">Nancy Fraser<\/a><\/strong>, el cuidado debe situarse en el centro del debate social y econ\u00f3mico. Solo as\u00ed ser\u00e1 posible avanzar hacia un modelo m\u00e1s justo y sostenible. Porque mientras siga siendo invisible, seguir\u00e1 recayendo en gran medida sobre las mismas personas. Y reconocerlo es el primer paso para cambiarlo.<\/p>\n\n\n\n<p>Fuente: <a href=\"https:\/\/ethic.es\/carga-mental-mujeres\">https:\/\/ethic.es\/carga-mental-mujeres<\/a><\/p>\n","protected":false},"excerpt":{"rendered":"<p>La escritora Pearl S. Buck ya habl\u00f3 del desgaste silencioso de quienes intentaban sostener una vida entre el trabajo, la [&hellip;]<\/p>\n","protected":false},"author":1,"featured_media":121155,"comment_status":"open","ping_status":"open","sticky":false,"template":"","format":"standard","meta":{"site-sidebar-layout":"default","site-content-layout":"","ast-site-content-layout":"default","site-content-style":"default","site-sidebar-style":"default","ast-global-header-display":"","ast-banner-title-visibility":"","ast-main-header-display":"","ast-hfb-above-header-display":"","ast-hfb-below-header-display":"","ast-hfb-mobile-header-display":"","site-post-title":"","ast-breadcrumbs-content":"","ast-featured-img":"","footer-sml-layout":"","theme-transparent-header-meta":"","adv-header-id-meta":"","stick-header-meta":"","header-above-stick-meta":"","header-main-stick-meta":"","header-below-stick-meta":"","astra-migrate-meta-layouts":"default","ast-page-background-enabled":"default","ast-page-background-meta":{"desktop":{"background-color":"var(--ast-global-color-4)","background-image":"","background-repeat":"repeat","background-position":"center center","background-size":"auto","background-attachment":"scroll","background-type":"","background-media":"","overlay-type":"","overlay-color":"","overlay-opacity":"","overlay-gradient":""},"tablet":{"background-color":"","background-image":"","background-repeat":"repeat","background-position":"center center","background-size":"auto","background-attachment":"scroll","background-type":"","background-media":"","overlay-type":"","overlay-color":"","overlay-opacity":"","overlay-gradient":""},"mobile":{"background-color":"","background-image":"","background-repeat":"repeat","background-position":"center center","background-size":"auto","background-attachment":"scroll","background-type":"","background-media":"","overlay-type":"","overlay-color":"","overlay-opacity":"","overlay-gradient":""}},"ast-content-background-meta":{"desktop":{"background-color":"var(--ast-global-color-5)","background-image":"","background-repeat":"repeat","background-position":"center center","background-size":"auto","background-attachment":"scroll","background-type":"","background-media":"","overlay-type":"","overlay-color":"","overlay-opacity":"","overlay-gradient":""},"tablet":{"background-color":"var(--ast-global-color-5)","background-image":"","background-repeat":"repeat","background-position":"center center","background-size":"auto","background-attachment":"scroll","background-type":"","background-media":"","overlay-type":"","overlay-color":"","overlay-opacity":"","overlay-gradient":""},"mobile":{"background-color":"var(--ast-global-color-5)","background-image":"","background-repeat":"repeat","background-position":"center center","background-size":"auto","background-attachment":"scroll","background-type":"","background-media":"","overlay-type":"","overlay-color":"","overlay-opacity":"","overlay-gradient":""}},"footnotes":""},"categories":[8],"tags":[48569,48570,48571,33422],"class_list":["post-121154","post","type-post","status-publish","format-standard","has-post-thumbnail","hentry","category-noticias","tag-escritora-pearl-s-buck","tag-libro-lanza-tu-pan","tag-mujeres-trabajo-no-remunerado","tag-onu-mujeres"],"_links":{"self":[{"href":"https:\/\/losperiodistas.com.mx\/portal\/wp-json\/wp\/v2\/posts\/121154","targetHints":{"allow":["GET"]}}],"collection":[{"href":"https:\/\/losperiodistas.com.mx\/portal\/wp-json\/wp\/v2\/posts"}],"about":[{"href":"https:\/\/losperiodistas.com.mx\/portal\/wp-json\/wp\/v2\/types\/post"}],"author":[{"embeddable":true,"href":"https:\/\/losperiodistas.com.mx\/portal\/wp-json\/wp\/v2\/users\/1"}],"replies":[{"embeddable":true,"href":"https:\/\/losperiodistas.com.mx\/portal\/wp-json\/wp\/v2\/comments?post=121154"}],"version-history":[{"count":1,"href":"https:\/\/losperiodistas.com.mx\/portal\/wp-json\/wp\/v2\/posts\/121154\/revisions"}],"predecessor-version":[{"id":121156,"href":"https:\/\/losperiodistas.com.mx\/portal\/wp-json\/wp\/v2\/posts\/121154\/revisions\/121156"}],"wp:featuredmedia":[{"embeddable":true,"href":"https:\/\/losperiodistas.com.mx\/portal\/wp-json\/wp\/v2\/media\/121155"}],"wp:attachment":[{"href":"https:\/\/losperiodistas.com.mx\/portal\/wp-json\/wp\/v2\/media?parent=121154"}],"wp:term":[{"taxonomy":"category","embeddable":true,"href":"https:\/\/losperiodistas.com.mx\/portal\/wp-json\/wp\/v2\/categories?post=121154"},{"taxonomy":"post_tag","embeddable":true,"href":"https:\/\/losperiodistas.com.mx\/portal\/wp-json\/wp\/v2\/tags?post=121154"}],"curies":[{"name":"wp","href":"https:\/\/api.w.org\/{rel}","templated":true}]}}