{"id":121151,"date":"2026-04-26T08:20:14","date_gmt":"2026-04-26T14:20:14","guid":{"rendered":"https:\/\/losperiodistas.com.mx\/portal\/?p=121151"},"modified":"2026-04-26T08:20:15","modified_gmt":"2026-04-26T14:20:15","slug":"michael-wolff-azote-de-trump-el-y-epstein-se-pasaban-el-tiempo-persiguiendo-a-mujeres-de-forma-retrograda-y-primitiva-loc","status":"publish","type":"post","link":"https:\/\/losperiodistas.com.mx\/portal\/michael-wolff-azote-de-trump-el-y-epstein-se-pasaban-el-tiempo-persiguiendo-a-mujeres-de-forma-retrograda-y-primitiva-loc\/","title":{"rendered":"Michael Wolff, azote de Trump: \u00ab\u00c9l y Epstein se pasaban el tiempo persiguiendo a mujeres de forma retr\u00f3grada y primitiva\u00bb | LOC"},"content":{"rendered":"\n<p class=\"has-light-green-cyan-background-color has-background has-medium-font-size\">El periodista que lleva a\u00f1os investigando a los Trump insiste en que el republicano mantuvo una relaci\u00f3n \u00abdepravada\u00bb con Epstein. Tambi\u00e9n ataca a Melania, con la que libra una batalla legal: \u00abEstoy seguro de que es est\u00fapida\u00bb.<\/p>\n\n\n\n<figure class=\"wp-block-image\"><img decoding=\"async\" src=\"https:\/\/e01-elmundo.uecdn.es\/assets\/multimedia\/imagenes\/2025\/07\/26\/17535189949830.jpg\" alt=\"Trump y Melania junto a Epstein y Ghislaine Maxwell en el 2000\"\/><figcaption class=\"wp-element-caption\">Trump y Melania junto a Epstein y Ghislaine Maxwell en el 2000 | Getty<\/figcaption><\/figure>\n\n\n\n<p class=\"has-vivid-red-color has-text-color has-link-color has-medium-font-size wp-elements-c616dbbc3cf3e7e239fb8f34060e0062\"><strong>Pablo Scarpellini \/ LOC<\/strong><\/p>\n\n\n\n<p>Los Angeles<\/p>\n\n\n\n<p><\/p>\n\n\n\n<p><a href=\"https:\/\/www.elmundo.es\/e\/do\/donald-trump.html\">Donald Trump<\/a>&nbsp;y su mujer,<a href=\"https:\/\/www.elmundo.es\/e\/me\/melania-trump.html\">&nbsp;Melania,<\/a>&nbsp;tienen al menos una cosa en com\u00fan: su desprecio por&nbsp;<strong>Michael Wolff<\/strong>. Las investigaciones del periodista de Nueva Jersey establecieron un v\u00ednculo tan cercano entre los Trump y&nbsp;<a href=\"https:\/\/www.elmundo.es\/internacional\/2026\/04\/24\/69eb1e89fc6c83535d8b4577.html\">Jeffrey Epstein<\/a>, el pederasta acusado de abusar sexualmente de menores durante d\u00e9cadas, que la primera dama amenaz\u00f3 en octubre del a\u00f1o pasado con demandarle por mil millones de d\u00f3lares por sus presuntas calumnias. Wolff estaba trabajando en su libro&nbsp;<em>Fire and Fury<\/em>&nbsp;sobre los entresijos de la campa\u00f1a electoral de Trump en 2016 y su llegada al poder, cuando Epstein le cont\u00f3 que sab\u00eda de buena tinta que el primer encuentro sexual entre la ex modelo eslovena y el entonces empresario inmobiliario<strong>&nbsp;hab\u00eda sido a bordo del Lolita Express, el jet privado del ped\u00f3filo.<\/strong>&nbsp;\u00ab\u00bfC\u00f3mo sabe todo esto?\u00bb, le pregunt\u00f3 Wolff a Epstein. \u00abFui el mejor amigo de Donald (Trump) durante 10 a\u00f1os\u00bb.<\/p>\n\n\n\n<figure class=\"wp-block-image\"><img decoding=\"async\" src=\"https:\/\/e01-elmundo.uecdn.es\/assets\/multimedia\/imagenes\/2026\/04\/24\/17770352838406.jpg\" alt=\"El autor y periodista estadounidense Michael Wolff fotografiado en su casa en los Hamptons\"\/><figcaption class=\"wp-element-caption\">El autor y periodista estadounidense Michael Wolff fotografiado en su casa en los Hamptons AFP<\/figcaption><\/figure>\n\n\n\n<p>Casi una d\u00e9cada despu\u00e9s de aquella conversaci\u00f3n -dos a\u00f1os antes de que Epstein se suicidara en una prisi\u00f3n federal de Nueva York, en agosto de 2019-, Wolff sigue firme en su intenci\u00f3n de desenmascarar las verdaderas intenciones de la pareja presidencial en torno a la figura del depredador sexual. Poco parece importarle la amenaza en tribunales de Melania, a la que \u00e9l mismo demand\u00f3 a finales de octubre por tratar de coartar \u00abmaliciosamente\u00bb su libertad de expresi\u00f3n, ni el batall\u00f3n de insultos que le ha dedicado Trump a lo largo de los a\u00f1os.&nbsp;<strong>El presidente le ha llamado \u00ababsoluto perdedor\u00bb y \u00abmentalmente trastornado\u00bb,<\/strong>&nbsp;entre otras lindezas.<\/p>\n\n\n\n<p class=\"has-ast-global-color-4-background-color has-background\">Para saber m\u00e1s<\/p>\n\n\n\n<figure class=\"wp-block-image\"><img decoding=\"async\" src=\"https:\/\/e01-elmundo.uecdn.es\/assets\/multimedia\/imagenes\/2026\/01\/30\/17697921986475.jpg\" alt=\"\"\/><\/figure>\n\n\n\n<p>Estados Unidos.&nbsp;<a href=\"https:\/\/www.elmundo.es\/loc\/celebrities\/2026\/01\/30\/697ccc9fe9cf4a43448b457e.html\">Corrupci\u00f3n, caos y ni rastro de Epstein: as\u00ed se hizo el documental de Melania Trump<\/a><\/p>\n\n\n\n<ul class=\"wp-block-list\">\n<li>Redacci\u00f3n:PABLO SCARPELLINI\u00a0Los \u00c1ngeles<\/li>\n<\/ul>\n\n\n\n<p><\/p>\n\n\n\n<p>Wolff, autor de m\u00e1s de 10 libros -al menos cuatro de ellos&nbsp;<em>bestsellers<\/em>-, sigue soltando sus verdades. Por ejemplo, que los motivos detr\u00e1s del discurso de Melania Trump desde la Casa Blanca para distanciarse de su relaci\u00f3n con Epstein atienden \u00fanicamente a su bajo cociente intelectual.<strong>&nbsp;\u00abEstoy seguro de que es est\u00fapida\u00bb,&nbsp;<\/strong>dice en una conversaci\u00f3n telef\u00f3nica con LOC.<\/p>\n\n\n\n<p>Sobre el presidente tambi\u00e9n tiene una opini\u00f3n contundente. \u00abTrump es un sujeto despreciable\u00bb, afirma, un hombre que fue el mejor amigo de Epstein durante casi 15 a\u00f1os y que mantuvo una relaci\u00f3n&nbsp;<strong>\u00abturbia, libertina y depravada\u00bb con el pederasta.&nbsp;<\/strong>Los describe como dos hombres \u00abque pasaban la mayor parte de su tiempo persiguiendo a mujeres de una manera,&nbsp;<strong>digamos, retr\u00f3grada y primitiva\u00bb,<\/strong>&nbsp;algo que considera totalmente \u00abinaceptable en los tiempos que corren\u00bb, con \u00abmuch\u00edsimos negocios que resultaron dudosos, cuanto menos\u00bb.<\/p>\n\n\n\n<p>Les consum\u00eda la misma \u00abobsesi\u00f3n\u00bb:&nbsp;<strong>acostarse con modelos, sin fijarse en la edad.<\/strong>&nbsp;\u00ab\u00bfEran menores de edad las chicas? Eso no lo s\u00e9. Lo que s\u00ed s\u00e9 es que buscaban modelos \u00bfQu\u00e9 edad tienen las modelos? Con frecuencia son menores de edad. As\u00ed que de eso es de lo que est\u00e1 huyendo Trump\u00bb.<\/p>\n\n\n\n<p>Wolff afirma que no es la clase de imagen&nbsp;<strong>\u00abque uno asociar\u00eda con el presidente de Estados Unidos\u00bb<\/strong>&nbsp;ni que ser\u00eda bien recibida por el pueblo estadounidense, especialmente por \u00abtodos esos evang\u00e9licos\u00bb. Por eso ha tratado de enterrar el caso y evitar que saliera a la luz una investigaci\u00f3n con millones de documentos en los que aparece mencionado en multitud de ocasiones.<\/p>\n\n\n\n<figure class=\"wp-block-image\"><img decoding=\"async\" src=\"https:\/\/e01-elmundo.uecdn.es\/assets\/multimedia\/imagenes\/2026\/04\/24\/17770425526330.jpg\" alt=\"Trump jurando el cargo de presidente mientras Melania le sujeta la Biblia\"\/><figcaption class=\"wp-element-caption\">Trump jurando el cargo de presidente mientras Melania le sujeta la BibliaAP<\/figcaption><\/figure>\n\n\n\n<p>Pocas personas conocen el esc\u00e1ndalo tan de cerca como este periodista de 72 a\u00f1os. Lleg\u00f3 a grabar hasta 100 horas de&nbsp;<a href=\"https:\/\/www.elmundo.es\/loc\/celebrities\/2025\/12\/05\/6932c767fc6c830a358b4583.html\">conversaciones con Epstein<\/a>, como explic\u00f3 en el podcast que comparte con la periodista brit\u00e1nica Joanna Coles,&nbsp;<em>Inside Trump&#8217;s Head<\/em>, y que acaba de superar el centenar de episodios. En una de esas charlas, Epstein le explic\u00f3 que Trump era, en el fondo, un hombre sin amigos incapaz de ser bondadoso, un ad\u00faltero compulsivo que le encantaba&nbsp;<strong>\u00abfollarse a las mujeres de sus mejores amigos\u00bb,&nbsp;<\/strong>seg\u00fan&nbsp;<em>The Daily Best<\/em>.<\/p>\n\n\n\n<p>Para Wolff, Melania apareci\u00f3 en esos mismos c\u00edrculos en los que se mov\u00edan Epstein y&nbsp;<a href=\"https:\/\/www.elmundo.es\/internacional\/2026\/04\/21\/69e7bb9021efa00a388b4574.html\">Trump<\/a>.&nbsp;<strong>\u00abMelania era s\u00f3lo una de las chicas de Trump\u00bb, explica.<\/strong>&nbsp;\u00abEpstein hab\u00eda visto a cientos de las chicas de Trump y creo que la consideraba simplemente una modelo m\u00e1s. No era distinta a cualquier otra modelo que Trump hubiera tenido.&nbsp;<strong>El hecho de que se casara con ella&#8230; bueno, sospecho que fue algo m\u00e1s bien transaccional.&nbsp;<\/strong>No significaba necesariamente que hubiera descubierto al amor de su vida\u00bb.<\/p>\n\n\n\n<p>Es algo que explicar\u00eda la&nbsp;<strong>frialdad de su relaci\u00f3n actual,&nbsp;<\/strong>pese a las ocasionales apariciones en p\u00fablico cogidos de la mano. \u00abApenas hablan\u00bb, sostiene Wolff, desmontando las teor\u00edas que apuntan a una Melania con poder de influencia en los asuntos de Estado que maneja su marido, como las relaciones con Israel o la guerra en Ir\u00e1n. \u00abEn realidad, ella no habla con la gente de la Casa Blanca.<strong>&nbsp;No vive en la Casa Blanca. No forma parte de la Casa Blanca<\/strong>. Es, en realidad, un sat\u00e9lite aparte en todo esto\u00bb. De hecho, Wolff va m\u00e1s all\u00e1.&nbsp;<strong>\u00abYo no descartar\u00eda que ella odie a su marido, que est\u00e9 furiosa con \u00e9l<\/strong>&nbsp;y que est\u00e9 intentando desarrollar su propio negocio y su propia marca\u00bb. De ah\u00ed que diera un&nbsp;<a href=\"https:\/\/www.elmundo.es\/loc\/famosos\/2026\/04\/19\/69e20714fdddfffb5d8b4583.html\">discurso sobre su relaci\u00f3n con Epstein sin previo aviso.&nbsp;<\/a>Ni siquiera lo sab\u00eda su marido, supuestamente.<\/p>\n\n\n\n<p>Ex periodista de&nbsp;<em>The New York Times<\/em>&nbsp;y colaborador del&nbsp;<em>USA Today<\/em>&nbsp;y de&nbsp;<em>The Hollywood Reporter<\/em>, Wolff tiene claro que la batalla legal que mantiene con la primera dama no es peccata minuta.&nbsp;<strong>\u00abLo aterrador de ser demandado por la Casa Blanca es que ellos tienen recursos ilimitados<\/strong>. Nosotros no tenemos recursos ilimitados\u00bb, analiza. Eso s\u00ed. Han contado con el<strong>&nbsp;respaldo de los miles de contribuyentes que han aportado dinero<\/strong>&nbsp;a su cuenta de Gofundme para su defensa legal: 830.000 d\u00f3lares ha alcanzado ya la campa\u00f1a de recaudaci\u00f3n de dinero en internet.<\/p>\n\n\n\n<figure class=\"wp-block-image\"><img decoding=\"async\" src=\"https:\/\/e01-elmundo.uecdn.es\/assets\/multimedia\/imagenes\/2026\/04\/24\/17770512536645.jpg\" alt=\"Melania Trump durante su desmentido p\u00fablico  sobre su relaci\u00f3n con Jeffrey Epstein\"\/><figcaption class=\"wp-element-caption\">Melania Trump durante su desmentido p\u00fablico sobre su relaci\u00f3n con Jeffrey EpsteinEFE<\/figcaption><\/figure>\n\n\n\n<p>Mientras, sigue lanzando dardos a la Casa Blanca desde su podcast, producido por&nbsp;<em>The Daily Beast<\/em>. Tras alcanzar los 100 episodios, su conclusi\u00f3n sobre lo que pasa por la cabeza del republicano es que no hay misterio: \u00ablo que ves es lo que hay\u00bb, indica.&nbsp;<strong>\u00abNo hay un hombre m\u00e1s inteligente de lo que aparenta ser.&nbsp;<\/strong>No hay alguien que, m\u00e1s all\u00e1 de la fanfarroner\u00eda, la actuaci\u00f3n y el exhibicionismo, sea en realidad m\u00e1s competente para ser presidente de Estados Unidos\u00bb.<\/p>\n\n\n\n<p>Wolff augura que&nbsp;<strong>estamos ante \u00abel principio del fin de su era\u00bb,<\/strong>&nbsp;por mucho que haya coqueteado con la posibilidad de un tercer mandato. Cree que Trump ha entrado en una espiral tan negativa que ya no hay marcha atr\u00e1s.&nbsp;<strong>\u00abLa cuesti\u00f3n del ICE es un desastre. La econom\u00eda es un desastre.<\/strong>&nbsp;La guerra es un desastre. Y el equipo que le rodea&#8230; todo el mundo puede ver a esos malditos imb\u00e9ciles\u00bb, como describe a su equipo de gobierno.<\/p>\n\n\n\n<p>Cualquiera, en su opini\u00f3n, dar\u00eda un golpe de tim\u00f3n para rectificar el rumbo. Pero Trump no.&nbsp;<strong>\u00abLo que har\u00e1 ser\u00e1 redoblar la apuesta\u00bb, especula.<\/strong>&nbsp;\u00abAs\u00ed que va a insistir en todos los errores que ya ha cometido\u00bb. Por eso no ve mucha diferencia entre el primer y el segundo mandato presidencial, sin una racionalidad o un plan f\u00e1cilmente explicable. \u00abA estas alturas de segundo mandato ya nos hemos dado cuenta de que no hay ninguna l\u00f3gica\u00bb, lo que resulta, a su modo de ver, \u00abm\u00e1s descarado y m\u00e1s aterrador\u00bb.<\/p>\n\n\n\n<h2 class=\"wp-block-heading\">Un v\u00ednculo que no pueden borrar<\/h2>\n\n\n\n<p>El pasado siempre vuelve, dicen. El caso de Donald y Melania Trump no es una excepci\u00f3n. Por mucho que la pareja se empe\u00f1e en maquillar su v\u00ednculo con Jeffrey Epstein, las fotos, publicadas hasta la saciedad en medios de todo el mundo. hablan por s\u00ed solas. Trump y Epstein agarrados a las cinturas de Melania y Ghislane Maxwell en la residencia de Mar-a-Lago en 2000 es una de ellas. Sonrientes y relajados, la imagen sugiere una relaci\u00f3n que Melania se empe\u00f1a en desmentir.<\/p>\n\n\n\n<p>Otra de las personas que ha tra\u00eddo de vuelta el pasado es Paolo Zampolli, el empresario que se jacta de haber presentado a Trump a Melania. Era due\u00f1o de una agencia de modelos en la que trabajaban Melania y la brasile\u00f1a Amanda Ungaro, que acab\u00f3 cas\u00e1ndose con \u00e9l. Amiga de Melania, Ungaro ha sido deportada por el ICE a instancias de Zampolli, con quien mantiene una batalla por la custodia de su hijo. Ungaro ha amenazado con airear trapos sucios y dar detalles del tipo de relaci\u00f3n que ten\u00edan con Epstein.<\/p>\n\n\n\n<p>La mayor\u00eda de los votantes de Trump son evang\u00e9licos ultraconservadores y no ven con buenos ojos el &#8216;caso Epstein&#8217;. Mientras, los Trump intentan mostrarse como un matrimonio ejemplar, c\u00f3mplice y unido, pese a la frialdad que emanan sus apariciones juntos. Melania ni siquiera vive en la Casa Blanca.<\/p>\n\n\n\n<p>Fuente: <a href=\"https:\/\/www.elmundo.es\/loc\/celebrities\/2026\/04\/24\/69eb6536fc6c8313448b459e.html\">https:\/\/www.elmundo.es\/loc\/celebrities\/2026\/04\/24\/69eb6536fc6c8313448b459e.html<\/a><\/p>\n","protected":false},"excerpt":{"rendered":"<p>El periodista que lleva a\u00f1os investigando a los Trump insiste en que el republicano mantuvo una relaci\u00f3n \u00abdepravada\u00bb con Epstein. [&hellip;]<\/p>\n","protected":false},"author":1,"featured_media":121152,"comment_status":"open","ping_status":"open","sticky":false,"template":"","format":"standard","meta":{"site-sidebar-layout":"default","site-content-layout":"","ast-site-content-layout":"default","site-content-style":"default","site-sidebar-style":"default","ast-global-header-display":"","ast-banner-title-visibility":"","ast-main-header-display":"","ast-hfb-above-header-display":"","ast-hfb-below-header-display":"","ast-hfb-mobile-header-display":"","site-post-title":"","ast-breadcrumbs-content":"","ast-featured-img":"","footer-sml-layout":"","theme-transparent-header-meta":"","adv-header-id-meta":"","stick-header-meta":"","header-above-stick-meta":"","header-main-stick-meta":"","header-below-stick-meta":"","astra-migrate-meta-layouts":"default","ast-page-background-enabled":"default","ast-page-background-meta":{"desktop":{"background-color":"var(--ast-global-color-4)","background-image":"","background-repeat":"repeat","background-position":"center center","background-size":"auto","background-attachment":"scroll","background-type":"","background-media":"","overlay-type":"","overlay-color":"","overlay-opacity":"","overlay-gradient":""},"tablet":{"background-color":"","background-image":"","background-repeat":"repeat","background-position":"center center","background-size":"auto","background-attachment":"scroll","background-type":"","background-media":"","overlay-type":"","overlay-color":"","overlay-opacity":"","overlay-gradient":""},"mobile":{"background-color":"","background-image":"","background-repeat":"repeat","background-position":"center center","background-size":"auto","background-attachment":"scroll","background-type":"","background-media":"","overlay-type":"","overlay-color":"","overlay-opacity":"","overlay-gradient":""}},"ast-content-background-meta":{"desktop":{"background-color":"var(--ast-global-color-5)","background-image":"","background-repeat":"repeat","background-position":"center center","background-size":"auto","background-attachment":"scroll","background-type":"","background-media":"","overlay-type":"","overlay-color":"","overlay-opacity":"","overlay-gradient":""},"tablet":{"background-color":"var(--ast-global-color-5)","background-image":"","background-repeat":"repeat","background-position":"center center","background-size":"auto","background-attachment":"scroll","background-type":"","background-media":"","overlay-type":"","overlay-color":"","overlay-opacity":"","overlay-gradient":""},"mobile":{"background-color":"var(--ast-global-color-5)","background-image":"","background-repeat":"repeat","background-position":"center center","background-size":"auto","background-attachment":"scroll","background-type":"","background-media":"","overlay-type":"","overlay-color":"","overlay-opacity":"","overlay-gradient":""}},"footnotes":""},"categories":[8],"tags":[21377,43209,48568,48566,48567],"class_list":["post-121151","post","type-post","status-publish","format-standard","has-post-thumbnail","hentry","category-noticias","tag-caso-epstein","tag-ghislaine-maxwell","tag-libro-fire-and-fury","tag-merlania-trump","tag-periodista-michael-wolff"],"_links":{"self":[{"href":"https:\/\/losperiodistas.com.mx\/portal\/wp-json\/wp\/v2\/posts\/121151","targetHints":{"allow":["GET"]}}],"collection":[{"href":"https:\/\/losperiodistas.com.mx\/portal\/wp-json\/wp\/v2\/posts"}],"about":[{"href":"https:\/\/losperiodistas.com.mx\/portal\/wp-json\/wp\/v2\/types\/post"}],"author":[{"embeddable":true,"href":"https:\/\/losperiodistas.com.mx\/portal\/wp-json\/wp\/v2\/users\/1"}],"replies":[{"embeddable":true,"href":"https:\/\/losperiodistas.com.mx\/portal\/wp-json\/wp\/v2\/comments?post=121151"}],"version-history":[{"count":1,"href":"https:\/\/losperiodistas.com.mx\/portal\/wp-json\/wp\/v2\/posts\/121151\/revisions"}],"predecessor-version":[{"id":121153,"href":"https:\/\/losperiodistas.com.mx\/portal\/wp-json\/wp\/v2\/posts\/121151\/revisions\/121153"}],"wp:featuredmedia":[{"embeddable":true,"href":"https:\/\/losperiodistas.com.mx\/portal\/wp-json\/wp\/v2\/media\/121152"}],"wp:attachment":[{"href":"https:\/\/losperiodistas.com.mx\/portal\/wp-json\/wp\/v2\/media?parent=121151"}],"wp:term":[{"taxonomy":"category","embeddable":true,"href":"https:\/\/losperiodistas.com.mx\/portal\/wp-json\/wp\/v2\/categories?post=121151"},{"taxonomy":"post_tag","embeddable":true,"href":"https:\/\/losperiodistas.com.mx\/portal\/wp-json\/wp\/v2\/tags?post=121151"}],"curies":[{"name":"wp","href":"https:\/\/api.w.org\/{rel}","templated":true}]}}