{"id":12115,"date":"2021-08-25T07:33:48","date_gmt":"2021-08-25T12:33:48","guid":{"rendered":"http:\/\/losperiodistas.com.mx\/portal\/?p=12115"},"modified":"2021-08-25T07:33:49","modified_gmt":"2021-08-25T12:33:49","slug":"anaya-es-un-canalla","status":"publish","type":"post","link":"https:\/\/losperiodistas.com.mx\/portal\/anaya-es-un-canalla\/","title":{"rendered":"\u00bfAnaya es un canalla?"},"content":{"rendered":"\n<p><\/p>\n\n\n\n<figure class=\"wp-block-image size-large\"><img fetchpriority=\"high\" decoding=\"async\" width=\"814\" height=\"1024\" src=\"https:\/\/losperiodistas.com.mx\/portal\/wp-content\/uploads\/2021\/08\/Captura-de-Pantalla-2021-08-25-a-las-7.32.52-814x1024.jpg\" alt=\"\" class=\"wp-image-12116\" srcset=\"https:\/\/losperiodistas.com.mx\/portal\/wp-content\/uploads\/2021\/08\/Captura-de-Pantalla-2021-08-25-a-las-7.32.52-814x1024.jpg 814w, https:\/\/losperiodistas.com.mx\/portal\/wp-content\/uploads\/2021\/08\/Captura-de-Pantalla-2021-08-25-a-las-7.32.52-239x300.jpg 239w, https:\/\/losperiodistas.com.mx\/portal\/wp-content\/uploads\/2021\/08\/Captura-de-Pantalla-2021-08-25-a-las-7.32.52-768x966.jpg 768w, https:\/\/losperiodistas.com.mx\/portal\/wp-content\/uploads\/2021\/08\/Captura-de-Pantalla-2021-08-25-a-las-7.32.52.jpg 1212w\" sizes=\"(max-width: 814px) 100vw, 814px\" \/><\/figure>\n\n\n\n<p><\/p>\n\n\n\n<p class=\"has-vivid-cyan-blue-color has-text-color\" style=\"font-size:26px\"><strong><em>Por Humberto Aguilar Coronado*<\/em><\/strong><\/p>\n\n\n\n<p>Un canalla es, de acuerdo con la real academia de la lengua espa\u00f1ola, una persona despreciable y de malos procederes. En cambio, un canall\u00edn, fue para un candidato presidencial, un t\u00e9rmino utilizado para descalificar a otro candidato presidencial en el marco de un debate organizado por el Instituto Nacional Electoral y transmitido a nivel nacional por las principales cadenas de radio y televisi\u00f3n de este pa\u00eds.<\/p>\n\n\n\n<p>La expresi\u00f3n utilizada, logr\u00f3 ubicar en el comentario y la picaresca pol\u00edtica a un candidato se\u00f1alado por haber participado en un supuesto fraude por la compra de unas naves industriales durante el resto de la campa\u00f1a electoral, afectando, por supuesto, su honorabilidad y el apoyo ciudadano de muchos que se creyeron la historia dise\u00f1ada desde el poder.<\/p>\n\n\n\n<p>En ese entonces gobernaba Pe\u00f1a Nieto y se manej\u00f3 una denuncia presentada que funcion\u00f3 porque un panista era el que acusaba y otro panista lo respaldaba, -hoy ninguno de los dos milita en el PAN-, pero despu\u00e9s del resultado electoral, en donde L\u00f3pez Obrador gana sin cuestionamientos, ya no ten\u00eda caso seguir con la historia, por lo que, en noviembre del 2018, la PGR cierra el caso al no encontrar elementos para la investigaci\u00f3n y exonera al propio candidato presidencial Ricardo Anaya.<\/p>\n\n\n\n<p>Pasaron muchos meses y el pleito entre el acusado y el acusador vuelve a tomar dimensiones de esc\u00e1ndalo al conocerse que ahora, la persecuci\u00f3n contra Anaya es para que responda por imputaciones presentadas en su contra, por cohecho y lavado de dinero, por parte de la Fiscal\u00eda General de la Rep\u00fablica bas\u00e1ndose en el dicho de un testigo protegido, que por cierto, ha cambiado su declaraci\u00f3n para imputar a Anaya y qui\u00e9n sabe a cuantos m\u00e1s.<\/p>\n\n\n\n<p>Ahora resulta que para el presidente L\u00f3pez Obrador, Ricardo Anaya ya no es el canall\u00edn del 2018, sino que ahora, lo descalifica al se\u00f1alarlo en cadena nacional en su ma\u00f1anera como \u201cmarrullero\u201d, porque Anaya anunci\u00f3 que no se iba a presentar ante la fiscal\u00eda porque estaba claro que era un \u201ccuatrote\u201d para meterlo preso y quitarle sus derechos pol\u00edticos, y as\u00ed impedirle su probable participaci\u00f3n en las elecciones presidenciales del 2024.<\/p>\n\n\n\n<p>Nuevamente la descalificaci\u00f3n desde el atril y micr\u00f3fono presidencial.<\/p>\n\n\n\n<p>Se le olvid\u00f3 que, en 2005, cuando compareci\u00f3 en la C\u00e1mara de Diputados en su defensa por el juicio de desafuero, culpaba al presidente de la rep\u00fablica de hacer campa\u00f1a en su contra.<\/p>\n\n\n\n<p>Acusaba de procedimientos deshonrosos y de actuar de manera facciosa al presidente de la rep\u00fablica y acusaba al presidente de la corte de supeditar los altos principios de la justicia y de la constituci\u00f3n, a las meras consignas pol\u00edticas.<\/p>\n\n\n\n<p>\u00bfAcaso no parece repetirse la misma historia?<\/p>\n\n\n\n<p>La diferencia es que ahora \u00e9l es el presidente de la rep\u00fablica y pareciera utilizar a las instituciones en su beneficio y con un af\u00e1n persecutorio, supeditando los altos principios de la justicia y la constituci\u00f3n a sus meras consignas pol\u00edticas.<\/p>\n\n\n\n<p>La diferencia es que ahora el perseguido es un opositor del sistema que el encabeza y que est\u00e1 alzando la voz para denunciar las irregularidades del proceso seguido en su contra.<\/p>\n\n\n\n<p>As\u00ed como en 2005 L\u00f3pez Obrador acusaba, ahora Anaya lo acusa de actuar de manera vengativa y con rencor, al tiempo de utilizar procedimientos deshonrosos.<\/p>\n\n\n\n<p>En lo personal pienso que Anaya no es un canalla y que el presidente debe avocarse a trabajar y resolver los problemas nacionales y no andar desacreditando y persiguiendo pol\u00edticos.<\/p>\n\n\n\n<p>El juicio de desafuero del 2005 catapult\u00f3 la popularidad de L\u00f3pez Obrador. \u00bfSer\u00e1 que la denuncia presentada y el esc\u00e1ndalo medi\u00e1tico y de redes sociales catapultar\u00e1n a Anaya para el 2024?<\/p>\n\n\n\n<p>*Es Diputado Federal electo a la LXV Legislatura del H. Congreso de la Uni\u00f3n<\/p>\n\n\n\n<p>@Tigre_Aguilar_C<\/p>\n","protected":false},"excerpt":{"rendered":"<p>Por Humberto Aguilar Coronado* Un canalla es, de acuerdo con la real academia de la lengua espa\u00f1ola, una persona despreciable [&hellip;]<\/p>\n","protected":false},"author":1,"featured_media":12116,"comment_status":"open","ping_status":"open","sticky":false,"template":"","format":"standard","meta":{"site-sidebar-layout":"default","site-content-layout":"","ast-site-content-layout":"default","site-content-style":"default","site-sidebar-style":"default","ast-global-header-display":"","ast-banner-title-visibility":"","ast-main-header-display":"","ast-hfb-above-header-display":"","ast-hfb-below-header-display":"","ast-hfb-mobile-header-display":"","site-post-title":"","ast-breadcrumbs-content":"","ast-featured-img":"","footer-sml-layout":"","theme-transparent-header-meta":"","adv-header-id-meta":"","stick-header-meta":"","header-above-stick-meta":"","header-main-stick-meta":"","header-below-stick-meta":"","astra-migrate-meta-layouts":"default","ast-page-background-enabled":"default","ast-page-background-meta":{"desktop":{"background-color":"var(--ast-global-color-4)","background-image":"","background-repeat":"repeat","background-position":"center center","background-size":"auto","background-attachment":"scroll","background-type":"","background-media":"","overlay-type":"","overlay-color":"","overlay-opacity":"","overlay-gradient":""},"tablet":{"background-color":"","background-image":"","background-repeat":"repeat","background-position":"center center","background-size":"auto","background-attachment":"scroll","background-type":"","background-media":"","overlay-type":"","overlay-color":"","overlay-opacity":"","overlay-gradient":""},"mobile":{"background-color":"","background-image":"","background-repeat":"repeat","background-position":"center center","background-size":"auto","background-attachment":"scroll","background-type":"","background-media":"","overlay-type":"","overlay-color":"","overlay-opacity":"","overlay-gradient":""}},"ast-content-background-meta":{"desktop":{"background-color":"var(--ast-global-color-5)","background-image":"","background-repeat":"repeat","background-position":"center center","background-size":"auto","background-attachment":"scroll","background-type":"","background-media":"","overlay-type":"","overlay-color":"","overlay-opacity":"","overlay-gradient":""},"tablet":{"background-color":"var(--ast-global-color-5)","background-image":"","background-repeat":"repeat","background-position":"center center","background-size":"auto","background-attachment":"scroll","background-type":"","background-media":"","overlay-type":"","overlay-color":"","overlay-opacity":"","overlay-gradient":""},"mobile":{"background-color":"var(--ast-global-color-5)","background-image":"","background-repeat":"repeat","background-position":"center center","background-size":"auto","background-attachment":"scroll","background-type":"","background-media":"","overlay-type":"","overlay-color":"","overlay-opacity":"","overlay-gradient":""}},"footnotes":""},"categories":[8,18],"tags":[],"class_list":["post-12115","post","type-post","status-publish","format-standard","has-post-thumbnail","hentry","category-noticias","category-palabra-de-tigre"],"_links":{"self":[{"href":"https:\/\/losperiodistas.com.mx\/portal\/wp-json\/wp\/v2\/posts\/12115","targetHints":{"allow":["GET"]}}],"collection":[{"href":"https:\/\/losperiodistas.com.mx\/portal\/wp-json\/wp\/v2\/posts"}],"about":[{"href":"https:\/\/losperiodistas.com.mx\/portal\/wp-json\/wp\/v2\/types\/post"}],"author":[{"embeddable":true,"href":"https:\/\/losperiodistas.com.mx\/portal\/wp-json\/wp\/v2\/users\/1"}],"replies":[{"embeddable":true,"href":"https:\/\/losperiodistas.com.mx\/portal\/wp-json\/wp\/v2\/comments?post=12115"}],"version-history":[{"count":1,"href":"https:\/\/losperiodistas.com.mx\/portal\/wp-json\/wp\/v2\/posts\/12115\/revisions"}],"predecessor-version":[{"id":12117,"href":"https:\/\/losperiodistas.com.mx\/portal\/wp-json\/wp\/v2\/posts\/12115\/revisions\/12117"}],"wp:featuredmedia":[{"embeddable":true,"href":"https:\/\/losperiodistas.com.mx\/portal\/wp-json\/wp\/v2\/media\/12116"}],"wp:attachment":[{"href":"https:\/\/losperiodistas.com.mx\/portal\/wp-json\/wp\/v2\/media?parent=12115"}],"wp:term":[{"taxonomy":"category","embeddable":true,"href":"https:\/\/losperiodistas.com.mx\/portal\/wp-json\/wp\/v2\/categories?post=12115"},{"taxonomy":"post_tag","embeddable":true,"href":"https:\/\/losperiodistas.com.mx\/portal\/wp-json\/wp\/v2\/tags?post=12115"}],"curies":[{"name":"wp","href":"https:\/\/api.w.org\/{rel}","templated":true}]}}