{"id":121148,"date":"2026-04-26T07:20:09","date_gmt":"2026-04-26T13:20:09","guid":{"rendered":"https:\/\/losperiodistas.com.mx\/portal\/?p=121148"},"modified":"2026-04-26T07:20:10","modified_gmt":"2026-04-26T13:20:10","slug":"quien-es-cole-allen-el-maestro-californiano-detenido-por-disparar-en-la-cena-de-corresponsales-de-la-casa-blanca-con-trump-el-pais","status":"publish","type":"post","link":"https:\/\/losperiodistas.com.mx\/portal\/quien-es-cole-allen-el-maestro-californiano-detenido-por-disparar-en-la-cena-de-corresponsales-de-la-casa-blanca-con-trump-el-pais\/","title":{"rendered":"Qui\u00e9n es Cole Allen, el maestro californiano detenido por disparar en la cena de corresponsales de la Casa Blanca con Trump | El Pa\u00eds"},"content":{"rendered":"\n<p class=\"has-medium-font-size\">El hombre, arrestado tras irrumpir en el hotel donde el presidente Trump asist\u00eda a un evento, llevaba una escopeta de caza, una pistola y varios cuchillos. Ten\u00eda un grado de ingeniero, un m\u00e1ster en computaci\u00f3n y desarrollaba videojuegos<\/p>\n\n\n\n<figure class=\"wp-block-image size-large\"><img fetchpriority=\"high\" decoding=\"async\" width=\"1024\" height=\"576\" src=\"https:\/\/losperiodistas.com.mx\/portal\/wp-content\/uploads\/2026\/04\/VOIJLFRWPJBWVOKUEBMBP6SROM-1024x576.avif\" alt=\"\" class=\"wp-image-121149\" srcset=\"https:\/\/losperiodistas.com.mx\/portal\/wp-content\/uploads\/2026\/04\/VOIJLFRWPJBWVOKUEBMBP6SROM-1024x576.avif 1024w, https:\/\/losperiodistas.com.mx\/portal\/wp-content\/uploads\/2026\/04\/VOIJLFRWPJBWVOKUEBMBP6SROM-300x169.avif 300w, https:\/\/losperiodistas.com.mx\/portal\/wp-content\/uploads\/2026\/04\/VOIJLFRWPJBWVOKUEBMBP6SROM-768x432.avif 768w, https:\/\/losperiodistas.com.mx\/portal\/wp-content\/uploads\/2026\/04\/VOIJLFRWPJBWVOKUEBMBP6SROM.avif 1200w\" sizes=\"(max-width: 1024px) 100vw, 1024px\" \/><figcaption class=\"wp-element-caption\">A la izquierda, Cole Allen en una imagen publicada en su Linkedin en 2025 tras graduarse en un Master de Inform\u00e1tica. A la derecha, Cole Allen profesor del C2 Education de Torrance tras ser elegido mejor maestro del mes en diciembre de 2024. Foto:\u00a0Linkedin\/Facebook\u00a0|\u00a0<strong><a href=\"https:\/\/youtu.be\/qmUcu7-aMj0\">V\u00eddeo:\u00a0EPV<\/a><\/strong><\/figcaption><\/figure>\n\n\n\n<p class=\"has-medium-font-size\"><strong><a href=\"https:\/\/elpais.com\/autor\/maria-porcel\/#?rel=author_top\">Mar\u00eda Porcel<\/a> \/ El Pa\u00eds<\/strong><\/p>\n\n\n\n<p>Los \u00c1ngeles <\/p>\n\n\n\n<p><\/p>\n\n\n\n<p>La primera informaci\u00f3n dada a conocer este s\u00e1bado por la noche sobre el&nbsp;<a href=\"https:\/\/elpais.com\/internacional\/2026-04-26\/el-presidente-trump-evacuado-de-la-cena-de-corresponsales-de-la-casa-blanca.html\">atacante que ha entrado al hotel&nbsp;<\/a>donde se celebraba la tradicional cena de corresponsales de la Casa Blanca para periodistas con el presidente Donald Trump ha sido su foto. Un hombre joven con el torso descubierto tumbado boca abajo en el suelo, ya reducido por la seguridad, a\u00fan en el hotel Hilton de Washington donde se suspendi\u00f3 el evento. Ha sido identificado poco despu\u00e9s como Cole Allen, un hombre de 31 a\u00f1os originario de California.<\/p>\n\n\n\n<figure class=\"wp-block-image\"><img decoding=\"async\" src=\"https:\/\/imagenes.elpais.com\/resizer\/v2\/N6YMPOWR25ERVASLD354JAFRCU.jpg?auth=010c2f1ef0f7a7ce87b7ea809c96be81713ff57ce89f70f3e462380dced9f07f&amp;width=414\" alt=\"Cole Allen\"\/><figcaption class=\"wp-element-caption\">Agentes detienen a Cole Allenn, en Washington, este s\u00e1bado.CASA BLANCA<\/figcaption><\/figure>\n\n\n\n<p>Llevaba varias armas, ha asegurado el presidente estadounidense en una rueda de prensa posterior al intento de atentado. Pero el mismo Trump ha reconocido que no se sab\u00eda mucho m\u00e1s por el momento&nbsp;<a href=\"https:\/\/elpais.com\/internacional\/2026-04-26\/de-kennedy-a-reagan-y-ahora-trump-una-historia-de-la-violencia-politica-en-estados-unidos.html\">sobre sus motivaciones<\/a>. Lo que s\u00ed ha subrayado es que el personal de seguridad impidi\u00f3 que se acercase a la gran sala donde ten\u00eda lugar la cena. \u201cNi de lejos se hab\u00eda llegado a acercar a las puertas del sal\u00f3n de baile\u201d, ha afirmado.<\/p>\n\n\n\n<p>El republicano ha publicado las fotos del sospechoso y el video de seguridad en el que se ve entrar corriendo por el lobby y a agentes cruzar disparos con \u00e9l. Las detonaciones se oyeron en medio de la cena segundos antes de que los periodistas invitados, vestidos de gala, se escondieran debajo de las mesas y Trump fuera evacuado r\u00e1pidamente de la sala.<\/p>\n\n\n\n<figure class=\"wp-block-image\"><img decoding=\"async\" src=\"https:\/\/imagenes.elpais.com\/resizer\/v2\/FE27UU7YS5BLVH47ZYKEV42JLE.JPG?auth=2246b954b19305105c7f18e1ca36ee12bc0ffb86b49091933eb56248f66f29df&amp;width=414\" alt=\"\"\/><figcaption class=\"wp-element-caption\">Agentes de las fuerzas de seguridad tras detener al presunto autor del tiroteo, Cole Tomas Allen, este s\u00e1bado.Bill Frischling\/ CQ Roll Call (via REUTERS)<\/figcaption><\/figure>\n\n\n\n<p>No ha habido heridos y el sospechoso, seg\u00fan la polic\u00eda,&nbsp;<a href=\"https:\/\/elpais.com\/us\/2026-04-26\/video-asi-fue-el-momento-de-la-detencion-del-sospechoso-del-intendo-de-atentado-a-trump.html?autoplay=1\">ya no supone un peligro p\u00fablico<\/a>. El atacante, de nombre Cole Allen, seg\u00fan ha confirmado la agencia AP con fuentes de seguridad, es un hombre de 31 a\u00f1os, natural de California. Vive y ejerce como maestro de escuela en Torrance. Esta localidad, situada al sur de Los \u00c1ngeles, cerca del gran puerto de Long Beach, es coraz\u00f3n del transporte mar\u00edtimo estadounidense. En redes sociales, aparece reconocido como maestro del mes en diciembre de 2024.<\/p>\n\n\n\n<p>Allen era maestro de unos cursos llamados C2, una especie de red a nivel nacional que realiza programas personalizados para alumnos que destaquen (ya sea por muy buenas o muy malas calificaciones), es decir, ten\u00eda una formaci\u00f3n muy espec\u00edfica.<\/p>\n\n\n\n<figure class=\"wp-block-image\"><img decoding=\"async\" src=\"https:\/\/imagenes.elpais.com\/resizer\/v2\/B6WC5DXSS5BELK3LDS5I7I24O4.jpg?auth=3bf3700fdd9190bec7adb8b93d7cb3ad0d708cb59ad759cd1942c2061470cb10&amp;width=414&amp;height=233&amp;smart=true\" alt=\"\"\/><figcaption class=\"wp-element-caption\">Agentes de la polic\u00eda vigilan el domicilio de Cole Tomas Allen, en Torrance (California), este s\u00e1bado.Foto:&nbsp;Ethan Swope (AP)<\/figcaption><\/figure>\n\n\n\n<p>Seg\u00fan sus perfiles de redes sociales,&nbsp;<a href=\"https:\/\/www.linkedin.com\/posts\/c2-education_teacherofthemonth-c2education-studentsuccess-activity-7279496909898092545-5PzW?utm_source=li_share&amp;utm_content=feedcontent&amp;utm_medium=g_mb_web&amp;utm_campaign=copy\" target=\"_blank\" rel=\"noreferrer noopener\">Allen estudi\u00f3 en Cal Tech, una universidad privada<\/a>&nbsp;de gran calidad con sede en Los \u00c1ngeles, en concreto al norte de la ciudad, en la localidad de Pasadena. All\u00ed estudi\u00f3 un grado en ingeniera, que acab\u00f3 en 2017, y tambi\u00e9n un m\u00e1ster en ciencias de la computaci\u00f3n, que acababa de terminar, en 2025. Adem\u00e1s de ense\u00f1ar, tambi\u00e9n desarrollaba videojuegos.<\/p>\n\n\n\n<p>La polic\u00eda ha informado de que Allen ha sido acusado de asalto, as\u00ed como de portar armas de fuego. Llevaba una escopeta de caza, una pistola y un cuchillo, pero las autoridades no creen que tuviera c\u00f3mplices. Tampoco han informado de cu\u00e1nto tiempo llevaba en la capital o como hab\u00eda llegado hasta all\u00ed, aunque algunas versiones indican que se hab\u00eda registrado como hu\u00e9sped del Hilton, uno de los hoteles con mayor capacidad de Washington. Los motivos que le llevaron a disparar en la sala siguen siendo una inc\u00f3gnita, de lo que es&nbsp;<a href=\"https:\/\/elpais.com\/us\/2026-04-26\/el-atentado-contra-trump-en-la-cena-de-corresponsales-de-la-casa-blanca-el-tercer-intento-en-dos-anos.html\">ya el tercer intento de atentado contra Trump en los \u00faltimos 24 meses<\/a>.<\/p>\n\n\n\n<p>Fuente: <a href=\"https:\/\/elpais.com\/us\/2026-04-26\/el-atacante-de-la-cena-de-corresponsales-un-maestro-californiano-de-31-anos-esta-detenido.html\">https:\/\/elpais.com\/us\/2026-04-26\/el-atacante-de-la-cena-de-corresponsales-un-maestro-californiano-de-31-anos-esta-detenido.html<\/a><\/p>\n","protected":false},"excerpt":{"rendered":"<p>El hombre, arrestado tras irrumpir en el hotel donde el presidente Trump asist\u00eda a un evento, llevaba una escopeta de [&hellip;]<\/p>\n","protected":false},"author":1,"featured_media":121149,"comment_status":"open","ping_status":"open","sticky":false,"template":"","format":"standard","meta":{"site-sidebar-layout":"default","site-content-layout":"","ast-site-content-layout":"default","site-content-style":"default","site-sidebar-style":"default","ast-global-header-display":"","ast-banner-title-visibility":"","ast-main-header-display":"","ast-hfb-above-header-display":"","ast-hfb-below-header-display":"","ast-hfb-mobile-header-display":"","site-post-title":"","ast-breadcrumbs-content":"","ast-featured-img":"","footer-sml-layout":"","theme-transparent-header-meta":"","adv-header-id-meta":"","stick-header-meta":"","header-above-stick-meta":"","header-main-stick-meta":"","header-below-stick-meta":"","astra-migrate-meta-layouts":"default","ast-page-background-enabled":"default","ast-page-background-meta":{"desktop":{"background-color":"var(--ast-global-color-4)","background-image":"","background-repeat":"repeat","background-position":"center center","background-size":"auto","background-attachment":"scroll","background-type":"","background-media":"","overlay-type":"","overlay-color":"","overlay-opacity":"","overlay-gradient":""},"tablet":{"background-color":"","background-image":"","background-repeat":"repeat","background-position":"center center","background-size":"auto","background-attachment":"scroll","background-type":"","background-media":"","overlay-type":"","overlay-color":"","overlay-opacity":"","overlay-gradient":""},"mobile":{"background-color":"","background-image":"","background-repeat":"repeat","background-position":"center center","background-size":"auto","background-attachment":"scroll","background-type":"","background-media":"","overlay-type":"","overlay-color":"","overlay-opacity":"","overlay-gradient":""}},"ast-content-background-meta":{"desktop":{"background-color":"var(--ast-global-color-5)","background-image":"","background-repeat":"repeat","background-position":"center center","background-size":"auto","background-attachment":"scroll","background-type":"","background-media":"","overlay-type":"","overlay-color":"","overlay-opacity":"","overlay-gradient":""},"tablet":{"background-color":"var(--ast-global-color-5)","background-image":"","background-repeat":"repeat","background-position":"center center","background-size":"auto","background-attachment":"scroll","background-type":"","background-media":"","overlay-type":"","overlay-color":"","overlay-opacity":"","overlay-gradient":""},"mobile":{"background-color":"var(--ast-global-color-5)","background-image":"","background-repeat":"repeat","background-position":"center center","background-size":"auto","background-attachment":"scroll","background-type":"","background-media":"","overlay-type":"","overlay-color":"","overlay-opacity":"","overlay-gradient":""}},"footnotes":""},"categories":[8],"tags":[48565,48564],"class_list":["post-121148","post","type-post","status-publish","format-standard","has-post-thumbnail","hentry","category-noticias","tag-atentado-trump","tag-cole-allen"],"_links":{"self":[{"href":"https:\/\/losperiodistas.com.mx\/portal\/wp-json\/wp\/v2\/posts\/121148","targetHints":{"allow":["GET"]}}],"collection":[{"href":"https:\/\/losperiodistas.com.mx\/portal\/wp-json\/wp\/v2\/posts"}],"about":[{"href":"https:\/\/losperiodistas.com.mx\/portal\/wp-json\/wp\/v2\/types\/post"}],"author":[{"embeddable":true,"href":"https:\/\/losperiodistas.com.mx\/portal\/wp-json\/wp\/v2\/users\/1"}],"replies":[{"embeddable":true,"href":"https:\/\/losperiodistas.com.mx\/portal\/wp-json\/wp\/v2\/comments?post=121148"}],"version-history":[{"count":1,"href":"https:\/\/losperiodistas.com.mx\/portal\/wp-json\/wp\/v2\/posts\/121148\/revisions"}],"predecessor-version":[{"id":121150,"href":"https:\/\/losperiodistas.com.mx\/portal\/wp-json\/wp\/v2\/posts\/121148\/revisions\/121150"}],"wp:featuredmedia":[{"embeddable":true,"href":"https:\/\/losperiodistas.com.mx\/portal\/wp-json\/wp\/v2\/media\/121149"}],"wp:attachment":[{"href":"https:\/\/losperiodistas.com.mx\/portal\/wp-json\/wp\/v2\/media?parent=121148"}],"wp:term":[{"taxonomy":"category","embeddable":true,"href":"https:\/\/losperiodistas.com.mx\/portal\/wp-json\/wp\/v2\/categories?post=121148"},{"taxonomy":"post_tag","embeddable":true,"href":"https:\/\/losperiodistas.com.mx\/portal\/wp-json\/wp\/v2\/tags?post=121148"}],"curies":[{"name":"wp","href":"https:\/\/api.w.org\/{rel}","templated":true}]}}