{"id":121143,"date":"2026-04-26T07:04:12","date_gmt":"2026-04-26T13:04:12","guid":{"rendered":"https:\/\/losperiodistas.com.mx\/portal\/?p=121143"},"modified":"2026-04-26T07:04:13","modified_gmt":"2026-04-26T13:04:13","slug":"dia-mundial-de-la-propiedad-intelectual-did","status":"publish","type":"post","link":"https:\/\/losperiodistas.com.mx\/portal\/dia-mundial-de-la-propiedad-intelectual-did\/","title":{"rendered":"D\u00eda Mundial de la Propiedad Intelectual | DID"},"content":{"rendered":"\n<figure class=\"wp-block-image aligncenter size-full is-resized\"><img fetchpriority=\"high\" decoding=\"async\" width=\"305\" height=\"203\" src=\"https:\/\/losperiodistas.com.mx\/portal\/wp-content\/uploads\/2026\/04\/04-26_dia-mundial-pi_2026.jpg\" alt=\"\" class=\"wp-image-121144\" style=\"width:541px;height:auto\" srcset=\"https:\/\/losperiodistas.com.mx\/portal\/wp-content\/uploads\/2026\/04\/04-26_dia-mundial-pi_2026.jpg 305w, https:\/\/losperiodistas.com.mx\/portal\/wp-content\/uploads\/2026\/04\/04-26_dia-mundial-pi_2026-300x200.jpg 300w\" sizes=\"(max-width: 305px) 100vw, 305px\" \/><\/figure>\n\n\n\n<p><\/p>\n\n\n\n<p class=\"has-vivid-red-color has-text-color has-link-color has-medium-font-size wp-elements-3aa118b0468398fc8c867f42a873ef01\"><strong>REDACCI\u00d3N D\u00cdA INTERNACIONAL DE<\/strong><\/p>\n\n\n\n<p><strong>El 26 de abril se celebra el D\u00eda Mundial de la Propiedad Intelectual<\/strong>, una efem\u00e9ride decretada por la ONU en el a\u00f1o 2000 a trav\u00e9s de la&nbsp;<strong>Organizaci\u00f3n Mundial de la Propiedad Intelectual (OMPI)<\/strong>, con el objetivo de divulgar la funci\u00f3n que tienen los derechos de propiedad intelectual y con ello valorar y fomentar la innovaci\u00f3n y la creatividad.<\/p>\n\n\n\n<figure class=\"wp-block-embed is-type-rich is-provider-gestor-del-servicio wp-block-embed-gestor-del-servicio wp-embed-aspect-16-9 wp-has-aspect-ratio\"><div class=\"wp-block-embed__wrapper\">\n<iframe title=\"D\u00eda mundial de la propiedad intelectual\" width=\"500\" height=\"281\" src=\"https:\/\/www.youtube.com\/embed\/1YZ1bV-x8vI?feature=oembed\" frameborder=\"0\" allow=\"accelerometer; autoplay; clipboard-write; encrypted-media; gyroscope; picture-in-picture; web-share\" referrerpolicy=\"strict-origin-when-cross-origin\" allowfullscreen><\/iframe>\n<\/div><\/figure>\n\n\n\n<h2 class=\"wp-block-heading\" id=\"resTit_2\">El lema del D\u00eda Mundial de la Propiedad Intelectual tiene como protagonista al deporte en 2026<\/h2>\n\n\n\n<p>En la celebraci\u00f3n de este d\u00eda mundial la&nbsp;<strong>Organizaci\u00f3n Mundial de la Propiedad Intelectual (OMPI)&nbsp;<\/strong>selecciona anualmente un tema central. El tema de 2026 es:&nbsp;<em><strong>\u00abLa PI y el deporte: preparados, listos&#8230; \u00a1a innovar!\u00bb<\/strong><\/em><\/p>\n\n\n\n<p>La campa\u00f1a pone de relieve c\u00f3mo la propiedad intelectual desempe\u00f1a un papel clave en el desarrollo del deporte moderno. Desde el dise\u00f1o de equipamiento de alto rendimiento hasta las tecnolog\u00edas aplicadas al entrenamiento, pasando por las retransmisiones, las marcas y los contenidos digitales, el deporte se apoya en un entramado de derechos que protegen la innovaci\u00f3n y permiten su explotaci\u00f3n econ\u00f3mica.<\/p>\n\n\n\n<h2 class=\"wp-block-heading\" id=\"resTit_3\">\u00bfQu\u00e9 es la propiedad intelectual?<\/h2>\n\n\n\n<p>La propiedad intelectual&nbsp;<strong>es una disciplina de orden jur\u00eddico<\/strong>, la cual protege todas las innovaciones y creaciones art\u00edsticas, literarias y cient\u00edficas, que pueden ser tangibles o intangibles. Incluye nombres, s\u00edmbolos e im\u00e1genes utilizados a nivel comercial.<\/p>\n\n\n\n<p>Quedan protegidos todos los derechos de aquellas personas vinculadas al mundo de las artes, de la interpretaci\u00f3n, productores y a la radiodifusi\u00f3n. Con ello se pretende evitar que cualquier obra creativa sea objeto de plagio y en caso de suceder, se apliquen las sanciones pertinentes.<\/p>\n\n\n\n<p>En la protecci\u00f3n de la propiedad intelectual el marco legal se contempla la figura de las denominadas&nbsp;<strong>patentes<\/strong>. A trav\u00e9s de ellas, se logran que las personas involucradas logren cierto prestigio, reconocimiento y tambi\u00e9n ganancias por su trabajo creativo.<\/p>\n\n\n\n<h2 class=\"wp-block-heading\" id=\"resTit_4\">Distintos tipos de propiedad intelectual<\/h2>\n\n\n\n<figure class=\"wp-block-image size-full\"><img decoding=\"async\" width=\"650\" height=\"460\" src=\"https:\/\/losperiodistas.com.mx\/portal\/wp-content\/uploads\/2026\/04\/04-26_dia-mundial-de-la-propiedad-intelectual_m.jpg\" alt=\"\" class=\"wp-image-121146\" title=\"\" srcset=\"https:\/\/losperiodistas.com.mx\/portal\/wp-content\/uploads\/2026\/04\/04-26_dia-mundial-de-la-propiedad-intelectual_m.jpg 650w, https:\/\/losperiodistas.com.mx\/portal\/wp-content\/uploads\/2026\/04\/04-26_dia-mundial-de-la-propiedad-intelectual_m-300x212.jpg 300w\" sizes=\"(max-width: 650px) 100vw, 650px\" \/><\/figure>\n\n\n\n<p>Actualmente, existen dos ramas o clasificaciones de la propiedad intelectual contempladas en la legislaci\u00f3n vigente, como son los&nbsp;<strong>Derechos de Autor y Derechos Conexos<\/strong>&nbsp;(vinculados con las creaciones literarias y art\u00edsticas). Por otra parte, se destaca la&nbsp;<strong>Propiedad Industrial<\/strong>, relacionada con marcas, patentes, dise\u00f1os y modelos industriales.<\/p>\n\n\n\n<h3 class=\"wp-block-heading\" id=\"resTit_4_1\"><strong>Los Derechos de Autor<\/strong><\/h3>\n\n\n\n<p>Se refiere al trabajo creativo de las personas en las distintas disciplinas como el arte, la literatura, la pintura, el cine, la publicidad: obras musicales y audiovisuales, obras literarias (libros, revistas y publicaciones), fonogramas, entre otros.<\/p>\n\n\n\n<p>Incluye todas las innovaciones relacionadas con los distintos avances tecnol\u00f3gicos en el mundo de la inform\u00e1tica (c\u00f3digos fuente de programas y juegos de computaci\u00f3n, bases de datos).<\/p>\n\n\n\n<h3 class=\"wp-block-heading\" id=\"resTit_4_2\"><strong>Las Marcas<\/strong><\/h3>\n\n\n\n<p>Son de suma importancia, ya que se relacionan con el sello original que identifica un determinado producto o servicio: logotipos, nombres, slogans, sonidos, colores. En toda la historia, las marcan siempre han existido y es lo que permite diferenciar un determinado servicio o producto de otro.<\/p>\n\n\n\n<h3 class=\"wp-block-heading\" id=\"resTit_4_3\"><strong>Las Patentes<\/strong><\/h3>\n\n\n\n<p>Es un documento expedido que otorga derechos exclusivos de una obra o invenci\u00f3n a su autor, impidiendo a terceros su venta y comercializaci\u00f3n: productos, herramientas, m\u00e9todos, aparatos.<\/p>\n\n\n\n<p>Resultan esenciales, sobre todo, a la hora de que un producto o marca pueda ser utilizado por terceros.<\/p>\n\n\n\n<h3 class=\"wp-block-heading\" id=\"resTit_4_4\"><strong>Los Dise\u00f1os Industriales<\/strong><\/h3>\n\n\n\n<p>Est\u00e1n relacionados con todos los modelos industriales que se crean de los productos, interfaz gr\u00e1fica de aplicaciones, entre otros.<\/p>\n\n\n\n<h3 class=\"wp-block-heading\" id=\"resTit_4_5\"><strong>Indicaciones Geogr\u00e1ficas<\/strong><\/h3>\n\n\n\n<p>Para productos que tienen un origen geogr\u00e1fico concreto y cuyas cualidades, reputaci\u00f3n o caracter\u00edsticas se deben esencialmente a su lugar de origen.<\/p>\n\n\n\n<h2 class=\"wp-block-heading\" id=\"resTit_5\">Organizaci\u00f3n Mundial de la Propiedad Intelectual (OMPI)<\/h2>\n\n\n\n<p>La&nbsp;<strong>Organizaci\u00f3n Mundial de la Propiedad Intelectual (OMPI)&nbsp;<\/strong>es un organismo especializado de las Naciones Unidas que tiene como principal objetivo fomentar el uso y la protecci\u00f3n de obras producto del intelecto humano.<\/p>\n\n\n\n<p>Fue creada en 1967 en el marco de la firma de la Convenci\u00f3n de Estocolmo, cuya sede central se ubica en Ginebra, Suiza.<\/p>\n\n\n\n<p>Actualmente tiene 188 Estados miembros y administra 26 tratados internacionales relacionados con la regulaci\u00f3n de la propiedad intelectual.<\/p>\n\n\n\n<h2 class=\"wp-block-heading\" id=\"resTit_6\">Hist\u00f3rico de temas del D\u00eda Mundial de la Propiedad Intelectual<\/h2>\n\n\n\n<h3 class=\"wp-block-heading\" id=\"resTit_6_1\">Tema 2025: la PI y la m\u00fasica<\/h3>\n\n\n\n<p>El D\u00eda Mundial de la Propiedad Intelectual 2025 se celebr\u00f3 bajo el lema&nbsp;<em><strong>\u00abLa propiedad intelectual y la m\u00fasica: Al ritmo de la PI\u00bb<\/strong><\/em>, destacando el papel clave de la propiedad intelectual en el mundo musical.<\/p>\n\n\n\n<p>La m\u00fasica, como lenguaje universal, depende de la protecci\u00f3n legal para que compositores, int\u00e9rpretes y productores puedan desarrollarse en un mercado global.<\/p>\n\n\n\n<p>Los derechos de propiedad intelectual permiten a los artistas controlar el uso de sus obras, recibir una compensaci\u00f3n justa e invertir en nuevos proyectos, convirtiendo la creatividad en un modelo de negocio sostenible. En un entorno musical en constante evoluci\u00f3n comprender y gestionar adecuadamente la propiedad intelectual se vuelve esencial.<\/p>\n\n\n\n<h3 class=\"wp-block-heading\" id=\"noticia-2024\">Tema 2024: la PI y los ODS<\/h3>\n\n\n\n<p>El tema para 2024 fue&nbsp;<em><strong>\u00abLa Propiedad Intelectual y los Objetivos de Desarrollo Sostenible: Nuestro futuro com\u00fan se forja con innovaci\u00f3n y creatividad\u00bb<\/strong><\/em>.<\/p>\n\n\n\n<p>Para conseguir los ODS se necesita mucha innovaci\u00f3n y creatividad, para lograr avances en materia de sostenibilidad y protecci\u00f3n de los derechos b\u00e1sicos. Y la mejor forma de proteger este desarrollo que hace falta para lograr los ODS es protegiendo a las mentes pensantes que aplican su conocimiento y habilidades para avanzar en sociedad. Y para ello, es fundamental la protecci\u00f3n de la Propiedad Intelectual.<\/p>\n\n\n\n<h3 class=\"wp-block-heading\" id=\"resTit_6_3\">Tema 2023: Las mujeres y la PI<\/h3>\n\n\n\n<p>El tema para 2023 fue&nbsp;<strong><em>\u00abLas mujeres y la propiedad intelectual: acelerar la innovaci\u00f3n y la creatividad\u00bb<\/em><\/strong>. A lo largo de las generaciones las mujeres han dado forma al mundo con su ingenio y creatividad. Las mujeres han impulsado avances cient\u00edficos, han marcado tendencias, han creado empresas y trasformado en mundo para mejor.<\/p>\n\n\n\n<p>Pero hay un problema y es que pocas mujeres se benefician de la propiedad intelectual y eso nos perjudica a todos. As\u00ed que hay que conseguir que todas las mujeres se puedan beneficiar de la PI. Somos casi la mitad de la poblaci\u00f3n, es mucho talento y hay que protegerlo.<\/p>\n\n\n\n<h3 class=\"wp-block-heading\" id=\"resTit_6_4\">Campa\u00f1a 2022: La PI y la Juventud: Innovar para un futuro mejor<\/h3>\n\n\n\n<p>El tema de la campa\u00f1a para el a\u00f1o 2022 fue&nbsp;<em><strong>\u00abLa PI y la Juventud: Innovar para un futuro mejor\u00bb<\/strong><\/em>.<\/p>\n\n\n\n<p>Con ello se quiso divulgar la importancia de los retos de la innovaci\u00f3n y creatividad impulsados por los j\u00f3venes, para la construcci\u00f3n de un futuro mejor.<\/p>\n\n\n\n<p><\/p>\n\n\n\n<p>En tal sentido, los j\u00f3venes son emprendedores y creadores, utilizando los derechos de propiedad intelectual para alcanzar sus objetivos, crear puestos de trabajo, generar ingresos, afrontar los retos locales y mundiales, as\u00ed como apoyar el desarrollo comunitario y nacional.<\/p>\n\n\n\n<p>Se llev\u00f3 a cabo un&nbsp;<strong>Concurso de Video para J\u00f3venes<\/strong>, en el cual se seleccionaron los trabajos ganadores mediante una votaci\u00f3n p\u00fablica en l\u00ednea.<\/p>\n\n\n\n<h3 class=\"wp-block-heading\" id=\"resTit_6_5\">Campa\u00f1a 2021: La PI y las PYMES<\/h3>\n\n\n\n<p>La campa\u00f1a de 2021 para el D\u00eda Mundial de la Propiedad Intelectual se denomin\u00f3&nbsp;<em><strong>\u00abLa Propiedad Intelectual y las PYMES: para que las ideas lleguen al mercado\u00bb<\/strong><\/em>.<\/p>\n\n\n\n<p>Se centr\u00f3 en las peque\u00f1as y medianas empresas, las cuales conforman el 90% de las empresas en todo el mundo, representando el 70% del empleo mundial. Constituyen un elemento fundamental en la econom\u00eda, destacando que la propiedad intelectual contribuye notablemente en la transformaci\u00f3n de ideas en productos y servicios.<\/p>\n\n\n\n<h3 class=\"wp-block-heading\" id=\"resTit_6_6\">Campa\u00f1a 2020: Innovar para un Mundo Verde<\/h3>\n\n\n\n<figure class=\"wp-block-image\"><img decoding=\"async\" src=\"https:\/\/www.diainternacionalde.com\/imagenes\/dias\/abril\/04-26_dia-mundial-de-la-propiedad-intelectual_verde_s.jpg\" alt=\"La campa\u00f1a de 2020: innovar para un mundo verde\" title=\"La campa\u00f1a de 2020: innovar para un mundo verde\"\/><figcaption class=\"wp-element-caption\">La campa\u00f1a de 2020: innovar para un mundo verde<\/figcaption><\/figure>\n\n\n\n<p>El tema de la campa\u00f1a para 2020 fue&nbsp;<em><strong>\u00abInnovar para un mundo verde\u00bb<\/strong><\/em>, en la cual participaron creadores e inventores que orientan todo su trabajo para lograr un planeta m\u00e1s sostenible.<\/p>\n\n\n\n<p>Para 2020, la OMPI involucr\u00f3 a organismos tanto gubernamentales como no gubernamentales, distintas organizaciones y a la sociedad en general para aprovechar el&nbsp;<strong>D\u00eda Mundial de la Propiedad Intelectual&nbsp;<\/strong>y celebrar distintos eventos orientados a trabajar de manera mancomunada para el cuidado, protecci\u00f3n y conservaci\u00f3n de la naturaleza, para alcanzar un mundo verde.<\/p>\n\n\n\n<h2 class=\"wp-block-heading\" id=\"resTit_7\">\u00bfC\u00f3mo celebrar el D\u00eda Mundial de la Propiedad Intelectual?<\/h2>\n\n\n\n<p>Todos podemos formar parte de la celebraci\u00f3n del&nbsp;<strong>D\u00eda Mundial de la Propiedad Intelectual<\/strong>, divulgando y compartiendo informaci\u00f3n adicional sobre este interesante tema en la escuela, la comunidad o \u00e1rea laboral.<\/p>\n\n\n\n<p>Tambi\u00e9n puedes subir a las distintas redes sociales videos o alguna imagen aleg\u00f3rica, utilizando las etiquetas&nbsp;<strong><em>#D\u00edaMundialdelaPropiedadIntelectual<\/em><\/strong><strong><em>#PropiedadIntelectual #WorldIPDay<\/em><\/strong>.<\/p>\n\n\n\n<p><img decoding=\"async\" src=\"https:\/\/www.diainternacionalde.com\/imagenes\/equipo-humano\/patricia-lopez-redactora-jefa.jpg\">Patricia L\u00f3pez. Periodista.<a href=\"https:\/\/twitter.com\/plcasalengua\" target=\"_blank\" rel=\"noreferrer noopener\">plcasalengua<\/a><\/p>\n\n\n\n<p>Fuente: <a href=\"https:\/\/www.diainternacionalde.com\/ficha\/dia-mundial-propiedad-intelectual\">https:\/\/www.diainternacionalde.com\/ficha\/dia-mundial-propiedad-intelectual<\/a><\/p>\n","protected":false},"excerpt":{"rendered":"<p>REDACCI\u00d3N D\u00cdA INTERNACIONAL DE El 26 de abril se celebra el D\u00eda Mundial de la Propiedad Intelectual, una efem\u00e9ride decretada [&hellip;]<\/p>\n","protected":false},"author":1,"featured_media":121144,"comment_status":"open","ping_status":"open","sticky":false,"template":"","format":"standard","meta":{"site-sidebar-layout":"default","site-content-layout":"","ast-site-content-layout":"default","site-content-style":"default","site-sidebar-style":"default","ast-global-header-display":"","ast-banner-title-visibility":"","ast-main-header-display":"","ast-hfb-above-header-display":"","ast-hfb-below-header-display":"","ast-hfb-mobile-header-display":"","site-post-title":"","ast-breadcrumbs-content":"","ast-featured-img":"","footer-sml-layout":"","theme-transparent-header-meta":"","adv-header-id-meta":"","stick-header-meta":"","header-above-stick-meta":"","header-main-stick-meta":"","header-below-stick-meta":"","astra-migrate-meta-layouts":"default","ast-page-background-enabled":"default","ast-page-background-meta":{"desktop":{"background-color":"var(--ast-global-color-4)","background-image":"","background-repeat":"repeat","background-position":"center center","background-size":"auto","background-attachment":"scroll","background-type":"","background-media":"","overlay-type":"","overlay-color":"","overlay-opacity":"","overlay-gradient":""},"tablet":{"background-color":"","background-image":"","background-repeat":"repeat","background-position":"center center","background-size":"auto","background-attachment":"scroll","background-type":"","background-media":"","overlay-type":"","overlay-color":"","overlay-opacity":"","overlay-gradient":""},"mobile":{"background-color":"","background-image":"","background-repeat":"repeat","background-position":"center center","background-size":"auto","background-attachment":"scroll","background-type":"","background-media":"","overlay-type":"","overlay-color":"","overlay-opacity":"","overlay-gradient":""}},"ast-content-background-meta":{"desktop":{"background-color":"var(--ast-global-color-5)","background-image":"","background-repeat":"repeat","background-position":"center center","background-size":"auto","background-attachment":"scroll","background-type":"","background-media":"","overlay-type":"","overlay-color":"","overlay-opacity":"","overlay-gradient":""},"tablet":{"background-color":"var(--ast-global-color-5)","background-image":"","background-repeat":"repeat","background-position":"center center","background-size":"auto","background-attachment":"scroll","background-type":"","background-media":"","overlay-type":"","overlay-color":"","overlay-opacity":"","overlay-gradient":""},"mobile":{"background-color":"var(--ast-global-color-5)","background-image":"","background-repeat":"repeat","background-position":"center center","background-size":"auto","background-attachment":"scroll","background-type":"","background-media":"","overlay-type":"","overlay-color":"","overlay-opacity":"","overlay-gradient":""}},"footnotes":""},"categories":[8],"tags":[48561,48562,48563],"class_list":["post-121143","post","type-post","status-publish","format-standard","has-post-thumbnail","hentry","category-noticias","tag-diamundialdelapropiedadintelectual","tag-propiedadintelectual","tag-worldipday"],"_links":{"self":[{"href":"https:\/\/losperiodistas.com.mx\/portal\/wp-json\/wp\/v2\/posts\/121143","targetHints":{"allow":["GET"]}}],"collection":[{"href":"https:\/\/losperiodistas.com.mx\/portal\/wp-json\/wp\/v2\/posts"}],"about":[{"href":"https:\/\/losperiodistas.com.mx\/portal\/wp-json\/wp\/v2\/types\/post"}],"author":[{"embeddable":true,"href":"https:\/\/losperiodistas.com.mx\/portal\/wp-json\/wp\/v2\/users\/1"}],"replies":[{"embeddable":true,"href":"https:\/\/losperiodistas.com.mx\/portal\/wp-json\/wp\/v2\/comments?post=121143"}],"version-history":[{"count":1,"href":"https:\/\/losperiodistas.com.mx\/portal\/wp-json\/wp\/v2\/posts\/121143\/revisions"}],"predecessor-version":[{"id":121147,"href":"https:\/\/losperiodistas.com.mx\/portal\/wp-json\/wp\/v2\/posts\/121143\/revisions\/121147"}],"wp:featuredmedia":[{"embeddable":true,"href":"https:\/\/losperiodistas.com.mx\/portal\/wp-json\/wp\/v2\/media\/121144"}],"wp:attachment":[{"href":"https:\/\/losperiodistas.com.mx\/portal\/wp-json\/wp\/v2\/media?parent=121143"}],"wp:term":[{"taxonomy":"category","embeddable":true,"href":"https:\/\/losperiodistas.com.mx\/portal\/wp-json\/wp\/v2\/categories?post=121143"},{"taxonomy":"post_tag","embeddable":true,"href":"https:\/\/losperiodistas.com.mx\/portal\/wp-json\/wp\/v2\/tags?post=121143"}],"curies":[{"name":"wp","href":"https:\/\/api.w.org\/{rel}","templated":true}]}}