{"id":121137,"date":"2026-04-26T06:58:12","date_gmt":"2026-04-26T12:58:12","guid":{"rendered":"https:\/\/losperiodistas.com.mx\/portal\/?p=121137"},"modified":"2026-04-26T06:58:14","modified_gmt":"2026-04-26T12:58:14","slug":"el-papa-el-buen-pastor-no-viene-a-robarnos-nada-al-contrario-multiplica-la-vida-vatican-news","status":"publish","type":"post","link":"https:\/\/losperiodistas.com.mx\/portal\/el-papa-el-buen-pastor-no-viene-a-robarnos-nada-al-contrario-multiplica-la-vida-vatican-news\/","title":{"rendered":"El Papa: El Buen Pastor no viene a robarnos nada, al contrario, multiplica la vida | Vatican News"},"content":{"rendered":"\n<p class=\"has-luminous-vivid-amber-background-color has-background has-medium-font-size\">Este IV Domingo de Pascua, Domingo del Buen Pastor, el Papa Le\u00f3n XIV dirigi\u00f3 la oraci\u00f3n mariana del Regina Caeli desde la ventana del Palacio Apost\u00f3lico. En su alocuci\u00f3n previa dijo que, \u201cJes\u00fas, el Buen Pastor nos conoce, nos llama por nuestro nombre, nos gu\u00eda y, como hace un pastor con sus ovejas, viene a buscarnos cuando estamos perdidos y venda nuestras heridas cuando estamos enfermos\u201d.<\/p>\n\n\n\n<figure class=\"wp-block-embed is-type-video is-provider-youtube wp-block-embed-youtube wp-embed-aspect-16-9 wp-has-aspect-ratio\"><div class=\"wp-block-embed__wrapper\">\n<iframe title=\"Regina Caeli, 26 de abril de 2026 - Papa Le\u00f3n XIV\" width=\"500\" height=\"281\" src=\"https:\/\/www.youtube.com\/embed\/hnI0r5lXrlc?feature=oembed\" frameborder=\"0\" allow=\"accelerometer; autoplay; clipboard-write; encrypted-media; gyroscope; picture-in-picture; web-share\" referrerpolicy=\"strict-origin-when-cross-origin\" allowfullscreen><\/iframe>\n<\/div><\/figure>\n\n\n\n<p><\/p>\n\n\n\n<p class=\"has-vivid-red-color has-text-color has-link-color has-medium-font-size wp-elements-5f4b6c2a11f836f23ba239c4d6997b6e\"><strong>Renato Martinez \u2013\/ Vatican News <\/strong><\/p>\n\n\n\n<p><strong>Ciudad del Vaticano<\/strong><\/p>\n\n\n\n<p><\/p>\n\n\n\n<p>\u201cHoy el Evangelio nos invita a confiar en el Se\u00f1or: \u00c9l no viene a robarnos nada; al contrario, es el Buen Pastor, que multiplica la vida y nos la ofrece en abundancia\u201d, este fue el aliento del Papa Le\u00f3n XIV en su alocuci\u00f3n previa a la oraci\u00f3n mariana del Regina Caeli de este 26 de abril, Domingo del Buen Pastor, Jornada Mundial de Oraci\u00f3n por las Vocaciones, desde la ventana del Palacio Apost\u00f3lico.<\/p>\n\n\n\n<h2 class=\"wp-block-heading\"><strong>Jes\u00fas es el Buen Pastor<\/strong><\/h2>\n\n\n\n<p>Al comentar el Evangelio de este IV Domingo de Pascua, el Santo Padre indic\u00f3 que, el texto b\u00edblico nos presenta las palabras de Jes\u00fas, que se compara con un pastor y luego con la puerta del redil. Al referirse a Jes\u00fas como pastor, el Pont\u00edfice afirm\u00f3 que, hay un contraste entre el pastor y el ladr\u00f3n; y m\u00e1s adelante, de modo a\u00fan m\u00e1s claro dice: \u00abEl ladr\u00f3n no viene sino para robar, matar y destruir. Pero yo he venido para que las ovejas tengan Vida, y la tengan en abundancia\u00bb.<\/p>\n\n\n\n<p><em>\u201cLa diferencia es clara: el pastor tiene un v\u00ednculo especial con sus ovejas y, por lo tanto, puede entrar por la puerta del redil; si alguien, en cambio, necesita saltar la cerca, entonces sin duda es un ladr\u00f3n que quiere robar las ovejas\u201d.<\/em><\/p>\n\n\n\n<h2 class=\"wp-block-heading\"><strong>Jes\u00fas est\u00e1 unido a nosotros por una relaci\u00f3n de amistad<\/strong><\/h2>\n\n\n\n<p>Asimismo, el Obispo de Roma se\u00f1alo que, Jes\u00fas nos dice que est\u00e1 unido a nosotros por una relaci\u00f3n de amistad: nos conoce, nos llama por nuestro nombre, nos gu\u00eda y, como hace un pastor con sus ovejas, viene a buscarnos cuando estamos perdidos y venda nuestras heridas cuando estamos enfermos.<\/p>\n\n\n\n<p><em>\u201cJes\u00fas no viene como un ladr\u00f3n para robarnos la vida y la libertad, sino para guiarnos por el camino correcto. No viene a secuestrar ni a enga\u00f1ar nuestra conciencia, sino a iluminarla con la luz de su sabidur\u00eda. No viene como si fuera a contaminar nuestras alegr\u00edas terrenales, sino a abrirlas a una felicidad m\u00e1s plena y duradera. Quienes conf\u00edan en \u00c9l no tienen nada que temer; \u00c9l no menosprecia nuestra vida, sino que viene a d\u00e1rnosla en abundancia\u201d.<\/em><\/p>\n\n\n\n<p><a href=\"https:\/\/www.vaticannews.va\/es\/papa\/news\/2026-04\/papa-leon-xiv-llamamiento-regina-caeli-26-abril-energia-atomica.html\"><\/a><\/p>\n\n\n\n<figure class=\"wp-block-image\"><a href=\"https:\/\/www.vaticannews.va\/es\/papa\/news\/2026-04\/papa-leon-xiv-llamamiento-regina-caeli-26-abril-energia-atomica.html\"><img decoding=\"async\" src=\"https:\/\/www.vaticannews.va\/content\/dam\/vaticannews\/agenzie\/images\/afp\/2026\/04\/26\/12\/1777198575025.jpg\/_jcr_content\/renditions\/cq5dam.thumbnail.cropped.500.281.jpeg\" alt=\"El Papa: Que todo uso de la energ\u00eda at\u00f3mica est\u00e9 al servicio de la vida y la paz\"\/><\/a><\/figure>\n\n\n\n<p>26\/04\/2026<\/p>\n\n\n\n<h2 class=\"wp-block-heading\"><a href=\"https:\/\/www.vaticannews.va\/es\/papa\/news\/2026-04\/papa-leon-xiv-llamamiento-regina-caeli-26-abril-energia-atomica.html\">El Papa: Que todo uso de la energ\u00eda at\u00f3mica est\u00e9 al servicio de la vida y la paz<\/a><\/h2>\n\n\n\n<p>Este 26 de abril, Domingo del Buen Pastor, despu\u00e9s de rezar la oraci\u00f3n del Regina Caeli, el Papa Le\u00f3n record\u00f3 que hoy se conmemora el 40.\u00ba aniversario del tr\u00e1gico accidente de &#8230;<\/p>\n\n\n\n<h2 class=\"wp-block-heading\"><strong>Estamos invitados a vigilar nuestros corazones<\/strong><\/h2>\n\n\n\n<p>En este sentido, el Santo Padre record\u00f3 que, estamos invitados a reflexionar y, sobre todo, a vigilar nuestros corazones y nuestras vidas, porque quienes entran en ellos pueden multiplicar la alegr\u00eda o, como un ladr\u00f3n, pueden rob\u00e1rnosla.<\/p>\n\n\n\n<p><em>\u201cLos \u2018ladrones\u2019 pueden adoptar muchos rostros: son aquellos que, a pesar de las apariencias, coartan nuestra libertad o no respetan nuestra dignidad; son creencias y prejuicios que nos impiden tener una visi\u00f3n clara de los dem\u00e1s y de la vida; son ideas err\u00f3neas que pueden llevarnos a tomar decisiones negativas; son estilos de vida superficiales o consumistas que nos vac\u00edan interiormente y nos impulsan a vivir siempre fuera de nosotros mismos. Y no olvidemos tampoco a esos \u201cladrones\u201d que, saqueando los recursos de la tierra, librando guerras sangrientas o alimentando el mal en cualquiera de sus formas, no hacen m\u00e1s que arrebatarnos a todos la posibilidad de un futuro de paz y serenidad\u201d.<\/em><\/p>\n\n\n\n<h2 class=\"wp-block-heading\"><strong>Jes\u00fas es el Buen Pastor<\/strong><\/h2>\n\n\n\n<p>Antes de encomendarnos a la protecci\u00f3n de la Virgen Mar\u00eda, el Papa Le\u00f3n XIV indic\u00f3 que, hoy el Evangelio nos invita a confiar en el Se\u00f1or: \u00c9l no viene a robarnos nada; al contrario, es el Buen Pastor, que multiplica la vida y nos la ofrece en abundancia. Y propuso las siguientes preguntas:<\/p>\n\n\n\n<p><em>\u201c\u00bfQui\u00e9n queremos que gu\u00ede nuestras vidas? \u00bfQui\u00e9nes son los \u201cladrones\u201d que han intentado entrar en nuestro interior? \u00bfLo han logrado, o hemos podido rechazarlos?\u201d.<\/em><\/p>\n\n\n\n<p>Fuente: <a href=\"https:\/\/www.vaticannews.va\/es\/papa\/news\/2026-04\/papa-leon-xiv-alocucion-regina-caeli-iv-domingo-pascua-26-abril.html\">https:\/\/www.vaticannews.va\/es\/papa\/news\/2026-04\/papa-leon-xiv-alocucion-regina-caeli-iv-domingo-pascua-26-abril.html<\/a><\/p>\n","protected":false},"excerpt":{"rendered":"<p>Este IV Domingo de Pascua, Domingo del Buen Pastor, el Papa Le\u00f3n XIV dirigi\u00f3 la oraci\u00f3n mariana del Regina Caeli [&hellip;]<\/p>\n","protected":false},"author":1,"featured_media":121138,"comment_status":"open","ping_status":"open","sticky":false,"template":"","format":"standard","meta":{"site-sidebar-layout":"default","site-content-layout":"","ast-site-content-layout":"default","site-content-style":"default","site-sidebar-style":"default","ast-global-header-display":"","ast-banner-title-visibility":"","ast-main-header-display":"","ast-hfb-above-header-display":"","ast-hfb-below-header-display":"","ast-hfb-mobile-header-display":"","site-post-title":"","ast-breadcrumbs-content":"","ast-featured-img":"","footer-sml-layout":"","theme-transparent-header-meta":"","adv-header-id-meta":"","stick-header-meta":"","header-above-stick-meta":"","header-main-stick-meta":"","header-below-stick-meta":"","astra-migrate-meta-layouts":"default","ast-page-background-enabled":"default","ast-page-background-meta":{"desktop":{"background-color":"var(--ast-global-color-4)","background-image":"","background-repeat":"repeat","background-position":"center center","background-size":"auto","background-attachment":"scroll","background-type":"","background-media":"","overlay-type":"","overlay-color":"","overlay-opacity":"","overlay-gradient":""},"tablet":{"background-color":"","background-image":"","background-repeat":"repeat","background-position":"center center","background-size":"auto","background-attachment":"scroll","background-type":"","background-media":"","overlay-type":"","overlay-color":"","overlay-opacity":"","overlay-gradient":""},"mobile":{"background-color":"","background-image":"","background-repeat":"repeat","background-position":"center center","background-size":"auto","background-attachment":"scroll","background-type":"","background-media":"","overlay-type":"","overlay-color":"","overlay-opacity":"","overlay-gradient":""}},"ast-content-background-meta":{"desktop":{"background-color":"var(--ast-global-color-5)","background-image":"","background-repeat":"repeat","background-position":"center center","background-size":"auto","background-attachment":"scroll","background-type":"","background-media":"","overlay-type":"","overlay-color":"","overlay-opacity":"","overlay-gradient":""},"tablet":{"background-color":"var(--ast-global-color-5)","background-image":"","background-repeat":"repeat","background-position":"center center","background-size":"auto","background-attachment":"scroll","background-type":"","background-media":"","overlay-type":"","overlay-color":"","overlay-opacity":"","overlay-gradient":""},"mobile":{"background-color":"var(--ast-global-color-5)","background-image":"","background-repeat":"repeat","background-position":"center center","background-size":"auto","background-attachment":"scroll","background-type":"","background-media":"","overlay-type":"","overlay-color":"","overlay-opacity":"","overlay-gradient":""}},"footnotes":""},"categories":[8],"tags":[38288,48560,48559,38220],"class_list":["post-121137","post","type-post","status-publish","format-standard","has-post-thumbnail","hentry","category-noticias","tag-buen-pastor","tag-domingo-del-bvuen-pastor","tag-iv-domingo-pascua-2026","tag-papa-leon-xiv"],"_links":{"self":[{"href":"https:\/\/losperiodistas.com.mx\/portal\/wp-json\/wp\/v2\/posts\/121137","targetHints":{"allow":["GET"]}}],"collection":[{"href":"https:\/\/losperiodistas.com.mx\/portal\/wp-json\/wp\/v2\/posts"}],"about":[{"href":"https:\/\/losperiodistas.com.mx\/portal\/wp-json\/wp\/v2\/types\/post"}],"author":[{"embeddable":true,"href":"https:\/\/losperiodistas.com.mx\/portal\/wp-json\/wp\/v2\/users\/1"}],"replies":[{"embeddable":true,"href":"https:\/\/losperiodistas.com.mx\/portal\/wp-json\/wp\/v2\/comments?post=121137"}],"version-history":[{"count":1,"href":"https:\/\/losperiodistas.com.mx\/portal\/wp-json\/wp\/v2\/posts\/121137\/revisions"}],"predecessor-version":[{"id":121139,"href":"https:\/\/losperiodistas.com.mx\/portal\/wp-json\/wp\/v2\/posts\/121137\/revisions\/121139"}],"wp:featuredmedia":[{"embeddable":true,"href":"https:\/\/losperiodistas.com.mx\/portal\/wp-json\/wp\/v2\/media\/121138"}],"wp:attachment":[{"href":"https:\/\/losperiodistas.com.mx\/portal\/wp-json\/wp\/v2\/media?parent=121137"}],"wp:term":[{"taxonomy":"category","embeddable":true,"href":"https:\/\/losperiodistas.com.mx\/portal\/wp-json\/wp\/v2\/categories?post=121137"},{"taxonomy":"post_tag","embeddable":true,"href":"https:\/\/losperiodistas.com.mx\/portal\/wp-json\/wp\/v2\/tags?post=121137"}],"curies":[{"name":"wp","href":"https:\/\/api.w.org\/{rel}","templated":true}]}}