{"id":121122,"date":"2026-04-26T00:29:23","date_gmt":"2026-04-26T06:29:23","guid":{"rendered":"https:\/\/losperiodistas.com.mx\/portal\/?p=121122"},"modified":"2026-04-26T00:29:27","modified_gmt":"2026-04-26T06:29:27","slug":"cce-de-puebla-mantiene-en-reserva-resultados-clave-del-cablebus-hasta-tener-datos-contundentes-telediario","status":"publish","type":"post","link":"https:\/\/losperiodistas.com.mx\/portal\/cce-de-puebla-mantiene-en-reserva-resultados-clave-del-cablebus-hasta-tener-datos-contundentes-telediario\/","title":{"rendered":"CCE de Puebla mantiene en reserva resultados clave del Cableb\u00fas hasta tener datos \u201ccontundentes\u201d | Telediario"},"content":{"rendered":"\n<p>El an\u00e1lisis permitir\u00e1 elaborar un dictamen integral que contemple aspectos t\u00e9cnicos, econ\u00f3micos y posibles alternativas para el proyecto del Cableb\u00fas en Puebla.<\/p>\n\n\n\n<figure class=\"wp-block-image size-large\"><img fetchpriority=\"high\" decoding=\"async\" width=\"1024\" height=\"576\" src=\"https:\/\/losperiodistas.com.mx\/portal\/wp-content\/uploads\/2026\/04\/interior-cabinas-cablebus-pue-1024x576.png\" alt=\"\" class=\"wp-image-121123\" srcset=\"https:\/\/losperiodistas.com.mx\/portal\/wp-content\/uploads\/2026\/04\/interior-cabinas-cablebus-pue-1024x576.png 1024w, https:\/\/losperiodistas.com.mx\/portal\/wp-content\/uploads\/2026\/04\/interior-cabinas-cablebus-pue-300x169.png 300w, https:\/\/losperiodistas.com.mx\/portal\/wp-content\/uploads\/2026\/04\/interior-cabinas-cablebus-pue-768x432.png 768w, https:\/\/losperiodistas.com.mx\/portal\/wp-content\/uploads\/2026\/04\/interior-cabinas-cablebus-pue.png 1291w\" sizes=\"(max-width: 1024px) 100vw, 1024px\" \/><figcaption class=\"wp-element-caption\">Interior de una de las cabinas del proyecto del Cableb\u00fas de Puebla | Es Imagen<\/figcaption><\/figure>\n\n\n\n<p class=\"has-vivid-red-color has-text-color has-link-color wp-elements-5e7a9fe2f185a6ffb734c4eee6744418\">Ver\u00f3nica L\u00f3pez \/ Telediario<\/p>\n\n\n\n<p>El Consejo Coordinador Empresarial (CCE) de Puebla se encuentra en la etapa final del an\u00e1lisis t\u00e9cnico y financiero del nuevo sistema de transporte por cable, conocido como Cableb\u00fas, proyecto que requerir\u00eda una inversi\u00f3n superior a los seis mil millones de pesos.<\/p>\n\n\n\n<p>As\u00ed lo inform\u00f3 el presidente del organismo, Juan Pablo Cisneros Madrid, quien adelant\u00f3 que los resultados definitivos del estudio se presentar\u00e1n en los pr\u00f3ximos d\u00edas.<\/p>\n\n\n\n<p>Aunque ya se tienen los primeros indicadores, Cisneros Madrid se\u00f1al\u00f3 que el sector empresarial ha optado por la prudencia para garantizar que la informaci\u00f3n sea \u201ccontundente\u201d antes de hacerla p\u00fablica.<\/p>\n\n\n\n<p>El an\u00e1lisis est\u00e1 a cargo de la vicepresidencia de Infraestructura del CCE y permitir\u00e1 elaborar un dictamen integral que contemple aspectos t\u00e9cnicos, econ\u00f3micos y posibles alternativas, agreg\u00f3 el l\u00edder empresarial.<\/p>\n\n\n\n<blockquote class=\"wp-block-quote is-layout-flow wp-block-quote-is-layout-flow\">\n<p>\u201cYa empezaron a salir los primeros resultados, pero el compromiso es no compartirlos hasta que sean contundentes. Lo que puedo decir es que hay avances; nos hemos apoyado con la vicepresidencia de Infraestructura y espero que en pocos d\u00edas podamos entregar los resultados\u201d, puntualiz\u00f3.<\/p>\n<\/blockquote>\n\n\n\n<p>El presidente del CCE Puebla destac\u00f3 que este dictamen no solo evaluar\u00e1 la relaci\u00f3n costo-beneficio de la obra, sino que integrar\u00e1 las perspectivas del sector p\u00fablico, la iniciativa privada y la sociedad. El objetivo, explic\u00f3, es que el documento final sea una herramienta estrat\u00e9gica para la toma de decisiones de las autoridades estatales.<\/p>\n\n\n\n<blockquote class=\"wp-block-quote is-layout-flow wp-block-quote-is-layout-flow\">\n<p>\u201cPronto tendremos el resultado y lo anunciaremos. Lo que trabajemos debe ser informaci\u00f3n \u00fatil para las autoridades, el gobierno y, por supuesto, la sociedad, as\u00ed que lo compartiremos con todos\u201d, afirm\u00f3.<\/p>\n<\/blockquote>\n\n\n\n<p>De acuerdo con datos del gobierno estatal, la construcci\u00f3n del Cableb\u00fas abarcar\u00e1 13.61 kil\u00f3metros, con nueve estaciones, 96 torres y una capacidad estimada de entre mil y 2 mil 500 personas por hora, mediante cuatro l\u00edneas que conectar\u00e1n desde el Estadio Cuauht\u00e9moc hasta la zona de Angel\u00f3polis.<\/p>\n\n\n\n<p>Fuente: <a href=\"https:\/\/www.telediario.mx\/economia\/cce-puebla-afina-dictamen-sobre-el-cablebus-para-darlo-a-conocer\" target=\"_blank\" rel=\"noreferrer noopener\">Telediario<\/a><\/p>\n","protected":false},"excerpt":{"rendered":"<p>El an\u00e1lisis permitir\u00e1 elaborar un dictamen integral que contemple aspectos t\u00e9cnicos, econ\u00f3micos y posibles alternativas para el proyecto del Cableb\u00fas en Puebla.<\/p>\n","protected":false},"author":1,"featured_media":121123,"comment_status":"open","ping_status":"open","sticky":false,"template":"","format":"standard","meta":{"site-sidebar-layout":"default","site-content-layout":"","ast-site-content-layout":"default","site-content-style":"default","site-sidebar-style":"default","ast-global-header-display":"","ast-banner-title-visibility":"","ast-main-header-display":"","ast-hfb-above-header-display":"","ast-hfb-below-header-display":"","ast-hfb-mobile-header-display":"","site-post-title":"","ast-breadcrumbs-content":"","ast-featured-img":"","footer-sml-layout":"","theme-transparent-header-meta":"","adv-header-id-meta":"","stick-header-meta":"","header-above-stick-meta":"","header-main-stick-meta":"","header-below-stick-meta":"","astra-migrate-meta-layouts":"default","ast-page-background-enabled":"default","ast-page-background-meta":{"desktop":{"background-color":"var(--ast-global-color-4)","background-image":"","background-repeat":"repeat","background-position":"center center","background-size":"auto","background-attachment":"scroll","background-type":"","background-media":"","overlay-type":"","overlay-color":"","overlay-opacity":"","overlay-gradient":""},"tablet":{"background-color":"","background-image":"","background-repeat":"repeat","background-position":"center center","background-size":"auto","background-attachment":"scroll","background-type":"","background-media":"","overlay-type":"","overlay-color":"","overlay-opacity":"","overlay-gradient":""},"mobile":{"background-color":"","background-image":"","background-repeat":"repeat","background-position":"center center","background-size":"auto","background-attachment":"scroll","background-type":"","background-media":"","overlay-type":"","overlay-color":"","overlay-opacity":"","overlay-gradient":""}},"ast-content-background-meta":{"desktop":{"background-color":"var(--ast-global-color-5)","background-image":"","background-repeat":"repeat","background-position":"center center","background-size":"auto","background-attachment":"scroll","background-type":"","background-media":"","overlay-type":"","overlay-color":"","overlay-opacity":"","overlay-gradient":""},"tablet":{"background-color":"var(--ast-global-color-5)","background-image":"","background-repeat":"repeat","background-position":"center center","background-size":"auto","background-attachment":"scroll","background-type":"","background-media":"","overlay-type":"","overlay-color":"","overlay-opacity":"","overlay-gradient":""},"mobile":{"background-color":"var(--ast-global-color-5)","background-image":"","background-repeat":"repeat","background-position":"center center","background-size":"auto","background-attachment":"scroll","background-type":"","background-media":"","overlay-type":"","overlay-color":"","overlay-opacity":"","overlay-gradient":""}},"footnotes":""},"categories":[8],"tags":[48551,8264,48550,48549],"class_list":["post-121122","post","type-post","status-publish","format-standard","has-post-thumbnail","hentry","category-noticias","tag-analisis-tecnico-financiero","tag-cce","tag-cisneros-madrid","tag-resultados-cablebus"],"_links":{"self":[{"href":"https:\/\/losperiodistas.com.mx\/portal\/wp-json\/wp\/v2\/posts\/121122","targetHints":{"allow":["GET"]}}],"collection":[{"href":"https:\/\/losperiodistas.com.mx\/portal\/wp-json\/wp\/v2\/posts"}],"about":[{"href":"https:\/\/losperiodistas.com.mx\/portal\/wp-json\/wp\/v2\/types\/post"}],"author":[{"embeddable":true,"href":"https:\/\/losperiodistas.com.mx\/portal\/wp-json\/wp\/v2\/users\/1"}],"replies":[{"embeddable":true,"href":"https:\/\/losperiodistas.com.mx\/portal\/wp-json\/wp\/v2\/comments?post=121122"}],"version-history":[{"count":1,"href":"https:\/\/losperiodistas.com.mx\/portal\/wp-json\/wp\/v2\/posts\/121122\/revisions"}],"predecessor-version":[{"id":121124,"href":"https:\/\/losperiodistas.com.mx\/portal\/wp-json\/wp\/v2\/posts\/121122\/revisions\/121124"}],"wp:featuredmedia":[{"embeddable":true,"href":"https:\/\/losperiodistas.com.mx\/portal\/wp-json\/wp\/v2\/media\/121123"}],"wp:attachment":[{"href":"https:\/\/losperiodistas.com.mx\/portal\/wp-json\/wp\/v2\/media?parent=121122"}],"wp:term":[{"taxonomy":"category","embeddable":true,"href":"https:\/\/losperiodistas.com.mx\/portal\/wp-json\/wp\/v2\/categories?post=121122"},{"taxonomy":"post_tag","embeddable":true,"href":"https:\/\/losperiodistas.com.mx\/portal\/wp-json\/wp\/v2\/tags?post=121122"}],"curies":[{"name":"wp","href":"https:\/\/api.w.org\/{rel}","templated":true}]}}