{"id":121119,"date":"2026-04-26T00:06:06","date_gmt":"2026-04-26T06:06:06","guid":{"rendered":"https:\/\/losperiodistas.com.mx\/portal\/?p=121119"},"modified":"2026-04-26T00:06:07","modified_gmt":"2026-04-26T06:06:07","slug":"mezcal-poblano-logra-reconocimiento-historico-por-su-calidad-y-tradicion-reporteindigo","status":"publish","type":"post","link":"https:\/\/losperiodistas.com.mx\/portal\/mezcal-poblano-logra-reconocimiento-historico-por-su-calidad-y-tradicion-reporteindigo\/","title":{"rendered":"Mezcal poblano logra reconocimiento hist\u00f3rico por su calidad y tradici\u00f3n | ReporteIndigo"},"content":{"rendered":"\n<p>Con 91 medallas, el estado se coloca como l\u00edder nacional y consolida su prestigio en la producci\u00f3n de destilados mexicanos<\/p>\n\n\n\n<figure class=\"wp-block-image size-large\"><img fetchpriority=\"high\" decoding=\"async\" width=\"1024\" height=\"575\" src=\"https:\/\/losperiodistas.com.mx\/portal\/wp-content\/uploads\/2026\/04\/MezcalPoblano-1024x575.png\" alt=\"\" class=\"wp-image-121120\" srcset=\"https:\/\/losperiodistas.com.mx\/portal\/wp-content\/uploads\/2026\/04\/MezcalPoblano-1024x575.png 1024w, https:\/\/losperiodistas.com.mx\/portal\/wp-content\/uploads\/2026\/04\/MezcalPoblano-300x169.png 300w, https:\/\/losperiodistas.com.mx\/portal\/wp-content\/uploads\/2026\/04\/MezcalPoblano-768x432.png 768w, https:\/\/losperiodistas.com.mx\/portal\/wp-content\/uploads\/2026\/04\/MezcalPoblano.png 1500w\" sizes=\"(max-width: 1024px) 100vw, 1024px\" \/><figcaption class=\"wp-element-caption\">Productores poblanos celebran los 91 premios obtenidos en el Concurso Nacional de Mezcal 2026. Foto: Gobierno de Puebla.<\/figcaption><\/figure>\n\n\n\n<p class=\"has-vivid-red-color has-text-color has-link-color wp-elements-0fbe3bface206286a7ac5911f6237956\">Redacci\u00f3n \/ Reporte \u00cdndigo<\/p>\n\n\n\n<p><strong>Puebla <\/strong>se consolid\u00f3 como <strong>l\u00edder nacional en la producci\u00f3n de mezcal <\/strong>al obtener<strong> 91 galardones en el XV Concurso Nacional de Marcas de Mezcal y Destilados Mexicanos <\/strong>2026, un resultado que refleja la calidad, tradici\u00f3n y reconocimiento creciente de sus productores.<\/p>\n\n\n\n<p>Este logro posiciona a la entidad por encima de otros 10 estados participantes y confirma el alto nivel competitivo del mezcal poblano en el pa\u00eds, de acuerdo con resultados dados a conocer por la <strong>Academia del Mezcal y del Maguey<\/strong>.<\/p>\n\n\n\n<h2 class=\"wp-block-heading\">Liderazgo en el medallero<\/h2>\n\n\n\n<p>El estado obtuvo un total de <strong>91 medallas<\/strong>, distribuidas en <strong>20 Gran Oro, 34 Oro y 37 Plata<\/strong>, uno de los desempe\u00f1os m\u00e1s destacados en la historia reciente del certamen.<\/p>\n\n\n\n<p>Entre las marcas reconocidas se encuentran 1001 Secretos, 9 Aguas, 11 Latidos, Cosa Juzgada, La Atlixquense, La Vi de Ca, Ma-Me, Agave Rosa y Papalotl, que en conjunto reflejan la diversidad, identidad y excelencia del mezcal poblano.<\/p>\n\n\n\n<h3 class=\"wp-block-heading\">Tradici\u00f3n y calidad que trascienden<\/h3>\n\n\n\n<p>La relevancia de este resultado radica en la riqueza cultural del estado y en el trabajo de generaciones de maestras y maestros mezcaleros que han perfeccionado procesos tradicionales de elaboraci\u00f3n.<\/p>\n\n\n\n<p>A ello se suma la amplia diversidad de agaves en Puebla, lo que permite la creaci\u00f3n de destilados con perfiles \u00fanicos que han ganado reconocimiento tanto en el mercado nacional como internacional.<\/p>\n\n\n\n<h2 class=\"wp-block-heading\">Impulso institucional al sector<\/h2>\n\n\n\n<p>Bajo la administraci\u00f3n del gobernador Alejandro Armenta Mier, se han <strong>fortalecido pol\u00edticas p\u00fablicas<\/strong> orientadas a la profesionalizaci\u00f3n, certificaci\u00f3n y mejora de los procesos productivos.<\/p>\n\n\n\n<p>Como parte de esta estrategia, el <strong>Gobierno federal destin\u00f3 <\/strong>para 2026 una<strong> inversi\u00f3n de 50 millones de pesos<\/strong> al <strong>fortalecimiento<\/strong> de toda la <strong>cadena productiva del mezcal<\/strong>, desde el cultivo del maguey hasta su comercializaci\u00f3n.<\/p>\n\n\n\n<p>Este resultado no s\u00f3lo representa un reconocimiento, sino la <strong>consolidaci\u00f3n<\/strong> de un modelo que<strong> impulsa el desarrollo econ\u00f3mico regional <\/strong>y posiciona al mezcal poblano como s\u00edmbolo de identidad, orgullo y proyecci\u00f3n nacional.<\/p>\n\n\n\n<p>Fuente: <a href=\"https:\/\/www.reporteindigo.com\/nacional\/mezcal-poblano-logra-reconocimiento-historico-por-su-calidad-y-tradicion-20260425-0038.html\">Reporte \u00cdndigo<\/a><\/p>\n\n\n\n<p><\/p>\n","protected":false},"excerpt":{"rendered":"<p>Con 91medallas, el estado se coloca como l\u00edder nacional y consolida su prestigio en la producci\u00f3n de destilados mexicanos<\/p>\n","protected":false},"author":1,"featured_media":121120,"comment_status":"open","ping_status":"open","sticky":false,"template":"","format":"standard","meta":{"site-sidebar-layout":"default","site-content-layout":"","ast-site-content-layout":"default","site-content-style":"default","site-sidebar-style":"default","ast-global-header-display":"","ast-banner-title-visibility":"","ast-main-header-display":"","ast-hfb-above-header-display":"","ast-hfb-below-header-display":"","ast-hfb-mobile-header-display":"","site-post-title":"","ast-breadcrumbs-content":"","ast-featured-img":"","footer-sml-layout":"","theme-transparent-header-meta":"","adv-header-id-meta":"","stick-header-meta":"","header-above-stick-meta":"","header-main-stick-meta":"","header-below-stick-meta":"","astra-migrate-meta-layouts":"default","ast-page-background-enabled":"default","ast-page-background-meta":{"desktop":{"background-color":"var(--ast-global-color-4)","background-image":"","background-repeat":"repeat","background-position":"center center","background-size":"auto","background-attachment":"scroll","background-type":"","background-media":"","overlay-type":"","overlay-color":"","overlay-opacity":"","overlay-gradient":""},"tablet":{"background-color":"","background-image":"","background-repeat":"repeat","background-position":"center center","background-size":"auto","background-attachment":"scroll","background-type":"","background-media":"","overlay-type":"","overlay-color":"","overlay-opacity":"","overlay-gradient":""},"mobile":{"background-color":"","background-image":"","background-repeat":"repeat","background-position":"center center","background-size":"auto","background-attachment":"scroll","background-type":"","background-media":"","overlay-type":"","overlay-color":"","overlay-opacity":"","overlay-gradient":""}},"ast-content-background-meta":{"desktop":{"background-color":"var(--ast-global-color-5)","background-image":"","background-repeat":"repeat","background-position":"center center","background-size":"auto","background-attachment":"scroll","background-type":"","background-media":"","overlay-type":"","overlay-color":"","overlay-opacity":"","overlay-gradient":""},"tablet":{"background-color":"var(--ast-global-color-5)","background-image":"","background-repeat":"repeat","background-position":"center center","background-size":"auto","background-attachment":"scroll","background-type":"","background-media":"","overlay-type":"","overlay-color":"","overlay-opacity":"","overlay-gradient":""},"mobile":{"background-color":"var(--ast-global-color-5)","background-image":"","background-repeat":"repeat","background-position":"center center","background-size":"auto","background-attachment":"scroll","background-type":"","background-media":"","overlay-type":"","overlay-color":"","overlay-opacity":"","overlay-gradient":""}},"footnotes":""},"categories":[8],"tags":[48548,48546,48547,16165,48545,42870],"class_list":["post-121119","post","type-post","status-publish","format-standard","has-post-thumbnail","hentry","category-noticias","tag-91-medallas","tag-calidad","tag-destilados-mexicanos","tag-mezcal-poblano","tag-reconocimiento-historico","tag-tradicion"],"_links":{"self":[{"href":"https:\/\/losperiodistas.com.mx\/portal\/wp-json\/wp\/v2\/posts\/121119","targetHints":{"allow":["GET"]}}],"collection":[{"href":"https:\/\/losperiodistas.com.mx\/portal\/wp-json\/wp\/v2\/posts"}],"about":[{"href":"https:\/\/losperiodistas.com.mx\/portal\/wp-json\/wp\/v2\/types\/post"}],"author":[{"embeddable":true,"href":"https:\/\/losperiodistas.com.mx\/portal\/wp-json\/wp\/v2\/users\/1"}],"replies":[{"embeddable":true,"href":"https:\/\/losperiodistas.com.mx\/portal\/wp-json\/wp\/v2\/comments?post=121119"}],"version-history":[{"count":1,"href":"https:\/\/losperiodistas.com.mx\/portal\/wp-json\/wp\/v2\/posts\/121119\/revisions"}],"predecessor-version":[{"id":121121,"href":"https:\/\/losperiodistas.com.mx\/portal\/wp-json\/wp\/v2\/posts\/121119\/revisions\/121121"}],"wp:featuredmedia":[{"embeddable":true,"href":"https:\/\/losperiodistas.com.mx\/portal\/wp-json\/wp\/v2\/media\/121120"}],"wp:attachment":[{"href":"https:\/\/losperiodistas.com.mx\/portal\/wp-json\/wp\/v2\/media?parent=121119"}],"wp:term":[{"taxonomy":"category","embeddable":true,"href":"https:\/\/losperiodistas.com.mx\/portal\/wp-json\/wp\/v2\/categories?post=121119"},{"taxonomy":"post_tag","embeddable":true,"href":"https:\/\/losperiodistas.com.mx\/portal\/wp-json\/wp\/v2\/tags?post=121119"}],"curies":[{"name":"wp","href":"https:\/\/api.w.org\/{rel}","templated":true}]}}