{"id":121116,"date":"2026-04-26T00:00:21","date_gmt":"2026-04-26T06:00:21","guid":{"rendered":"https:\/\/losperiodistas.com.mx\/portal\/?p=121116"},"modified":"2026-04-26T00:00:22","modified_gmt":"2026-04-26T06:00:22","slug":"atentado-con-explosivos-deja-al-menos-14-personas-muertas-al-sur-de-colombia-bbc","status":"publish","type":"post","link":"https:\/\/losperiodistas.com.mx\/portal\/atentado-con-explosivos-deja-al-menos-14-personas-muertas-al-sur-de-colombia-bbc\/","title":{"rendered":"Atentado con explosivos deja al menos 14 personas muertas al sur de Colombia | BBC"},"content":{"rendered":"\n<figure class=\"wp-block-image size-large\"><img fetchpriority=\"high\" decoding=\"async\" width=\"1024\" height=\"576\" src=\"https:\/\/losperiodistas.com.mx\/portal\/wp-content\/uploads\/2026\/04\/AtentadoColombia-1024x576.png\" alt=\"\" class=\"wp-image-121117\" srcset=\"https:\/\/losperiodistas.com.mx\/portal\/wp-content\/uploads\/2026\/04\/AtentadoColombia-1024x576.png 1024w, https:\/\/losperiodistas.com.mx\/portal\/wp-content\/uploads\/2026\/04\/AtentadoColombia-300x169.png 300w, https:\/\/losperiodistas.com.mx\/portal\/wp-content\/uploads\/2026\/04\/AtentadoColombia-768x432.png 768w, https:\/\/losperiodistas.com.mx\/portal\/wp-content\/uploads\/2026\/04\/AtentadoColombia.png 1090w\" sizes=\"(max-width: 1024px) 100vw, 1024px\" \/><figcaption class=\"wp-element-caption\">La explosi\u00f3n tuvo lugar en el departamento del Cauca.<\/figcaption><\/figure>\n\n\n\n<p class=\"has-vivid-red-color has-text-color has-link-color wp-elements-33d42f0a18f9ad2f7af3bd8154a92131\">Rafael Abuchaibe \/ BBC<\/p>\n\n\n\n<p><strong>Un atentado con explosivos le arrebat\u00f3 la vida a al menos 13 personas en el departamento de Cauca, al suroccidente de Colombia, y deja hasta el momento 38 heridos m\u00e1s.<\/strong><\/p>\n\n\n\n<p>Seg\u00fan registr\u00f3 la agencia de noticias Reuters, el atentado se dio como parte de una escalada violenta que vivi\u00f3 el departamento el s\u00e1bado.<\/p>\n\n\n\n<p>En la ma\u00f1ana se registr\u00f3 un ataque con un dron explosivo a un radar a\u00e9reo, y luego se report\u00f3 otro atentado con explosivos que dej\u00f3 al menos 7 ind\u00edgenas de la zona heridos.<\/p>\n\n\n\n<p>El segundo atentado con explosivos se dio en la V\u00eda Panamericana, en el sector que conecta la ciudad de Cali, con la capital del Cauca, Popay\u00e1n. Escribiendo en su cuenta de X, el Presidente Gustavo Petro acus\u00f3 a las disidencias de las FARC lideradas por alias \u00abIv\u00e1n Mordisco\u00bb, como los autores del atentado.<\/p>\n\n\n\n<p>En el ataque se us\u00f3 lo que se conoce en el conflicto colombiano como \u00abcilindros bomba\u00bb: una pipeta de gas cargada con explosivos impact\u00f3 contra un bus.<\/p>\n\n\n\n<p>\u00abQuiero la m\u00e1xima persecuci\u00f3n mundial contra este grupo narcoterrorista,\u00bb dijo el l\u00edder en sus redes sociales, \u00abquiero los mejores soldados para enfrentarlos, quiero que el pueblo caucano se libere de esta mafia\u00bb<\/p>\n\n\n\n<p>Tambi\u00e9n en X, el gobernador Octavio Guzm\u00e1n, se refiri\u00f3 al atentado como \u00abuna tragedia que nos desgarra como departamento\u00bb.<\/p>\n\n\n\n<p>\u00abEl Cauca no puede seguir enfrentando solo esta barbarie. Estamos ante una escalada terrorista que exige respuestas inmediatas. Exigimos al Gobierno Nacional acciones contundentes, sostenidas y eficaces frente a la grave crisis de orden p\u00fablico que vivimos\u00bb, remat\u00f3 el mandatario local.<\/p>\n\n\n\n<p>El ataque es el m\u00e1s grave que se presenta hasta el momento en la temporada electoral que vive el pa\u00eds. Todos los candidatos condenaron el ataque.<\/p>\n\n\n\n<p>Fuente: <a href=\"https:\/\/www.bbc.com\/mundo\/articles\/cvgl228k2rzo\" target=\"_blank\" rel=\"noreferrer noopener\">BBC<\/a><\/p>\n","protected":false},"excerpt":{"rendered":"<p>Rafael Abuchaibe \/ BBC Un atentado con explosivos le arrebat\u00f3 la vida a al menos 13 personas en el departamento [&hellip;]<\/p>\n","protected":false},"author":1,"featured_media":121117,"comment_status":"open","ping_status":"open","sticky":false,"template":"","format":"standard","meta":{"site-sidebar-layout":"default","site-content-layout":"","ast-site-content-layout":"default","site-content-style":"default","site-sidebar-style":"default","ast-global-header-display":"","ast-banner-title-visibility":"","ast-main-header-display":"","ast-hfb-above-header-display":"","ast-hfb-below-header-display":"","ast-hfb-mobile-header-display":"","site-post-title":"","ast-breadcrumbs-content":"","ast-featured-img":"","footer-sml-layout":"","theme-transparent-header-meta":"","adv-header-id-meta":"","stick-header-meta":"","header-above-stick-meta":"","header-main-stick-meta":"","header-below-stick-meta":"","astra-migrate-meta-layouts":"default","ast-page-background-enabled":"default","ast-page-background-meta":{"desktop":{"background-color":"var(--ast-global-color-4)","background-image":"","background-repeat":"repeat","background-position":"center center","background-size":"auto","background-attachment":"scroll","background-type":"","background-media":"","overlay-type":"","overlay-color":"","overlay-opacity":"","overlay-gradient":""},"tablet":{"background-color":"","background-image":"","background-repeat":"repeat","background-position":"center center","background-size":"auto","background-attachment":"scroll","background-type":"","background-media":"","overlay-type":"","overlay-color":"","overlay-opacity":"","overlay-gradient":""},"mobile":{"background-color":"","background-image":"","background-repeat":"repeat","background-position":"center center","background-size":"auto","background-attachment":"scroll","background-type":"","background-media":"","overlay-type":"","overlay-color":"","overlay-opacity":"","overlay-gradient":""}},"ast-content-background-meta":{"desktop":{"background-color":"var(--ast-global-color-5)","background-image":"","background-repeat":"repeat","background-position":"center center","background-size":"auto","background-attachment":"scroll","background-type":"","background-media":"","overlay-type":"","overlay-color":"","overlay-opacity":"","overlay-gradient":""},"tablet":{"background-color":"var(--ast-global-color-5)","background-image":"","background-repeat":"repeat","background-position":"center center","background-size":"auto","background-attachment":"scroll","background-type":"","background-media":"","overlay-type":"","overlay-color":"","overlay-opacity":"","overlay-gradient":""},"mobile":{"background-color":"var(--ast-global-color-5)","background-image":"","background-repeat":"repeat","background-position":"center center","background-size":"auto","background-attachment":"scroll","background-type":"","background-media":"","overlay-type":"","overlay-color":"","overlay-opacity":"","overlay-gradient":""}},"footnotes":""},"categories":[8],"tags":[48543,2192,6065,10873,48544],"class_list":["post-121116","post","type-post","status-publish","format-standard","has-post-thumbnail","hentry","category-noticias","tag-atentado-con-explosivos","tag-colombia","tag-farc","tag-gustavo-petro","tag-ivan-mordisco"],"_links":{"self":[{"href":"https:\/\/losperiodistas.com.mx\/portal\/wp-json\/wp\/v2\/posts\/121116","targetHints":{"allow":["GET"]}}],"collection":[{"href":"https:\/\/losperiodistas.com.mx\/portal\/wp-json\/wp\/v2\/posts"}],"about":[{"href":"https:\/\/losperiodistas.com.mx\/portal\/wp-json\/wp\/v2\/types\/post"}],"author":[{"embeddable":true,"href":"https:\/\/losperiodistas.com.mx\/portal\/wp-json\/wp\/v2\/users\/1"}],"replies":[{"embeddable":true,"href":"https:\/\/losperiodistas.com.mx\/portal\/wp-json\/wp\/v2\/comments?post=121116"}],"version-history":[{"count":1,"href":"https:\/\/losperiodistas.com.mx\/portal\/wp-json\/wp\/v2\/posts\/121116\/revisions"}],"predecessor-version":[{"id":121118,"href":"https:\/\/losperiodistas.com.mx\/portal\/wp-json\/wp\/v2\/posts\/121116\/revisions\/121118"}],"wp:featuredmedia":[{"embeddable":true,"href":"https:\/\/losperiodistas.com.mx\/portal\/wp-json\/wp\/v2\/media\/121117"}],"wp:attachment":[{"href":"https:\/\/losperiodistas.com.mx\/portal\/wp-json\/wp\/v2\/media?parent=121116"}],"wp:term":[{"taxonomy":"category","embeddable":true,"href":"https:\/\/losperiodistas.com.mx\/portal\/wp-json\/wp\/v2\/categories?post=121116"},{"taxonomy":"post_tag","embeddable":true,"href":"https:\/\/losperiodistas.com.mx\/portal\/wp-json\/wp\/v2\/tags?post=121116"}],"curies":[{"name":"wp","href":"https:\/\/api.w.org\/{rel}","templated":true}]}}