{"id":121092,"date":"2026-04-25T10:25:46","date_gmt":"2026-04-25T16:25:46","guid":{"rendered":"https:\/\/losperiodistas.com.mx\/portal\/?p=121092"},"modified":"2026-04-25T10:25:47","modified_gmt":"2026-04-25T16:25:47","slug":"la-factura-de-la-guerra-para-la-formula-1-200-millones-menos-un-desplome-en-bolsa-y-un-problema-para-mercedes-el-mundo","status":"publish","type":"post","link":"https:\/\/losperiodistas.com.mx\/portal\/la-factura-de-la-guerra-para-la-formula-1-200-millones-menos-un-desplome-en-bolsa-y-un-problema-para-mercedes-el-mundo\/","title":{"rendered":"La factura de la guerra para la F\u00f3rmula 1: 200 millones menos, un desplome en bolsa y&#8230; \u00bfun problema para Mercedes? | El Mundo"},"content":{"rendered":"\n<p class=\"has-vivid-green-cyan-background-color has-background has-medium-font-size\">Las cancelaciones de los Grandes Premios en Bahr\u00e9in y Arabia Saud\u00ed cuestan dineral al campeonato. Su modelo de negocio lo amortigua<\/p>\n\n\n\n<figure class=\"wp-block-image size-large\"><img fetchpriority=\"high\" decoding=\"async\" width=\"1024\" height=\"682\" src=\"https:\/\/losperiodistas.com.mx\/portal\/wp-content\/uploads\/2026\/04\/17766098829578-1024x682.jpeg\" alt=\"\" class=\"wp-image-121093\" srcset=\"https:\/\/losperiodistas.com.mx\/portal\/wp-content\/uploads\/2026\/04\/17766098829578-1024x682.jpeg 1024w, https:\/\/losperiodistas.com.mx\/portal\/wp-content\/uploads\/2026\/04\/17766098829578-300x200.jpeg 300w, https:\/\/losperiodistas.com.mx\/portal\/wp-content\/uploads\/2026\/04\/17766098829578-768x512.jpeg 768w, https:\/\/losperiodistas.com.mx\/portal\/wp-content\/uploads\/2026\/04\/17766098829578.jpeg 1220w\" sizes=\"(max-width: 1024px) 100vw, 1024px\" \/><figcaption class=\"wp-element-caption\">Antonelli, tras su victoria en Suzuka.EFE<\/figcaption><\/figure>\n\n\n\n<p class=\"has-medium-font-size\"><strong><a href=\"https:\/\/www.elmundo.es\/autor\/javier-sanchez.html\">Javier S\u00e1nchez<\/a> \/ El Mundo <\/strong><\/p>\n\n\n\n<p><\/p>\n\n\n\n<p>A pocos kil\u00f3metros de la Meca, en Jeddah, el domingo pasado tendr\u00eda que haber sido un d\u00eda grande: monoplazas a toda velocidad, el mundo observando, los hoteles llenos, la ciudad -m\u00e1s bien aburrida- en su m\u00e1ximo esplendor. Pero no hubo nada de eso. Silencio y vac\u00edo. La F\u00f3rmula 1 no fue a Arabia Saud\u00ed por culpa de la Guerra de Ir\u00e1n, el Gran Premio qued\u00f3 cancelado, y s\u00f3lo hubo quietud en el circuito urbano del Corniche.<\/p>\n\n\n\n<p>Muy lejos de all\u00ed en cambio s\u00ed hab\u00eda movimiento, mucho movimiento. En las oficinas de Colorado de Liberty Media, la empresa organizadora del Mundial, la anulaci\u00f3n de las carreras en Bahr\u00e9in y Arabia oblig\u00f3 a trabajo extra para arreglar el desaguisado.&nbsp;<strong>El certamen perdi\u00f3 algo m\u00e1s de 200 millones de euros&nbsp;<\/strong>entre c\u00e1nones de organizaci\u00f3n y patrocinios asociados y todav\u00eda no sabe si podr\u00e1 ir a Qatar o Abu Dhabi para cerrar la temporada. Los pa\u00edses del Golfo pagan m\u00e1s que el resto por albergar una carrera -Arabia y Qatar superan los 50 millones, Bahr\u00e9in ronda los 45-, aportan una parte esencial de los ingresos por sedes y su estabilidad se ha convertido en un factor importante. No en vano Liberty lleg\u00f3 a perder cerca de un 12% en bolsa tras anunciarse las cancelaciones.<\/p>\n\n\n\n<p>Pero igualmente la compa\u00f1\u00eda insiste en que no hay crisis y, para mostrarlo, se apoya en su estructura de ingresos.<strong>&nbsp;En 2025 la F\u00f3rmula 1 factur\u00f3 cerca de 3.870 millones de d\u00f3lares<\/strong>, y s\u00f3lo algo m\u00e1s de una cuarta parte proced\u00eda de lo que pagan los pa\u00edses organizadores. El resto lleg\u00f3 por v\u00edas m\u00e1s estables: los derechos televisivos -que se mantienen intactos mientras el calendario supere las 16 carreras- y los acuerdos globales de patrocinio, dise\u00f1ados a largo plazo y desvinculados de una prueba concreta.<\/p>\n\n\n\n<figure class=\"wp-block-image\"><img decoding=\"async\" src=\"https:\/\/e01-elmundo.uecdn.es\/assets\/multimedia\/imagenes\/2026\/04\/19\/17766100480997.jpg\" alt=\"\"\/><\/figure>\n\n\n\n<p>La lectura de las p\u00e9rdidas as\u00ed debe ser optimista. Aunque se cancelen Grandes Premios, el n\u00facleo del negocio sigue funcionando y el campeonato conserva su capacidad de generar ingresos a escala global. Incluso dentro del paddock el efecto no es lineal. Bajo el l\u00edmite presupuestario vigente, cada carrera que desaparece del calendario reduce costes log\u00edsticos -menos vuelos intercontinentales, menos transporte de material, menos personal desplazado- y libera recursos que los equipos pueden redirigir al desarrollo t\u00e9cnico. En un deporte donde las diferencias se miden en mil\u00e9simas, ese ahorro puede tener impacto competitivo. De hecho no es descabellado pensar que un par\u00f3n altere jerarqu\u00edas y que, cuando la temporada se reanude en Miami el pr\u00f3ximo 3 de mayo,&nbsp;<strong>habr\u00e1 equipos que habr\u00e1n sabido aprovechar el momento<\/strong>.<\/p>\n\n\n\n<h2 class=\"wp-block-heading\">MotoGP, un problema a futuro<\/h2>\n\n\n\n<p>El impacto es distinto en MotoGP. El campeonato de motociclismo mueve cifras inferiores a la F\u00f3rmula 1 y depende m\u00e1s directamente de cada carrera. En 2024 cerr\u00f3 su facturaci\u00f3n en 462 millones de euros,&nbsp;<strong>un 5% del curso anterior por culpa de la cancelaci\u00f3n de los Grandes Premios de Argentina y Valencia<\/strong>. Su estructura es m\u00e1s fr\u00e1gil porque no hay grandes contratos globales capaces de amortiguar un par\u00f3n prolongado, pero se salva de esta crisis porque su calendario est\u00e1 menos diversificado. Este curso el certamen s\u00f3lo tiene en su calendario un viaje al Golfo, el Gran Premio de Qatar, y a\u00fan espera salvarlo con el aplazamiento hasta noviembre.<\/p>\n\n\n\n<p>Lo que preocupa m\u00e1s es el medio plazo. La perspectiva del campeonato siempre ha sido expandirse hacia Oriente Medio -se proyectaba una carrera en Arabia Saud\u00ed a partir de 2028- y&nbsp;<strong>la crisis actual ha puesto en duda ese crecimiento<\/strong>. La internacionalizaci\u00f3n del campeonato motero, clave para aumentar ingresos y reducir su dependencia europea, queda en suspenso. Si la F\u00f3rmula 1 ha sabido resistir el impacto de la Guerra de Ir\u00e1n, est\u00e1 por ver c\u00f3mo afecta al futuro de MotoGP.<\/p>\n\n\n\n<p>Fuente:  <a href=\"https:\/\/www.elmundo.es\/deportes\/formula-1\/2026\/04\/19\/69e4e9ffe85ece39308b4587.html\">https:\/\/www.elmundo.es\/deportes\/formula-1\/2026\/04\/19\/69e4e9ffe85ece39308b4587.html<\/a><\/p>\n\n\n\n<p><\/p>\n","protected":false},"excerpt":{"rendered":"<p>Las cancelaciones de los Grandes Premios en Bahr\u00e9in y Arabia Saud\u00ed cuestan dineral al campeonato. Su modelo de negocio lo [&hellip;]<\/p>\n","protected":false},"author":1,"featured_media":121093,"comment_status":"open","ping_status":"open","sticky":false,"template":"","format":"standard","meta":{"site-sidebar-layout":"default","site-content-layout":"","ast-site-content-layout":"default","site-content-style":"default","site-sidebar-style":"default","ast-global-header-display":"","ast-banner-title-visibility":"","ast-main-header-display":"","ast-hfb-above-header-display":"","ast-hfb-below-header-display":"","ast-hfb-mobile-header-display":"","site-post-title":"","ast-breadcrumbs-content":"","ast-featured-img":"","footer-sml-layout":"","theme-transparent-header-meta":"","adv-header-id-meta":"","stick-header-meta":"","header-above-stick-meta":"","header-main-stick-meta":"","header-below-stick-meta":"","astra-migrate-meta-layouts":"default","ast-page-background-enabled":"default","ast-page-background-meta":{"desktop":{"background-color":"var(--ast-global-color-4)","background-image":"","background-repeat":"repeat","background-position":"center center","background-size":"auto","background-attachment":"scroll","background-type":"","background-media":"","overlay-type":"","overlay-color":"","overlay-opacity":"","overlay-gradient":""},"tablet":{"background-color":"","background-image":"","background-repeat":"repeat","background-position":"center center","background-size":"auto","background-attachment":"scroll","background-type":"","background-media":"","overlay-type":"","overlay-color":"","overlay-opacity":"","overlay-gradient":""},"mobile":{"background-color":"","background-image":"","background-repeat":"repeat","background-position":"center center","background-size":"auto","background-attachment":"scroll","background-type":"","background-media":"","overlay-type":"","overlay-color":"","overlay-opacity":"","overlay-gradient":""}},"ast-content-background-meta":{"desktop":{"background-color":"var(--ast-global-color-5)","background-image":"","background-repeat":"repeat","background-position":"center center","background-size":"auto","background-attachment":"scroll","background-type":"","background-media":"","overlay-type":"","overlay-color":"","overlay-opacity":"","overlay-gradient":""},"tablet":{"background-color":"var(--ast-global-color-5)","background-image":"","background-repeat":"repeat","background-position":"center center","background-size":"auto","background-attachment":"scroll","background-type":"","background-media":"","overlay-type":"","overlay-color":"","overlay-opacity":"","overlay-gradient":""},"mobile":{"background-color":"var(--ast-global-color-5)","background-image":"","background-repeat":"repeat","background-position":"center center","background-size":"auto","background-attachment":"scroll","background-type":"","background-media":"","overlay-type":"","overlay-color":"","overlay-opacity":"","overlay-gradient":""}},"footnotes":""},"categories":[8],"tags":[48530,48533,48532,48531],"class_list":["post-121092","post","type-post","status-publish","format-standard","has-post-thumbnail","hentry","category-noticias","tag-formula-1-finanzas","tag-gfuerra-iran","tag-gran-premio-arabia-saudi","tag-gran-premio-bahreinb"],"_links":{"self":[{"href":"https:\/\/losperiodistas.com.mx\/portal\/wp-json\/wp\/v2\/posts\/121092","targetHints":{"allow":["GET"]}}],"collection":[{"href":"https:\/\/losperiodistas.com.mx\/portal\/wp-json\/wp\/v2\/posts"}],"about":[{"href":"https:\/\/losperiodistas.com.mx\/portal\/wp-json\/wp\/v2\/types\/post"}],"author":[{"embeddable":true,"href":"https:\/\/losperiodistas.com.mx\/portal\/wp-json\/wp\/v2\/users\/1"}],"replies":[{"embeddable":true,"href":"https:\/\/losperiodistas.com.mx\/portal\/wp-json\/wp\/v2\/comments?post=121092"}],"version-history":[{"count":1,"href":"https:\/\/losperiodistas.com.mx\/portal\/wp-json\/wp\/v2\/posts\/121092\/revisions"}],"predecessor-version":[{"id":121094,"href":"https:\/\/losperiodistas.com.mx\/portal\/wp-json\/wp\/v2\/posts\/121092\/revisions\/121094"}],"wp:featuredmedia":[{"embeddable":true,"href":"https:\/\/losperiodistas.com.mx\/portal\/wp-json\/wp\/v2\/media\/121093"}],"wp:attachment":[{"href":"https:\/\/losperiodistas.com.mx\/portal\/wp-json\/wp\/v2\/media?parent=121092"}],"wp:term":[{"taxonomy":"category","embeddable":true,"href":"https:\/\/losperiodistas.com.mx\/portal\/wp-json\/wp\/v2\/categories?post=121092"},{"taxonomy":"post_tag","embeddable":true,"href":"https:\/\/losperiodistas.com.mx\/portal\/wp-json\/wp\/v2\/tags?post=121092"}],"curies":[{"name":"wp","href":"https:\/\/api.w.org\/{rel}","templated":true}]}}