{"id":121068,"date":"2026-04-25T08:26:20","date_gmt":"2026-04-25T14:26:20","guid":{"rendered":"https:\/\/losperiodistas.com.mx\/portal\/?p=121068"},"modified":"2026-04-25T08:26:21","modified_gmt":"2026-04-25T14:26:21","slug":"kafka-o-la-anticipacion-del-algoritmo-abc","status":"publish","type":"post","link":"https:\/\/losperiodistas.com.mx\/portal\/kafka-o-la-anticipacion-del-algoritmo-abc\/","title":{"rendered":"Kafka o la anticipaci\u00f3n del algoritmo | ABC"},"content":{"rendered":"\n<h2 class=\"wp-block-heading\">M\u00e1s all\u00e1 de cualquier concepto de novela, &#8216;El proceso&#8217; se toma hoy como herramienta filos\u00f3fica para reflexionar sobre la verdadera esencia de las relaciones entre el individuo y el Estado<\/h2>\n\n\n\n<figure class=\"wp-block-image size-full\"><img fetchpriority=\"high\" decoding=\"async\" width=\"758\" height=\"531\" src=\"https:\/\/losperiodistas.com.mx\/portal\/wp-content\/uploads\/2026\/04\/kafka-resurecciones-aganzo-RO1L4j9dSFOTr48GOGKJPGJ-758x531@diario_abc.jpeg\" alt=\"\" class=\"wp-image-121069\" srcset=\"https:\/\/losperiodistas.com.mx\/portal\/wp-content\/uploads\/2026\/04\/kafka-resurecciones-aganzo-RO1L4j9dSFOTr48GOGKJPGJ-758x531@diario_abc.jpeg 758w, https:\/\/losperiodistas.com.mx\/portal\/wp-content\/uploads\/2026\/04\/kafka-resurecciones-aganzo-RO1L4j9dSFOTr48GOGKJPGJ-758x531@diario_abc-300x210.jpeg 300w\" sizes=\"(max-width: 758px) 100vw, 758px\" \/><figcaption class=\"wp-element-caption\">Kafka y Felice Bauer.<\/figcaption><\/figure>\n\n\n\n<p class=\"has-medium-font-size\"><strong><a href=\"https:\/\/www.abc.es\/autor\/carlos-aganzo-5626\/\">Carlos Aganzo<\/a> \/ ABC<\/strong><\/p>\n\n\n\n<p>Se trata, quiz\u00e1s, de una de las obras m\u00e1s inquietantes del siglo XX, con proyecci\u00f3n extraordinaria en nuestro siglo XXI, donde acaso cobra un sentido todav\u00eda m\u00e1s pleno y absoluto. Cuando se public\u00f3 por primera vez, ni en su pa\u00eds, que hoy llamamos Rep\u00fablica Checa&nbsp;pero entonces era el&nbsp;<a href=\"https:\/\/www.abc.es\/historia\/abci-tragedia-ultimo-emperador-habsburgo-beato-enfrento-dictadura-alemana-202009230045_noticia.html\">Imperio Austroh\u00fangaro<\/a>, ni en ninguna otra parte tuvo&nbsp;<strong>apenas repercusi\u00f3n<\/strong>. Incluso fue recibida por algunos cr\u00edticos como una novela oscura, abstracta, incomprensible e ilegible.<\/p>\n\n\n\n<p>Sin embargo, despu\u00e9s de la Segunda Guerra Mundial, especialmente a partir de las lecturas que hicieron de ella Jean-Paul Sartre o&nbsp;<a href=\"https:\/\/www.abc.es\/cultura\/cultural\/carlos-aganzo-albert-camus-alienacion-tiempos-crisis-20260129162542-nt.html\">Albert Camus<\/a>, &#8216;El proceso&#8217; se termin\u00f3 convirtiendo en un icono. Un signo literario, en el centro del pensamiento moderno, que denuncia la terrible<strong>&nbsp;opresi\u00f3n de los totalitarismos<\/strong>.<\/p>\n\n\n\n<p class=\"has-ast-global-color-4-background-color has-background\">Noticia relacionada<\/p>\n\n\n\n<ul class=\"wp-block-list\">\n<li><a href=\"https:\/\/www.abc.es\/cultura\/cultural\/carlos-aganzo-albert-camus-alienacion-tiempos-crisis-20260129162542-nt.html#vtm_modulosEngag=noticiasrelacionadas-cmp-uno:cultura:noticia:1\"><\/a>Resurecciones<ul><li><a href=\"https:\/\/www.abc.es\/cultura\/cultural\/carlos-aganzo-albert-camus-alienacion-tiempos-crisis-20260129162542-nt.html#vtm_modulosEngag=noticiasrelacionadas-cmp-uno:cultura:noticia:1\">Albert Camus, alienaci\u00f3n en tiempos de crisis<\/a><\/li><\/ul>Carlos Aganzo<\/li>\n<\/ul>\n\n\n\n<p>La primera edici\u00f3n de &#8216;El proceso&#8217; tuvo lugar en Berl\u00edn, en 1925, bajo el sello de la editorial alemana Verlag Die Schmiede. Y supuso (por fortuna para sus lectores) una<strong>&nbsp;verdadera traici\u00f3n<\/strong>&nbsp;a los deseos de su autor, Franz Kafka, que dej\u00f3 la novela inacabada y le pidi\u00f3 a&nbsp;<a href=\"https:\/\/www.abc.es\/cultura\/libros\/abci-kafkiana-disputa-torno-manuscrito-proceso-200910200300-113792689748_noticia.html\">Max Brod que a su muerte destruyera todos sus manuscritos<\/a>. No lo hizo as\u00ed su amigo, sino que, por el contrario, un a\u00f1o despu\u00e9s de la desaparcici\u00f3n de Kafka dio a la imprenta el libro, organizando \u00e9l mismo la sucesi\u00f3n de los cap\u00edtulos. Ese car\u00e1cter fragmentario que sin duda ha contribuido a destacar a\u00fan m\u00e1s su modernidad. Y a que el<strong>&nbsp;t\u00e9rmino \u00abkafkiano\u00bb<\/strong>&nbsp;se acabara instalando en el lenguaje popular como sin\u00f3nimo de lo absurdo, lo angustioso o lo il\u00f3gico.<\/p>\n\n\n\n<p>Tanto o m\u00e1s que como obra literaria, m\u00e1s all\u00e1 de cualquier concepto de novela, &#8216;El proceso&#8217; de Kafka se toma hoy como herramienta filos\u00f3fica para reflexionar sobre la verdadera esencia de las relaciones entre el individuo y el Estado. Sobre el sufrimiento personal de aquel Josef K., el protagonista y alter ego del autor, que intenta defenderse de un&nbsp;<strong>sistema judicial opaco, absurdo y omnipresente<\/strong>.<\/p>\n\n\n\n<p>Leer esta obra con los ojos de nuestro tiempo nos hace pensar en algunas inquietudes que sentimos de plena actualidad. Empezando por el absolutismo de la burocracia digital, las decisiones autom\u00e1ticas (cr\u00e9ditos, empleos, bloqueos de cuentas, cancelaciones\u2026) o los algoritmos, que nos hacen pensar en el poder desmesurado de la<strong>&nbsp;inteligencia artificial<\/strong>. Continuando por la vigilancia constante del sistema sobre el individuo, que nos lleva a pensar en el&nbsp;<strong>control de nuestros datos<\/strong>, as\u00ed como en la sensaci\u00f3n (cierta) de estar permanentemente observados por los otros.<\/p>\n\n\n\n<p>Quiz\u00e1s una identificaci\u00f3n del tribunal de Kafka con el algoritmo; de sus jueces con los sistemas automatizados de las grandes compa\u00f1\u00edas, y del proceso con tr\u00e1mites burocr\u00e1ticos digitales<\/p>\n\n\n\n<p>Y terminando por la angustia y la ansiedad, el sentimiento de esa \u00abculpa difusa\u00bb que Kafka plantea como producto del juicio sin causa aparente, o por la presi\u00f3n social, que nos insin\u00faa que nunca hacemos lo suficiente para estar a la altura, o que todo lo hacemos mal, con la necesidad de ser redimidos permanentemente por la&nbsp;<strong>validaci\u00f3n social de los \u00abme gusta\u00bb<\/strong>. En fin, la deshumanizaci\u00f3n.<\/p>\n\n\n\n<p>As\u00ed, al lado de unas cuantas pel\u00edculas que beben directa (&#8216;El proceso&#8217;, de Orson Welles) o indirectamente (&#8216;Brazil&#8217;, de Terry Gilliam) sobre la gran obra de Kafka, junto a &#8216;La metamorfosis&#8217; y &#8216;El castillo&#8217;, no es dif\u00edcil comprobar de qu\u00e9 modo lo kafkiano se ha introducido en las propuestas art\u00edsticas de nuestro tiempo. Baste pensar, por ejemplo, en series de televisi\u00f3n tan populares como<a href=\"https:\/\/www.abc.es\/play\/series\/vuelta-black-mirror-dentro-futuro-desquebrajado-20230614182522-nt.html\">&nbsp;&#8216;Black Mirror&#8217;<\/a>, especialmente en cap\u00edtulos como &#8216;Ca\u00edda en picado&#8217; u &#8216;Odio nacional&#8217;; como &#8216;Separaci\u00f3n&#8217; (&#8216;Severance&#8217;), en episodios como &#8216;Buenas noticias sobre el infierno&#8217; o &#8216;El nosotros que somos&#8217;, o como &#8216;Mr. Robot&#8217;, donde el mundo se presenta (como es) dominado por una serie de corporaciones y sistemas invisibles que controlan y manipulan hasta el l\u00edmite al individuo.<\/p>\n\n\n\n<p>Quiz\u00e1s una identificaci\u00f3n del<strong>&nbsp;tribunal<\/strong>&nbsp;de Kafka con el<strong>&nbsp;algoritmo<\/strong>; de sus jueces con los sistemas automatizados de las grandes compa\u00f1\u00edas, y del propio proceso con los infinitos tr\u00e1mites burocr\u00e1ticos digitales a los que nos somete el sistema. \u00bfQu\u00e9 reglas aceptamos cada d\u00eda sin capacidad de recurrirlas y, sobre todo, sin llegar jam\u00e1s a entenderlas? Una lectura plenamente contempor\u00e1nea.<\/p>\n\n\n\n<p>Fuente: <a href=\"https:\/\/www.abc.es\/cultura\/cultural\/carlos-aganzo-kafka-anticipacion-algoritmo-20260424000729-nt.html\">https:\/\/www.abc.es\/cultura\/cultural\/carlos-aganzo-kafka-anticipacion-algoritmo-20260424000729-nt.html<\/a><\/p>\n","protected":false},"excerpt":{"rendered":"<p>M\u00e1s all\u00e1 de cualquier concepto de novela, &#8216;El proceso&#8217; se toma hoy como herramienta filos\u00f3fica para reflexionar sobre la verdadera [&hellip;]<\/p>\n","protected":false},"author":1,"featured_media":121069,"comment_status":"open","ping_status":"open","sticky":false,"template":"","format":"standard","meta":{"site-sidebar-layout":"default","site-content-layout":"","ast-site-content-layout":"default","site-content-style":"default","site-sidebar-style":"default","ast-global-header-display":"","ast-banner-title-visibility":"","ast-main-header-display":"","ast-hfb-above-header-display":"","ast-hfb-below-header-display":"","ast-hfb-mobile-header-display":"","site-post-title":"","ast-breadcrumbs-content":"","ast-featured-img":"","footer-sml-layout":"","theme-transparent-header-meta":"","adv-header-id-meta":"","stick-header-meta":"","header-above-stick-meta":"","header-main-stick-meta":"","header-below-stick-meta":"","astra-migrate-meta-layouts":"default","ast-page-background-enabled":"default","ast-page-background-meta":{"desktop":{"background-color":"var(--ast-global-color-4)","background-image":"","background-repeat":"repeat","background-position":"center center","background-size":"auto","background-attachment":"scroll","background-type":"","background-media":"","overlay-type":"","overlay-color":"","overlay-opacity":"","overlay-gradient":""},"tablet":{"background-color":"","background-image":"","background-repeat":"repeat","background-position":"center center","background-size":"auto","background-attachment":"scroll","background-type":"","background-media":"","overlay-type":"","overlay-color":"","overlay-opacity":"","overlay-gradient":""},"mobile":{"background-color":"","background-image":"","background-repeat":"repeat","background-position":"center center","background-size":"auto","background-attachment":"scroll","background-type":"","background-media":"","overlay-type":"","overlay-color":"","overlay-opacity":"","overlay-gradient":""}},"ast-content-background-meta":{"desktop":{"background-color":"var(--ast-global-color-5)","background-image":"","background-repeat":"repeat","background-position":"center center","background-size":"auto","background-attachment":"scroll","background-type":"","background-media":"","overlay-type":"","overlay-color":"","overlay-opacity":"","overlay-gradient":""},"tablet":{"background-color":"var(--ast-global-color-5)","background-image":"","background-repeat":"repeat","background-position":"center center","background-size":"auto","background-attachment":"scroll","background-type":"","background-media":"","overlay-type":"","overlay-color":"","overlay-opacity":"","overlay-gradient":""},"mobile":{"background-color":"var(--ast-global-color-5)","background-image":"","background-repeat":"repeat","background-position":"center center","background-size":"auto","background-attachment":"scroll","background-type":"","background-media":"","overlay-type":"","overlay-color":"","overlay-opacity":"","overlay-gradient":""}},"footnotes":""},"categories":[8],"tags":[18400,11143,48512,9494],"class_list":["post-121068","post","type-post","status-publish","format-standard","has-post-thumbnail","hentry","category-noticias","tag-albert-camus","tag-algoritmo","tag-jean-paul-sartre-2","tag-kafka"],"_links":{"self":[{"href":"https:\/\/losperiodistas.com.mx\/portal\/wp-json\/wp\/v2\/posts\/121068","targetHints":{"allow":["GET"]}}],"collection":[{"href":"https:\/\/losperiodistas.com.mx\/portal\/wp-json\/wp\/v2\/posts"}],"about":[{"href":"https:\/\/losperiodistas.com.mx\/portal\/wp-json\/wp\/v2\/types\/post"}],"author":[{"embeddable":true,"href":"https:\/\/losperiodistas.com.mx\/portal\/wp-json\/wp\/v2\/users\/1"}],"replies":[{"embeddable":true,"href":"https:\/\/losperiodistas.com.mx\/portal\/wp-json\/wp\/v2\/comments?post=121068"}],"version-history":[{"count":1,"href":"https:\/\/losperiodistas.com.mx\/portal\/wp-json\/wp\/v2\/posts\/121068\/revisions"}],"predecessor-version":[{"id":121070,"href":"https:\/\/losperiodistas.com.mx\/portal\/wp-json\/wp\/v2\/posts\/121068\/revisions\/121070"}],"wp:featuredmedia":[{"embeddable":true,"href":"https:\/\/losperiodistas.com.mx\/portal\/wp-json\/wp\/v2\/media\/121069"}],"wp:attachment":[{"href":"https:\/\/losperiodistas.com.mx\/portal\/wp-json\/wp\/v2\/media?parent=121068"}],"wp:term":[{"taxonomy":"category","embeddable":true,"href":"https:\/\/losperiodistas.com.mx\/portal\/wp-json\/wp\/v2\/categories?post=121068"},{"taxonomy":"post_tag","embeddable":true,"href":"https:\/\/losperiodistas.com.mx\/portal\/wp-json\/wp\/v2\/tags?post=121068"}],"curies":[{"name":"wp","href":"https:\/\/api.w.org\/{rel}","templated":true}]}}