{"id":121059,"date":"2026-04-24T20:37:56","date_gmt":"2026-04-25T02:37:56","guid":{"rendered":"https:\/\/losperiodistas.com.mx\/portal\/?p=121059"},"modified":"2026-04-24T20:37:58","modified_gmt":"2026-04-25T02:37:58","slug":"accidente-en-escalera-del-metro-de-la-cdmx-deja-11-lesionados-se-habria-atorado-un-objeto-ef","status":"publish","type":"post","link":"https:\/\/losperiodistas.com.mx\/portal\/accidente-en-escalera-del-metro-de-la-cdmx-deja-11-lesionados-se-habria-atorado-un-objeto-ef\/","title":{"rendered":"Accidente en escalera del Metro de la CDMX deja 11 lesionados; se habr\u00eda atorado un objeto | EF"},"content":{"rendered":"\n<p>Accidente en L\u00ednea 3 del Metro deja 11 heridos; un objeto atorado habr\u00eda activado el paro de emergencia.<\/p>\n\n\n\n<figure class=\"wp-block-image size-large\"><img fetchpriority=\"high\" decoding=\"async\" width=\"1024\" height=\"575\" src=\"https:\/\/losperiodistas.com.mx\/portal\/wp-content\/uploads\/2026\/04\/Linea3metro-1024x575.png\" alt=\"\" class=\"wp-image-121060\" srcset=\"https:\/\/losperiodistas.com.mx\/portal\/wp-content\/uploads\/2026\/04\/Linea3metro-1024x575.png 1024w, https:\/\/losperiodistas.com.mx\/portal\/wp-content\/uploads\/2026\/04\/Linea3metro-300x169.png 300w, https:\/\/losperiodistas.com.mx\/portal\/wp-content\/uploads\/2026\/04\/Linea3metro-768x432.png 768w, https:\/\/losperiodistas.com.mx\/portal\/wp-content\/uploads\/2026\/04\/Linea3metro.png 1500w\" sizes=\"(max-width: 1024px) 100vw, 1024px\" \/><figcaption class=\"wp-element-caption\">L\u00ednea 3 del Metro suma accidente: 11 personas resultan lesionadas por alto de emergencia en escalera mec\u00e1nica (@MetroCDMX\/Shutterstock)<\/figcaption><\/figure>\n\n\n\n<p class=\"has-vivid-red-color has-text-color has-link-color wp-elements-ec1aec68ec65d673574e7f68ac157d9a\">Redacci\u00f3n \/ EF<\/p>\n\n\n\n<p>Once personas resultaron lesionadas tras caer de una escalera mec\u00e1nica en la estaci\u00f3n Miguel \u00c1ngel de Quevedo de la <strong>L\u00ednea 3<\/strong> del Metro de la Ciudad de M\u00e9xico.<\/p>\n\n\n\n<p>Los hechos ocurrieron a las 12:00 horas de este viernes 24 de abril, de acuerdo con reportes sobre lo ocurrido en el sistema de transporte.<\/p>\n\n\n\n<p>La versi\u00f3n oficial de autoridades del <strong>Sistema de Transporte Colectivo Metro<\/strong> indica que un objeto se \u201cator\u00f3 entre los pelda\u00f1os met\u00e1licos\u201d y activ\u00f3 el mecanismo de paro de emergencia.<\/p>\n\n\n\n<p>Tras el cambio abrupto de la direcci\u00f3n en la que se desplazaban los usuarios, algunas personas cayeron y sufrieron lesiones.<\/p>\n\n\n\n<p>Ocho personas se retiraron por sus propios medios, mientras que tres m\u00e1s fueron trasladadas a un hospital para revisi\u00f3n m\u00e9dica.<\/p>\n\n\n\n<p>\u201cLa aseguradora contratada por el organismo y el \u00e1rea de Atenci\u00f3n al Usuario dan seguimiento y apoyo\u201d, se\u00f1alaron autoridades del Metro.<\/p>\n\n\n\n<p>Posteriormente, personal de instalaciones electromec\u00e1nicas realiz\u00f3 la revisi\u00f3n t\u00e9cnica del mecanismo de la escalera y restableci\u00f3 su funcionamiento. Autoridades descartaron que el accidente se originara por una falla.<\/p>\n\n\n\n<p>En la \u00faltima semana, la L\u00ednea 3 del Metro report\u00f3 diversas fallas y retrasos en el servicio. Usuarios se\u00f1alaron esperas de hasta 20 minutos para abordar un tren.<\/p>\n\n\n\n<figure class=\"wp-block-embed is-type-rich is-provider-twitter wp-block-embed-twitter\"><div class=\"wp-block-embed__wrapper\">\n<blockquote class=\"twitter-tweet\" data-width=\"500\" data-dnt=\"true\"><p lang=\"es\" dir=\"ltr\">Buena tarde, tendr\u00e1 su comunicado donde indic\u00f3 que eran 11 los lesionados del accidente en la L3? ya no lo encuentro disponible ):<\/p>&mdash; Nicole Abigail Sandoval Mart\u00ednez (@abig25817) <a href=\"https:\/\/twitter.com\/abig25817\/status\/2047757520446345294?ref_src=twsrc%5Etfw\">April 24, 2026<\/a><\/blockquote><script async src=\"https:\/\/platform.twitter.com\/widgets.js\" charset=\"utf-8\"><\/script>\n<\/div><\/figure>\n\n\n\n<h2 class=\"wp-block-heading\">Gobierno de la CDMX realiza trabajos de modernizaci\u00f3n de la L\u00ednea 3<\/h2>\n\n\n\n<p>Tras 55 a\u00f1os de operaci\u00f3n y un deterioro visible en sus instalaciones, la L\u00ednea 3 del Metro ser\u00e1 sometida a una renovaci\u00f3n total que abarcar\u00e1 de la estaci\u00f3n Universidad a Indios Verdes.<\/p>\n\n\n\n<p>La jefa de Gobierno de la Ciudad de M\u00e9xico, <strong>Clara Brugada<\/strong>, anunci\u00f3 este proyecto que requiere una inversi\u00f3n de 41 mil millones de pesos para transformar una de las rutas m\u00e1s importantes de la capital, que moviliza a un mill\u00f3n de personas cada d\u00eda.<\/p>\n\n\n\n<p>La prioridad principal de esta obra ser\u00e1 atender los hundimientos detectados en la zona de talleres y en estaciones como <strong>La Raza<\/strong> y, de forma cr\u00edtica, <strong>Indios Verdes<\/strong>.<\/p>\n\n\n\n<p>El proyecto busca mejorar la experiencia de viaje, de acuerdo con autoridades capitalinas.<\/p>\n\n\n\n<p>Entre los beneficios destaca la adquisici\u00f3n de 45 trenes nuevos y la reducci\u00f3n del tiempo de espera a intervalos operativos de 100 segundos.<\/p>\n\n\n\n<p>La modernizaci\u00f3n incluye el cambio del sistema de pilotaje autom\u00e1tico, la sustituci\u00f3n de cableado de cobre por fibra \u00f3ptica y la actualizaci\u00f3n del software.<\/p>\n\n\n\n<p>A pesar de la magnitud de la obra, el secretario de Movilidad, <strong>H\u00e9ctor Ulises Garc\u00eda Nieto<\/strong>, asegur\u00f3 que el objetivo es mantener la l\u00ednea en operaci\u00f3n durante las intervenciones, con trabajos por fases para reducir afectaciones a usuarios.<\/p>\n\n\n\n<p>Fuente: <a href=\"https:\/\/www.elfinanciero.com.mx\/cdmx\/2026\/04\/24\/accidente-en-escalera-del-metro-cdmx-deja-11-lesionados-se-habria-atorado-un-objeto\/\" target=\"_blank\" rel=\"noreferrer noopener\">El Financiero<\/a><\/p>\n","protected":false},"excerpt":{"rendered":"<p>Accidente en L\u00ednea 3 del Metro deja 11 heridos; un objeto atorado habr\u00eda activado el paro de emergencia.<\/p>\n","protected":false},"author":1,"featured_media":121060,"comment_status":"open","ping_status":"open","sticky":false,"template":"","format":"standard","meta":{"site-sidebar-layout":"default","site-content-layout":"","ast-site-content-layout":"default","site-content-style":"default","site-sidebar-style":"default","ast-global-header-display":"","ast-banner-title-visibility":"","ast-main-header-display":"","ast-hfb-above-header-display":"","ast-hfb-below-header-display":"","ast-hfb-mobile-header-display":"","site-post-title":"","ast-breadcrumbs-content":"","ast-featured-img":"","footer-sml-layout":"","theme-transparent-header-meta":"","adv-header-id-meta":"","stick-header-meta":"","header-above-stick-meta":"","header-main-stick-meta":"","header-below-stick-meta":"","astra-migrate-meta-layouts":"default","ast-page-background-enabled":"default","ast-page-background-meta":{"desktop":{"background-color":"var(--ast-global-color-4)","background-image":"","background-repeat":"repeat","background-position":"center center","background-size":"auto","background-attachment":"scroll","background-type":"","background-media":"","overlay-type":"","overlay-color":"","overlay-opacity":"","overlay-gradient":""},"tablet":{"background-color":"","background-image":"","background-repeat":"repeat","background-position":"center center","background-size":"auto","background-attachment":"scroll","background-type":"","background-media":"","overlay-type":"","overlay-color":"","overlay-opacity":"","overlay-gradient":""},"mobile":{"background-color":"","background-image":"","background-repeat":"repeat","background-position":"center center","background-size":"auto","background-attachment":"scroll","background-type":"","background-media":"","overlay-type":"","overlay-color":"","overlay-opacity":"","overlay-gradient":""}},"ast-content-background-meta":{"desktop":{"background-color":"var(--ast-global-color-5)","background-image":"","background-repeat":"repeat","background-position":"center center","background-size":"auto","background-attachment":"scroll","background-type":"","background-media":"","overlay-type":"","overlay-color":"","overlay-opacity":"","overlay-gradient":""},"tablet":{"background-color":"var(--ast-global-color-5)","background-image":"","background-repeat":"repeat","background-position":"center center","background-size":"auto","background-attachment":"scroll","background-type":"","background-media":"","overlay-type":"","overlay-color":"","overlay-opacity":"","overlay-gradient":""},"mobile":{"background-color":"var(--ast-global-color-5)","background-image":"","background-repeat":"repeat","background-position":"center center","background-size":"auto","background-attachment":"scroll","background-type":"","background-media":"","overlay-type":"","overlay-color":"","overlay-opacity":"","overlay-gradient":""}},"footnotes":""},"categories":[8],"tags":[14583,44163,48509,9870,48507,48508],"class_list":["post-121059","post","type-post","status-publish","format-standard","has-post-thumbnail","hentry","category-noticias","tag-accidente","tag-escaleras-electricas","tag-linea-3","tag-metro-cdmx","tag-miguel-angel-de-quevedo","tag-objeto-atorado"],"_links":{"self":[{"href":"https:\/\/losperiodistas.com.mx\/portal\/wp-json\/wp\/v2\/posts\/121059","targetHints":{"allow":["GET"]}}],"collection":[{"href":"https:\/\/losperiodistas.com.mx\/portal\/wp-json\/wp\/v2\/posts"}],"about":[{"href":"https:\/\/losperiodistas.com.mx\/portal\/wp-json\/wp\/v2\/types\/post"}],"author":[{"embeddable":true,"href":"https:\/\/losperiodistas.com.mx\/portal\/wp-json\/wp\/v2\/users\/1"}],"replies":[{"embeddable":true,"href":"https:\/\/losperiodistas.com.mx\/portal\/wp-json\/wp\/v2\/comments?post=121059"}],"version-history":[{"count":1,"href":"https:\/\/losperiodistas.com.mx\/portal\/wp-json\/wp\/v2\/posts\/121059\/revisions"}],"predecessor-version":[{"id":121061,"href":"https:\/\/losperiodistas.com.mx\/portal\/wp-json\/wp\/v2\/posts\/121059\/revisions\/121061"}],"wp:featuredmedia":[{"embeddable":true,"href":"https:\/\/losperiodistas.com.mx\/portal\/wp-json\/wp\/v2\/media\/121060"}],"wp:attachment":[{"href":"https:\/\/losperiodistas.com.mx\/portal\/wp-json\/wp\/v2\/media?parent=121059"}],"wp:term":[{"taxonomy":"category","embeddable":true,"href":"https:\/\/losperiodistas.com.mx\/portal\/wp-json\/wp\/v2\/categories?post=121059"},{"taxonomy":"post_tag","embeddable":true,"href":"https:\/\/losperiodistas.com.mx\/portal\/wp-json\/wp\/v2\/tags?post=121059"}],"curies":[{"name":"wp","href":"https:\/\/api.w.org\/{rel}","templated":true}]}}