{"id":121056,"date":"2026-04-24T20:28:23","date_gmt":"2026-04-25T02:28:23","guid":{"rendered":"https:\/\/losperiodistas.com.mx\/portal\/?p=121056"},"modified":"2026-04-24T20:28:25","modified_gmt":"2026-04-25T02:28:25","slug":"contralmirante-fernando-farias-pedira-asilo-politico-en-argentina-alegando-que-su-vida-estaria-en-peligro-en-mexico-la-jornada","status":"publish","type":"post","link":"https:\/\/losperiodistas.com.mx\/portal\/contralmirante-fernando-farias-pedira-asilo-politico-en-argentina-alegando-que-su-vida-estaria-en-peligro-en-mexico-la-jornada\/","title":{"rendered":"Contralmirante Fernando Far\u00edas pedir\u00e1 asilo pol\u00edtico en Argentina alegando que su vida estar\u00eda en peligro en M\u00e9xico | La Jornada"},"content":{"rendered":"\n<p>El Contralmirante Fernando Far\u00edas fue capturado en Argentina; habr\u00eda ingresado a la naci\u00f3n sudamericana con un pasaporte falso supuestamente emitido por el gobierno guatemalteco.<\/p>\n\n\n\n<figure class=\"wp-block-image size-large\"><img fetchpriority=\"high\" decoding=\"async\" width=\"1024\" height=\"632\" src=\"https:\/\/losperiodistas.com.mx\/portal\/wp-content\/uploads\/2026\/04\/Fernando-farias-Asilo-politico-argentina-1024x632.png\" alt=\"\" class=\"wp-image-121057\" srcset=\"https:\/\/losperiodistas.com.mx\/portal\/wp-content\/uploads\/2026\/04\/Fernando-farias-Asilo-politico-argentina-1024x632.png 1024w, https:\/\/losperiodistas.com.mx\/portal\/wp-content\/uploads\/2026\/04\/Fernando-farias-Asilo-politico-argentina-300x185.png 300w, https:\/\/losperiodistas.com.mx\/portal\/wp-content\/uploads\/2026\/04\/Fernando-farias-Asilo-politico-argentina-768x474.png 768w, https:\/\/losperiodistas.com.mx\/portal\/wp-content\/uploads\/2026\/04\/Fernando-farias-Asilo-politico-argentina.png 1358w\" sizes=\"(max-width: 1024px) 100vw, 1024px\" \/><figcaption class=\"wp-element-caption\">Foto Interpol<\/figcaption><\/figure>\n\n\n\n<p class=\"has-vivid-red-color has-text-color has-link-color wp-elements-9bb94dfb01e384a0f028d373a4d5e96a\">Gustavo Castillo Garc\u00eda \/ La Jornada<\/p>\n\n\n\n<p>El Contralmirante Fernando Far\u00edas Laguna permanecer\u00e1 bajo custodia de la Polic\u00eda Federal &nbsp;de Argentina, hasta en tanto se define su situaci\u00f3n jur\u00eddica &#8211;lo que podr\u00eda ocurrir en una semana&#8211;, ya que no ha concluido la audiencia inicial y se abri\u00f3 un plazo para que sus asesores legales presenten sus alegatos y el gobierno de M\u00e9xico entregue la petici\u00f3n formal de extradici\u00f3n, informaron fuentes de la defensa del ex mando naval.<\/p>\n\n\n\n<p>Los entrevistados reiteraron que Far\u00edas Laguna solicitar\u00e1 al gobierno argentino que le conceda asilo pol\u00edtico, y buscar\u00e1 con ello no ser entregado a la justicia mexicana para que sea juzgado por su presunta responsabilidad en los delitos de delincuencia organizada y \u00abhuachicol\u00bb fiscal.<\/p>\n\n\n\n<p>El que fuera alto mando de la Secretar\u00eda de Marina-Armada de M\u00e9xico (Semar), compareci\u00f3 ante autoridades argentinas luego de haber sido detenido y se abri\u00f3 un plazo para determinar su situaci\u00f3n jur\u00eddica ya que ingres\u00f3 a Argentina con un pasaporte falso supuestamente emitido por el gobierno guatemalteco.<\/p>\n\n\n\n<p>Far\u00edas Laguna quien es se\u00f1alado de encabezar una banda en la que participan miembros de la Semar, empresarios aduaneros, miembros de Aduanas de M\u00e9xico y empresas navieras dedicadas al traslado de combustible entre M\u00e9xico y Estados Unidos, huy\u00f3 de M\u00e9xico antes de ser detenido, como sucedi\u00f3 con su hermano Roberto, quien se desempe\u00f1aba como vicealmirante de la instituci\u00f3n naval mexicana.<\/p>\n\n\n\n<p>A los hermanos Far\u00edas Laguna se les se\u00f1ala como l\u00edderes de un grupo delictivo que proteg\u00eda el arribo de buques que transportaban millones de litros de combustible con pedimentos aduaneros que falsamente se\u00f1alaban que lo que se recib\u00eda en los puertos nacionales eran aditivos y no combustibles, con lo cual se evad\u00eda el pago de impuestos.<\/p>\n\n\n\n<p>Seg\u00fan las fuentes consultadas, en los siguientes d\u00edas el gobierno mexicano debe formalizar la petici\u00f3n de extradici\u00f3n, aunque para ello debe entregar debidamente certificada toda la informaci\u00f3n que contienen 28 tomos (unas 20 mil p\u00e1ginas) y 75 anexos a los jueces argentinos.<\/p>\n\n\n\n<p>Fuente: <a href=\"https:\/\/www.jornada.com.mx\/noticia\/2026\/04\/24\/politica\/contralmirante-fernando-farias-pedira-asilo-politico-en-argentina-alegando-que-su-vida-estaria-en-peligro-en-mexico\" target=\"_blank\" rel=\"noreferrer noopener\">La Jornada<\/a><\/p>\n","protected":false},"excerpt":{"rendered":"<p>El Contralmirante Fernando Far\u00edas fue capturado en Argentina; habr\u00eda ingresado a la naci\u00f3n sudamericana con un pasaprte falso supuestamente emitido por el gobierno guatemalteco.<\/p>\n","protected":false},"author":1,"featured_media":121057,"comment_status":"open","ping_status":"open","sticky":false,"template":"","format":"standard","meta":{"site-sidebar-layout":"default","site-content-layout":"","ast-site-content-layout":"default","site-content-style":"default","site-sidebar-style":"default","ast-global-header-display":"","ast-banner-title-visibility":"","ast-main-header-display":"","ast-hfb-above-header-display":"","ast-hfb-below-header-display":"","ast-hfb-mobile-header-display":"","site-post-title":"","ast-breadcrumbs-content":"","ast-featured-img":"","footer-sml-layout":"","theme-transparent-header-meta":"","adv-header-id-meta":"","stick-header-meta":"","header-above-stick-meta":"","header-main-stick-meta":"","header-below-stick-meta":"","astra-migrate-meta-layouts":"default","ast-page-background-enabled":"default","ast-page-background-meta":{"desktop":{"background-color":"var(--ast-global-color-4)","background-image":"","background-repeat":"repeat","background-position":"center center","background-size":"auto","background-attachment":"scroll","background-type":"","background-media":"","overlay-type":"","overlay-color":"","overlay-opacity":"","overlay-gradient":""},"tablet":{"background-color":"","background-image":"","background-repeat":"repeat","background-position":"center center","background-size":"auto","background-attachment":"scroll","background-type":"","background-media":"","overlay-type":"","overlay-color":"","overlay-opacity":"","overlay-gradient":""},"mobile":{"background-color":"","background-image":"","background-repeat":"repeat","background-position":"center center","background-size":"auto","background-attachment":"scroll","background-type":"","background-media":"","overlay-type":"","overlay-color":"","overlay-opacity":"","overlay-gradient":""}},"ast-content-background-meta":{"desktop":{"background-color":"var(--ast-global-color-5)","background-image":"","background-repeat":"repeat","background-position":"center center","background-size":"auto","background-attachment":"scroll","background-type":"","background-media":"","overlay-type":"","overlay-color":"","overlay-opacity":"","overlay-gradient":""},"tablet":{"background-color":"var(--ast-global-color-5)","background-image":"","background-repeat":"repeat","background-position":"center center","background-size":"auto","background-attachment":"scroll","background-type":"","background-media":"","overlay-type":"","overlay-color":"","overlay-opacity":"","overlay-gradient":""},"mobile":{"background-color":"var(--ast-global-color-5)","background-image":"","background-repeat":"repeat","background-position":"center center","background-size":"auto","background-attachment":"scroll","background-type":"","background-media":"","overlay-type":"","overlay-color":"","overlay-opacity":"","overlay-gradient":""}},"footnotes":""},"categories":[8],"tags":[2783,48505,48504,48506],"class_list":["post-121056","post","type-post","status-publish","format-standard","has-post-thumbnail","hentry","category-noticias","tag-argentina","tag-asilo-politico","tag-contralmirante-fernando-farias","tag-peligro-en-mexico"],"_links":{"self":[{"href":"https:\/\/losperiodistas.com.mx\/portal\/wp-json\/wp\/v2\/posts\/121056","targetHints":{"allow":["GET"]}}],"collection":[{"href":"https:\/\/losperiodistas.com.mx\/portal\/wp-json\/wp\/v2\/posts"}],"about":[{"href":"https:\/\/losperiodistas.com.mx\/portal\/wp-json\/wp\/v2\/types\/post"}],"author":[{"embeddable":true,"href":"https:\/\/losperiodistas.com.mx\/portal\/wp-json\/wp\/v2\/users\/1"}],"replies":[{"embeddable":true,"href":"https:\/\/losperiodistas.com.mx\/portal\/wp-json\/wp\/v2\/comments?post=121056"}],"version-history":[{"count":1,"href":"https:\/\/losperiodistas.com.mx\/portal\/wp-json\/wp\/v2\/posts\/121056\/revisions"}],"predecessor-version":[{"id":121058,"href":"https:\/\/losperiodistas.com.mx\/portal\/wp-json\/wp\/v2\/posts\/121056\/revisions\/121058"}],"wp:featuredmedia":[{"embeddable":true,"href":"https:\/\/losperiodistas.com.mx\/portal\/wp-json\/wp\/v2\/media\/121057"}],"wp:attachment":[{"href":"https:\/\/losperiodistas.com.mx\/portal\/wp-json\/wp\/v2\/media?parent=121056"}],"wp:term":[{"taxonomy":"category","embeddable":true,"href":"https:\/\/losperiodistas.com.mx\/portal\/wp-json\/wp\/v2\/categories?post=121056"},{"taxonomy":"post_tag","embeddable":true,"href":"https:\/\/losperiodistas.com.mx\/portal\/wp-json\/wp\/v2\/tags?post=121056"}],"curies":[{"name":"wp","href":"https:\/\/api.w.org\/{rel}","templated":true}]}}