{"id":121051,"date":"2026-04-24T20:23:42","date_gmt":"2026-04-25T02:23:42","guid":{"rendered":"https:\/\/losperiodistas.com.mx\/portal\/?p=121051"},"modified":"2026-04-24T20:23:44","modified_gmt":"2026-04-25T02:23:44","slug":"checo-perez-sorprendido-por-competir-con-aston-martin-en-su-regreso-a-la-f1-record","status":"publish","type":"post","link":"https:\/\/losperiodistas.com.mx\/portal\/checo-perez-sorprendido-por-competir-con-aston-martin-en-su-regreso-a-la-f1-record\/","title":{"rendered":"Checo P\u00e9rez, sorprendido por competir con Aston Martin en su regreso a la F1 | R\u00e9cord"},"content":{"rendered":"\n<p>El piloto tapat\u00edo, de 36 a\u00f1os de edad, ve positivo estar a la altura de otras escuder\u00edas ya consolidadas.<\/p>\n\n\n\n<figure class=\"wp-block-image size-full is-resized\"><img fetchpriority=\"high\" decoding=\"async\" width=\"700\" height=\"395\" src=\"https:\/\/losperiodistas.com.mx\/portal\/wp-content\/uploads\/2026\/04\/imagen-120.png\" alt=\"\" class=\"wp-image-121053\" style=\"width:744px;height:auto\" srcset=\"https:\/\/losperiodistas.com.mx\/portal\/wp-content\/uploads\/2026\/04\/imagen-120.png 700w, https:\/\/losperiodistas.com.mx\/portal\/wp-content\/uploads\/2026\/04\/imagen-120-300x169.png 300w\" sizes=\"(max-width: 700px) 100vw, 700px\" \/><figcaption class=\"wp-element-caption\">Checo P\u00e9rez en el Estadio Azteca en un partido de Am\u00e9rica | IMAGO 7<\/figcaption><\/figure>\n\n\n\n<p class=\"has-vivid-red-color has-text-color has-link-color wp-elements-435f2ffa6c5a1ea09f0ab338003d2a83\">Redacci\u00f3n \/ R\u00e9cord<\/p>\n\n\n\n<p>El piloto mexicano Sergio &#8216;Checo&#8217; P\u00e9rez calific\u00f3 como una \u00absorpresa\u00bb el hecho de que su nuevo equipo, Cadillac, est\u00e9 compitiendo directamente con escuder\u00edas consolidadas como Aston Martin, a pesar de ser una firma debutante en la F\u00f3rmula 1 y no haber conseguido puntos en las primeras citas del <strong>Campeonato<\/strong>.<\/p>\n\n\n\n<figure class=\"wp-block-image size-full is-resized\"><img decoding=\"async\" width=\"700\" height=\"395\" src=\"https:\/\/losperiodistas.com.mx\/portal\/wp-content\/uploads\/2026\/04\/imagen-119.png\" alt=\"\" class=\"wp-image-121052\" style=\"width:745px;height:auto\" srcset=\"https:\/\/losperiodistas.com.mx\/portal\/wp-content\/uploads\/2026\/04\/imagen-119.png 700w, https:\/\/losperiodistas.com.mx\/portal\/wp-content\/uploads\/2026\/04\/imagen-119-300x169.png 300w\" sizes=\"(max-width: 700px) 100vw, 700px\" \/><figcaption class=\"wp-element-caption\">Checo P\u00e9rez en el garage de Cadillac durante el Gran Premio de Jap\u00f3n 2026 | AP<\/figcaption><\/figure>\n\n\n\n<h2 class=\"wp-block-heading\">\u00bfC\u00f3mo le ha ido a Checo P\u00e9rez?<\/h2>\n\n\n\n<p>El retorno de Checo a la m\u00e1xima categor\u00eda del automovilismo deportivo, tras su etapa en Red Bull, ha supuesto un desaf\u00edo may\u00fasculo. <strong>El tapat\u00edo se uni\u00f3 al proyecto de Cadillac, <\/strong>que afronta su primera temporada en <strong>el Gran Circo.<\/strong> El inicio no ha sido f\u00e1cil, marcado por dificultades log\u00edsticas y el proceso de adaptaci\u00f3n a un monoplaza completamente nuevo, tanto para \u00e9l como para su compa\u00f1ero, Valtteri Bottas.<\/p>\n\n\n\n<p>Aunque los resultados iniciales no reflejan puntos en el casillero, <strong>el progreso del equipo ha generado optimismo dentro del paddock<\/strong>. P\u00e9rez Mendoza destac\u00f3 que, pese a partir desde el fondo de la parrilla, la capacidad de luchar con equipos de la talla de Aston Martin es un indicativo positivo.<\/p>\n\n\n\n<figure class=\"wp-block-image size-full is-resized\"><img decoding=\"async\" width=\"700\" height=\"395\" src=\"https:\/\/losperiodistas.com.mx\/portal\/wp-content\/uploads\/2026\/04\/imagen-120.png\" alt=\"\" class=\"wp-image-121053\" style=\"width:742px;height:auto\" srcset=\"https:\/\/losperiodistas.com.mx\/portal\/wp-content\/uploads\/2026\/04\/imagen-120.png 700w, https:\/\/losperiodistas.com.mx\/portal\/wp-content\/uploads\/2026\/04\/imagen-120-300x169.png 300w\" sizes=\"(max-width: 700px) 100vw, 700px\" \/><figcaption class=\"wp-element-caption\">Checo P\u00e9rez en el Estadio Azteca en un partido de Am\u00e9rica | IMAGO 7<\/figcaption><\/figure>\n\n\n\n<h2 class=\"wp-block-heading\">\u00bfQu\u00e9 dijo Checo P\u00e9rez?<\/h2>\n\n\n\n<p>\u00abNunca nos imagin\u00e1bamos que \u00edbamos a estar peleando con Aston Martin. <strong>Esas son las sorpresas que la F\u00f3rmula 1 te puede dar\u00bb<\/strong>, declar\u00f3 P\u00e9rez para <em>La Afici\u00f3n<\/em>. \u00abHemos llegado aqu\u00ed para pasar al siguiente nivel y nada me dar\u00eda m\u00e1s gusto que \u00e9ste sea un a\u00f1o exitoso, sumando puntos para el equipo\u00bb.<\/p>\n\n\n\n<h2 class=\"wp-block-heading\">Cr\u00edticas a la nueva reglamentaci\u00f3n de la F1<\/h2>\n\n\n\n<p>Adem\u00e1s de los retos con su nuevo equipo, <strong>Checo ha sido una de las voces cr\u00edticas con el actual reglamento t\u00e9cnico de la F\u00f3rmula 1<\/strong>. El piloto mexicano ha manifestado en repetidas ocasiones que la competici\u00f3n ha cambiado dr\u00e1sticamente, sobre todo por la creciente influencia de la tecnolog\u00eda el\u00e9ctrica en los monoplazas.<\/p>\n\n\n\n<p>Seg\u00fan el piloto de Cadillac, esta nueva era ha supuesto una complicaci\u00f3n a\u00f1adida tanto para los ingenieros como para los propios pilotos, quienes <strong>contin\u00faan adapt\u00e1ndose a un sistema que considera dif\u00edcil <\/strong>de comprender en su totalidad.<\/p>\n\n\n\n<blockquote class=\"wp-block-quote is-layout-flow wp-block-quote-is-layout-flow\">\n<p>Sinceramente s\u00ed es muy diferente. Realmente nadie la entiende, ni los pilotos ni los ingenieros. Es una F\u00f3rmula 1 para todos y muy complicada. Es completamente diferente a lo que ven\u00edamos haciendo<\/p>\n<\/blockquote>\n\n\n\n<figure class=\"wp-block-image size-full is-resized\"><img loading=\"lazy\" decoding=\"async\" width=\"700\" height=\"395\" src=\"https:\/\/losperiodistas.com.mx\/portal\/wp-content\/uploads\/2026\/04\/imagen-121.png\" alt=\"\" class=\"wp-image-121054\" style=\"width:739px;height:auto\" srcset=\"https:\/\/losperiodistas.com.mx\/portal\/wp-content\/uploads\/2026\/04\/imagen-121.png 700w, https:\/\/losperiodistas.com.mx\/portal\/wp-content\/uploads\/2026\/04\/imagen-121-300x169.png 300w\" sizes=\"(max-width: 700px) 100vw, 700px\" \/><\/figure>\n\n\n\n<h2 class=\"wp-block-heading\">\u00bfCu\u00e1ndo vuelve a competir Checo P\u00e9rez?<\/h2>\n\n\n\n<p>Tras una pausa en el calendario de la temporada 2026, motivada por <strong>la cancelaci\u00f3n de los Grandes Premios de Bahrein y Arabia Saudita,<\/strong> la F\u00f3rmula 1 se prepara para reanudar su actividad.<\/p>\n\n\n\n<p>El regreso a las pistas est\u00e1 programado para el viernes 1 de mayo, cuando se celebre <strong>el Gran Premio de Miami.<\/strong> En este circuito, <strong>Sergio P\u00e9rez y el equipo Cadillac <\/strong>buscar\u00e1n capitalizar su progreso y sumar sus primeros puntos de la campa\u00f1a.<\/p>\n\n\n\n<p>Fuente: <a href=\"https:\/\/www.record.com.mx\/historia\/checo-perez-sorprendido-por-competir-con-aston-martin-en-su-regreso-a-la-f1-2026042417035955869\" target=\"_blank\" rel=\"noreferrer noopener\">R\u00e9cord<\/a><\/p>\n\n\n\n<p><\/p>\n","protected":false},"excerpt":{"rendered":"<p>El piloto tapat\u00edo, de 36 a\u00f1os de edad, ve positivo estar a la altura de otras escuder\u00edas ya consolidadas.<\/p>\n","protected":false},"author":1,"featured_media":121053,"comment_status":"open","ping_status":"open","sticky":false,"template":"","format":"standard","meta":{"site-sidebar-layout":"default","site-content-layout":"","ast-site-content-layout":"default","site-content-style":"default","site-sidebar-style":"default","ast-global-header-display":"","ast-banner-title-visibility":"","ast-main-header-display":"","ast-hfb-above-header-display":"","ast-hfb-below-header-display":"","ast-hfb-mobile-header-display":"","site-post-title":"","ast-breadcrumbs-content":"","ast-featured-img":"","footer-sml-layout":"","theme-transparent-header-meta":"","adv-header-id-meta":"","stick-header-meta":"","header-above-stick-meta":"","header-main-stick-meta":"","header-below-stick-meta":"","astra-migrate-meta-layouts":"default","ast-page-background-enabled":"default","ast-page-background-meta":{"desktop":{"background-color":"var(--ast-global-color-4)","background-image":"","background-repeat":"repeat","background-position":"center center","background-size":"auto","background-attachment":"scroll","background-type":"","background-media":"","overlay-type":"","overlay-color":"","overlay-opacity":"","overlay-gradient":""},"tablet":{"background-color":"","background-image":"","background-repeat":"repeat","background-position":"center center","background-size":"auto","background-attachment":"scroll","background-type":"","background-media":"","overlay-type":"","overlay-color":"","overlay-opacity":"","overlay-gradient":""},"mobile":{"background-color":"","background-image":"","background-repeat":"repeat","background-position":"center center","background-size":"auto","background-attachment":"scroll","background-type":"","background-media":"","overlay-type":"","overlay-color":"","overlay-opacity":"","overlay-gradient":""}},"ast-content-background-meta":{"desktop":{"background-color":"var(--ast-global-color-5)","background-image":"","background-repeat":"repeat","background-position":"center center","background-size":"auto","background-attachment":"scroll","background-type":"","background-media":"","overlay-type":"","overlay-color":"","overlay-opacity":"","overlay-gradient":""},"tablet":{"background-color":"var(--ast-global-color-5)","background-image":"","background-repeat":"repeat","background-position":"center center","background-size":"auto","background-attachment":"scroll","background-type":"","background-media":"","overlay-type":"","overlay-color":"","overlay-opacity":"","overlay-gradient":""},"mobile":{"background-color":"var(--ast-global-color-5)","background-image":"","background-repeat":"repeat","background-position":"center center","background-size":"auto","background-attachment":"scroll","background-type":"","background-media":"","overlay-type":"","overlay-color":"","overlay-opacity":"","overlay-gradient":""}},"footnotes":""},"categories":[8],"tags":[8023,38088,276,465,41033],"class_list":["post-121051","post","type-post","status-publish","format-standard","has-post-thumbnail","hentry","category-noticias","tag-aston-martin","tag-cadillac","tag-checo-perez","tag-f1","tag-valtteri-bottas"],"_links":{"self":[{"href":"https:\/\/losperiodistas.com.mx\/portal\/wp-json\/wp\/v2\/posts\/121051","targetHints":{"allow":["GET"]}}],"collection":[{"href":"https:\/\/losperiodistas.com.mx\/portal\/wp-json\/wp\/v2\/posts"}],"about":[{"href":"https:\/\/losperiodistas.com.mx\/portal\/wp-json\/wp\/v2\/types\/post"}],"author":[{"embeddable":true,"href":"https:\/\/losperiodistas.com.mx\/portal\/wp-json\/wp\/v2\/users\/1"}],"replies":[{"embeddable":true,"href":"https:\/\/losperiodistas.com.mx\/portal\/wp-json\/wp\/v2\/comments?post=121051"}],"version-history":[{"count":1,"href":"https:\/\/losperiodistas.com.mx\/portal\/wp-json\/wp\/v2\/posts\/121051\/revisions"}],"predecessor-version":[{"id":121055,"href":"https:\/\/losperiodistas.com.mx\/portal\/wp-json\/wp\/v2\/posts\/121051\/revisions\/121055"}],"wp:featuredmedia":[{"embeddable":true,"href":"https:\/\/losperiodistas.com.mx\/portal\/wp-json\/wp\/v2\/media\/121053"}],"wp:attachment":[{"href":"https:\/\/losperiodistas.com.mx\/portal\/wp-json\/wp\/v2\/media?parent=121051"}],"wp:term":[{"taxonomy":"category","embeddable":true,"href":"https:\/\/losperiodistas.com.mx\/portal\/wp-json\/wp\/v2\/categories?post=121051"},{"taxonomy":"post_tag","embeddable":true,"href":"https:\/\/losperiodistas.com.mx\/portal\/wp-json\/wp\/v2\/tags?post=121051"}],"curies":[{"name":"wp","href":"https:\/\/api.w.org\/{rel}","templated":true}]}}