{"id":121046,"date":"2026-04-24T20:05:11","date_gmt":"2026-04-25T02:05:11","guid":{"rendered":"https:\/\/losperiodistas.com.mx\/portal\/?p=121046"},"modified":"2026-04-24T20:05:13","modified_gmt":"2026-04-25T02:05:13","slug":"tiroteo-manana-esto-se-sabe-del-reto-viral-en-escuelas-de-puebla-ejecentral","status":"publish","type":"post","link":"https:\/\/losperiodistas.com.mx\/portal\/tiroteo-manana-esto-se-sabe-del-reto-viral-en-escuelas-de-puebla-ejecentral\/","title":{"rendered":"\u2018Tiroteo ma\u00f1ana\u2019, esto se sabe del reto viral en escuelas de Puebla | EjeCentral"},"content":{"rendered":"\n<p>Autoridades de Puebla informaron sobre este reto entre alumnos, el cual ha generado preocupaci\u00f3n y el hecho que se refuerce la seguridad en los planteles educativos del estado<\/p>\n\n\n\n<figure class=\"wp-block-image size-large\"><img fetchpriority=\"high\" decoding=\"async\" width=\"1024\" height=\"665\" src=\"https:\/\/losperiodistas.com.mx\/portal\/wp-content\/uploads\/2026\/04\/RetoViral-1024x665.png\" alt=\"\" class=\"wp-image-121047\" srcset=\"https:\/\/losperiodistas.com.mx\/portal\/wp-content\/uploads\/2026\/04\/RetoViral-1024x665.png 1024w, https:\/\/losperiodistas.com.mx\/portal\/wp-content\/uploads\/2026\/04\/RetoViral-300x195.png 300w, https:\/\/losperiodistas.com.mx\/portal\/wp-content\/uploads\/2026\/04\/RetoViral-768x499.png 768w, https:\/\/losperiodistas.com.mx\/portal\/wp-content\/uploads\/2026\/04\/RetoViral.png 1351w\" sizes=\"(max-width: 1024px) 100vw, 1024px\" \/><figcaption class=\"wp-element-caption\">Imagen de la fachada de una escuela y del mensaje sobre el reto \u00abtiroteo ma\u00f1ana\u00bb<br>Cuartoscuro \/ befunky<\/figcaption><\/figure>\n\n\n\n<p class=\"has-vivid-red-color has-text-color has-link-color wp-elements-37c9d44211a5dad0dd68c67a527d2c28\">Redacci\u00f3n \/ EjeCentral<\/p>\n\n\n\n<p><strong>Alarma y preocupaci\u00f3n<\/strong> ha generado un nuevo reto viral sobre ataques armado en <strong>escuelas de Puebla<\/strong>. \u2019<strong>Tiroteo ma\u00f1ana<\/strong>\u2019, es el nombre con el que se identific\u00f3 este desaf\u00edo entre j\u00f3venes que ya es seguido de cerca por la <strong>Fiscal\u00eda General del Estado (FGE)<\/strong>.<\/p>\n\n\n\n<p>Fue esta dependencia la que inform\u00f3 que ya se abrieron diversas <strong>carpetas de investigaci\u00f3n<\/strong> tras la difusi\u00f3n del reto que se ha propagado en redes sociales. Las autoridades confirmaron que ya atienden casos espec\u00edficos donde se detectaron mensajes con posibles amenazas.<\/p>\n\n\n\n<h2 class=\"wp-block-heading\">\u00bfQu\u00e9 se sabe sobre el reto \u2018tiroteo ma\u00f1ana\u2019?<\/h2>\n\n\n\n<p>La Fiscal\u00eda de Puebla dio conocer, a trav\u00e9s de un pronunciamiento p\u00fablico, que implementa protocolos especializados para la <strong>atenci\u00f3n de ni\u00f1as, ni\u00f1os y adolescentes<\/strong>, con la finalidad de garantizar el debido proceso y proteger la integridad de la <strong>comunidad escolar<\/strong> en la entidad.<\/p>\n\n\n\n<p>La intervenci\u00f3n ocurre luego de que el <strong>titular de la Secretar\u00eda de Seguridad P\u00fablica estatal, Francisco S\u00e1nchez Gonz\u00e1lez<\/strong>, confirmara al menos tres amenazas de tiroteo en planteles del estado, lo que deriv\u00f3 en el despliegue de vigilancia y acciones preventivas.<\/p>\n\n\n\n<figure class=\"wp-block-image aligncenter size-large is-resized\"><img decoding=\"async\" width=\"1024\" height=\"382\" src=\"https:\/\/losperiodistas.com.mx\/portal\/wp-content\/uploads\/2026\/04\/imagen-117-1024x382.png\" alt=\"\" class=\"wp-image-121048\" style=\"aspect-ratio:2.6798475269694007;width:622px;height:auto\" srcset=\"https:\/\/losperiodistas.com.mx\/portal\/wp-content\/uploads\/2026\/04\/imagen-117-1024x382.png 1024w, https:\/\/losperiodistas.com.mx\/portal\/wp-content\/uploads\/2026\/04\/imagen-117-300x112.png 300w, https:\/\/losperiodistas.com.mx\/portal\/wp-content\/uploads\/2026\/04\/imagen-117-768x287.png 768w, https:\/\/losperiodistas.com.mx\/portal\/wp-content\/uploads\/2026\/04\/imagen-117-1536x573.png 1536w, https:\/\/losperiodistas.com.mx\/portal\/wp-content\/uploads\/2026\/04\/imagen-117-2048x764.png 2048w\" sizes=\"(max-width: 1024px) 100vw, 1024px\" \/><\/figure>\n\n\n\n<p>De acuerdo con los reportes oficiales, las advertencias se han identificado en <strong>tres centros educativos<\/strong>, uno de ellos con reincidencia, donde ya se mantiene presencia policial:<\/p>\n\n\n\n<ul class=\"wp-block-list\">\n<li><strong>CBTIS 16 de Atlixco<\/strong><\/li>\n\n\n\n<li><strong>Centro Escolar Ni\u00f1os H\u00e9roes de Chapultepec (CENHCH)<\/strong><\/li>\n\n\n\n<li><strong>Plantel de Bachillerato en Huauchinango<\/strong><\/li>\n<\/ul>\n\n\n\n<p>En el caso del CBTIS 16, se detall\u00f3 que se localizaron mensajes sobre avisos de tiroteos dentro de las instalaciones, lo que llev\u00f3 a activar los protocolos de seguridad correspondientes.<\/p>\n\n\n\n<p>Mientras que en el CENHCH), el martes pasado apareci\u00f3 un <strong>mensaje en los sanitarios<\/strong> que hac\u00eda referencia a un posible ataque. Aunque la advertencia fue borrada, apareci\u00f3 al d\u00eda siguiente, lo que encendi\u00f3 las alertas entre autoridades escolares y de la polic\u00eda local. Adem\u00e1s, se report\u00f3 que algunos alumnos habr\u00edan mencionado la posible posesi\u00f3n de armas.<\/p>\n\n\n\n<p>En el tercer caso, en el <strong>plantel en Huauchinango<\/strong>, tambi\u00e9n se detectaron mensajes relacionados con el reto viral \u2018tiroteo ma\u00f1ana\u2019.<\/p>\n\n\n\n<h2 class=\"wp-block-heading\">\u00bfC\u00f3mo se increment\u00f3 la seguridad por este reto viral?<\/h2>\n\n\n\n<p>En el caso espec\u00edfico del <strong>bachillerato del CENHCH<\/strong>, las autoridades intensificaron las medidas de seguridad el jueves, luego de la circulaci\u00f3n de nuevos rumores en redes sociales. Como parte de la estrategia, se implementaron revisiones de mochilas y se conformaron brigadas de vigilancia al interior del plantel.<\/p>\n\n\n\n<p>Al respecto, al Fiscal\u00eda de Puebla se\u00f1al\u00f3 que mantiene coordinaci\u00f3n con autoridades de los tres \u00f3rdenes de gobierno para <strong>fortalecer las acciones preventivas y preservar el orden p\u00fablico<\/strong> en el entorno escolar.<\/p>\n\n\n\n<figure class=\"wp-block-image size-large\"><img decoding=\"async\" width=\"791\" height=\"1024\" src=\"https:\/\/losperiodistas.com.mx\/portal\/wp-content\/uploads\/2026\/04\/imagen-118-791x1024.png\" alt=\"\" class=\"wp-image-121049\" srcset=\"https:\/\/losperiodistas.com.mx\/portal\/wp-content\/uploads\/2026\/04\/imagen-118-791x1024.png 791w, https:\/\/losperiodistas.com.mx\/portal\/wp-content\/uploads\/2026\/04\/imagen-118-232x300.png 232w, https:\/\/losperiodistas.com.mx\/portal\/wp-content\/uploads\/2026\/04\/imagen-118-768x995.png 768w, https:\/\/losperiodistas.com.mx\/portal\/wp-content\/uploads\/2026\/04\/imagen-118.png 1112w\" sizes=\"(max-width: 791px) 100vw, 791px\" \/><\/figure>\n\n\n\n<h2 class=\"wp-block-heading\">\u00bfC\u00f3mo se puede castigar a los responsables del reto \u2018tiroteo ma\u00f1ana\u2019?<\/h2>\n\n\n\n<p>Las autoridades hicieron un <strong>llamado a padres de familia, docentes y estudiantes<\/strong> para evitar compartir informaci\u00f3n no verificada en redes sociales. Indicaron que la propagaci\u00f3n de rumores contribuye a generar incertidumbre y afecta la estabilidad social.<\/p>\n\n\n\n<p>En su posicionamiento, la dependencia estatal advirti\u00f3 sobre las implicaciones legales de difundir este tipo de amenazas, incluso cuando se trate de <strong>supuestas \u201cbromas\u201d o retos virales<\/strong>. Subray\u00f3 que estos actos pueden derivar en responsabilidades jur\u00eddicas.<\/p>\n\n\n\n<p>\u201c<strong>Se reitera que cualquier conducta que genere alarma, afecte la seguridad colectiva o implique la posible comisi\u00f3n de un delito ser\u00e1 investigada y sancionada conforme a la legislaci\u00f3n vigente<\/strong>\u201d, refiri\u00f3 la Fiscal\u00eda de Puebla.<\/p>\n\n\n\n<p>El caso se suma a una tendencia reciente en plataformas digitales, donde contenidos virales relacionados con violencia han encendido alertas en comunidades escolares, obligando a reforzar los <strong>protocolos de seguridad y la vigilancia institucional<\/strong>.<\/p>\n\n\n\n<p>Fuente: <a href=\"https:\/\/www.ejecentral.com.mx\/nuestro-eje\/tiroteo-manana-esto-se-sabe-del-reto-viral-en-escuelas-de-puebla\" target=\"_blank\" rel=\"noreferrer noopener\">EjeCentral<\/a><\/p>\n","protected":false},"excerpt":{"rendered":"<p>Autoridades de Puebla informaron sobre este reto entre alumnos, el cual ha generado preocupaci\u00f3n y el hecho que se refuerce la seguridad en los planteles educativos del estado<\/p>\n","protected":false},"author":1,"featured_media":121047,"comment_status":"open","ping_status":"open","sticky":false,"template":"","format":"standard","meta":{"site-sidebar-layout":"default","site-content-layout":"","ast-site-content-layout":"default","site-content-style":"default","site-sidebar-style":"default","ast-global-header-display":"","ast-banner-title-visibility":"","ast-main-header-display":"","ast-hfb-above-header-display":"","ast-hfb-below-header-display":"","ast-hfb-mobile-header-display":"","site-post-title":"","ast-breadcrumbs-content":"","ast-featured-img":"","footer-sml-layout":"","theme-transparent-header-meta":"","adv-header-id-meta":"","stick-header-meta":"","header-above-stick-meta":"","header-main-stick-meta":"","header-below-stick-meta":"","astra-migrate-meta-layouts":"default","ast-page-background-enabled":"default","ast-page-background-meta":{"desktop":{"background-color":"var(--ast-global-color-4)","background-image":"","background-repeat":"repeat","background-position":"center center","background-size":"auto","background-attachment":"scroll","background-type":"","background-media":"","overlay-type":"","overlay-color":"","overlay-opacity":"","overlay-gradient":""},"tablet":{"background-color":"","background-image":"","background-repeat":"repeat","background-position":"center center","background-size":"auto","background-attachment":"scroll","background-type":"","background-media":"","overlay-type":"","overlay-color":"","overlay-opacity":"","overlay-gradient":""},"mobile":{"background-color":"","background-image":"","background-repeat":"repeat","background-position":"center center","background-size":"auto","background-attachment":"scroll","background-type":"","background-media":"","overlay-type":"","overlay-color":"","overlay-opacity":"","overlay-gradient":""}},"ast-content-background-meta":{"desktop":{"background-color":"var(--ast-global-color-5)","background-image":"","background-repeat":"repeat","background-position":"center center","background-size":"auto","background-attachment":"scroll","background-type":"","background-media":"","overlay-type":"","overlay-color":"","overlay-opacity":"","overlay-gradient":""},"tablet":{"background-color":"var(--ast-global-color-5)","background-image":"","background-repeat":"repeat","background-position":"center center","background-size":"auto","background-attachment":"scroll","background-type":"","background-media":"","overlay-type":"","overlay-color":"","overlay-opacity":"","overlay-gradient":""},"mobile":{"background-color":"var(--ast-global-color-5)","background-image":"","background-repeat":"repeat","background-position":"center center","background-size":"auto","background-attachment":"scroll","background-type":"","background-media":"","overlay-type":"","overlay-color":"","overlay-opacity":"","overlay-gradient":""}},"footnotes":""},"categories":[8],"tags":[48503,24754,8208,19870],"class_list":["post-121046","post","type-post","status-publish","format-standard","has-post-thumbnail","hentry","category-noticias","tag-escuelas","tag-reto-viral","tag-seguridad","tag-tiroteo"],"_links":{"self":[{"href":"https:\/\/losperiodistas.com.mx\/portal\/wp-json\/wp\/v2\/posts\/121046","targetHints":{"allow":["GET"]}}],"collection":[{"href":"https:\/\/losperiodistas.com.mx\/portal\/wp-json\/wp\/v2\/posts"}],"about":[{"href":"https:\/\/losperiodistas.com.mx\/portal\/wp-json\/wp\/v2\/types\/post"}],"author":[{"embeddable":true,"href":"https:\/\/losperiodistas.com.mx\/portal\/wp-json\/wp\/v2\/users\/1"}],"replies":[{"embeddable":true,"href":"https:\/\/losperiodistas.com.mx\/portal\/wp-json\/wp\/v2\/comments?post=121046"}],"version-history":[{"count":1,"href":"https:\/\/losperiodistas.com.mx\/portal\/wp-json\/wp\/v2\/posts\/121046\/revisions"}],"predecessor-version":[{"id":121050,"href":"https:\/\/losperiodistas.com.mx\/portal\/wp-json\/wp\/v2\/posts\/121046\/revisions\/121050"}],"wp:featuredmedia":[{"embeddable":true,"href":"https:\/\/losperiodistas.com.mx\/portal\/wp-json\/wp\/v2\/media\/121047"}],"wp:attachment":[{"href":"https:\/\/losperiodistas.com.mx\/portal\/wp-json\/wp\/v2\/media?parent=121046"}],"wp:term":[{"taxonomy":"category","embeddable":true,"href":"https:\/\/losperiodistas.com.mx\/portal\/wp-json\/wp\/v2\/categories?post=121046"},{"taxonomy":"post_tag","embeddable":true,"href":"https:\/\/losperiodistas.com.mx\/portal\/wp-json\/wp\/v2\/tags?post=121046"}],"curies":[{"name":"wp","href":"https:\/\/api.w.org\/{rel}","templated":true}]}}