{"id":121041,"date":"2026-04-24T19:57:28","date_gmt":"2026-04-25T01:57:28","guid":{"rendered":"https:\/\/losperiodistas.com.mx\/portal\/?p=121041"},"modified":"2026-04-24T19:57:53","modified_gmt":"2026-04-25T01:57:53","slug":"lanzan-proyecto-de-ley-que-cambiara-el-castigo-a-personas-que-maltraten-animales-en-puebla-adn","status":"publish","type":"post","link":"https:\/\/losperiodistas.com.mx\/portal\/lanzan-proyecto-de-ley-que-cambiara-el-castigo-a-personas-que-maltraten-animales-en-puebla-adn\/","title":{"rendered":"Lanzan proyecto de ley que cambiar\u00e1 el castigo a personas que maltraten animales en Puebla | adn"},"content":{"rendered":"\n<p>La iniciativa busca que los agresores se hagan cargo de la rehabilitaci\u00f3n total del animal y queden boletinados en un registro estatal.<\/p>\n\n\n\n<figure class=\"wp-block-image size-large\"><img fetchpriority=\"high\" decoding=\"async\" width=\"1024\" height=\"576\" src=\"https:\/\/losperiodistas.com.mx\/portal\/wp-content\/uploads\/2026\/04\/CastigosMaltratoAnimal-1024x576.png\" alt=\"\" class=\"wp-image-121042\" srcset=\"https:\/\/losperiodistas.com.mx\/portal\/wp-content\/uploads\/2026\/04\/CastigosMaltratoAnimal-1024x576.png 1024w, https:\/\/losperiodistas.com.mx\/portal\/wp-content\/uploads\/2026\/04\/CastigosMaltratoAnimal-300x169.png 300w, https:\/\/losperiodistas.com.mx\/portal\/wp-content\/uploads\/2026\/04\/CastigosMaltratoAnimal-768x432.png 768w, https:\/\/losperiodistas.com.mx\/portal\/wp-content\/uploads\/2026\/04\/CastigosMaltratoAnimal.png 1240w\" sizes=\"(max-width: 1024px) 100vw, 1024px\" \/><\/figure>\n\n\n\n<p class=\"has-vivid-red-color has-text-color has-link-color wp-elements-4549e575d57cab2c147a0271a9d9f23f\">Tatiana Cuschnir \/ adn40<\/p>\n\n\n\n<p>El maltrato animal en <strong>Puebla<\/strong> est\u00e1 a punto de enfrentar un castigo mucho m\u00e1s severo. La diputada <strong>Elisa Lim\u00f3n Balderr\u00e1bano<\/strong> ha presentado ante el Congreso del Estado la iniciativa para crear la <strong>Ley de Responsabilidad y Reparaci\u00f3n del Da\u00f1o por Maltrato Animal<\/strong>. El n\u00facleo de esta propuesta dice que ya no bastar\u00e1 con una sanci\u00f3n administrativa o penal. Ahora, el responsable tendr\u00e1 la obligaci\u00f3n legal de <strong>resarcir el da\u00f1o f\u00edsico y emocional <\/strong>causado al ser sintiente, trasladando el costo de la recuperaci\u00f3n del Estado o las asociaciones civiles directamente al bolsillo del infractor.<\/p>\n\n\n\n<h2 class=\"wp-block-heading\">Proyecto en Puebla: \u00bfEn qu\u00e9 consiste la \u201cReparaci\u00f3n Integral del Da\u00f1o\u201d?<\/h2>\n\n\n\n<p>A diferencia de las leyes actuales, este proyecto de ley pone al animal en el centro. La reparaci\u00f3n del da\u00f1o obliga al maltratador a <strong>cubrir de manera obligatoria y solidaria todos los gastos necesarios<\/strong> para que el ejemplar recupere su bienestar.<\/p>\n\n\n\n<p>Seg\u00fan el documento, la reparaci\u00f3n incluye:<\/p>\n\n\n\n<ul class=\"wp-block-list\">\n<li><strong>Gastos m\u00e9dicos:<\/strong> Pago de consultas veterinarias, medicamentos, cirug\u00edas y hospitalizaci\u00f3n.<\/li>\n\n\n\n<li><strong>Rehabilitaci\u00f3n:<\/strong> Terapias f\u00edsicas y conductuales para animales con traumas derivados del maltrato.<\/li>\n\n\n\n<li><strong>Sostenimiento:<\/strong> El agresor deber\u00e1 pagar la alimentaci\u00f3n y el resguardo en refugios mientras el animal se recupera.<\/li>\n\n\n\n<li><strong>Compensaci\u00f3n a terceros:<\/strong> Si una asociaci\u00f3n civil o un particular rescat\u00f3 al animal y pag\u00f3 sus gastos, el responsable deber\u00e1 reembolsarles cada peso invertido.<\/li>\n<\/ul>\n\n\n\n<h2 class=\"wp-block-heading\">\u00bfQu\u00e9 es el nuevo Registro Estatal de Personas Infractoras?<\/h2>\n\n\n\n<p>Uno de los puntos m\u00e1s pol\u00e9micos y preventivos de la ley es la creaci\u00f3n del <strong>Registro Estatal de Personas Infractoras por Maltrato Animal<\/strong>. Este ser\u00e1 un padr\u00f3n administrativo que concentrar\u00e1 los nombres de todas las personas que hayan sido sancionadas con una resoluci\u00f3n firme.<\/p>\n\n\n\n<p>El objetivo de este \u201cbolet\u00edn\u201d es:<\/p>\n\n\n\n<ol class=\"wp-block-list\">\n<li><strong>Evitar la reincidencia:<\/strong> Impedir que personas con antecedentes de crueldad puedan adoptar o comprar animales nuevamente.<\/li>\n\n\n\n<li><strong>Vigilancia:<\/strong> Facilitar que las autoridades identifiquen a sujetos peligrosos que podr\u00edan escalar su violencia hacia personas.<\/li>\n\n\n\n<li><strong>Prohibiciones:<\/strong> Los inscritos en el registro podr\u00e1n enfrentar la prohibici\u00f3n definitiva de tener mascotas o trabajar en \u00e1reas relacionadas con el manejo de animales (veterinarias, tiendas de mascotas, adiestramiento).<\/li>\n<\/ol>\n\n\n\n<figure class=\"wp-block-image size-large\"><img decoding=\"async\" width=\"1024\" height=\"608\" src=\"https:\/\/losperiodistas.com.mx\/portal\/wp-content\/uploads\/2026\/04\/imagen-116-1024x608.png\" alt=\"\" class=\"wp-image-121043\" srcset=\"https:\/\/losperiodistas.com.mx\/portal\/wp-content\/uploads\/2026\/04\/imagen-116-1024x608.png 1024w, https:\/\/losperiodistas.com.mx\/portal\/wp-content\/uploads\/2026\/04\/imagen-116-300x178.png 300w, https:\/\/losperiodistas.com.mx\/portal\/wp-content\/uploads\/2026\/04\/imagen-116-768x456.png 768w, https:\/\/losperiodistas.com.mx\/portal\/wp-content\/uploads\/2026\/04\/imagen-116.png 1440w\" sizes=\"(max-width: 1024px) 100vw, 1024px\" \/><\/figure>\n\n\n\n<h2 class=\"wp-block-heading\">\u00bfC\u00f3mo se determinar\u00e1 la responsabilidad del agresor?<\/h2>\n\n\n\n<p>La ley establece que la responsabilidad puede ser <strong>directa<\/strong> (quien comete el acto), <strong>indirecta<\/strong> (quien ordena el maltrato) o <strong>por omisi\u00f3n<\/strong> (due\u00f1os que permitan el sufrimiento por descuido). Para fijar el castigo, las autoridades evaluar\u00e1n la gravedad del da\u00f1o, la intenci\u00f3n del agresor y si existe reincidencia dentro de un periodo de cinco a\u00f1os.<\/p>\n\n\n\n<p>Adem\u00e1s, se faculta a las autoridades para dictar <strong>medidas provisionales inmediatas<\/strong>, como el decomiso del animal al momento de la denuncia si se detecta un riesgo inminente para su vida, sin tener que esperar a que termine todo el juicio.<\/p>\n\n\n\n<p>Una vez aprobada, el Gobierno del Estado tendr\u00e1 90 d\u00edas para emitir el reglamento y 180 d\u00edas para poner en marcha el registro de infractores.<\/p>\n\n\n\n<p>Fuente: <a href=\"https:\/\/www.adn40.mx\/mexico\/2026-04-24\/es-oficial-en-puebla-lanzan-proyecto-de-ley-que-cambiara-el-castigo-a-personas-que-maltraten-animales\/\" target=\"_blank\" rel=\"noreferrer noopener\">adn40<\/a><\/p>\n","protected":false},"excerpt":{"rendered":"<p>La iniciativa busca que los agresores se hagan cargo de la rehabilitaci\u00f3n total del animal y queden boletinados en un registro estatal.<\/p>\n","protected":false},"author":1,"featured_media":121042,"comment_status":"open","ping_status":"open","sticky":false,"template":"","format":"standard","meta":{"site-sidebar-layout":"default","site-content-layout":"","ast-site-content-layout":"default","site-content-style":"default","site-sidebar-style":"default","ast-global-header-display":"","ast-banner-title-visibility":"","ast-main-header-display":"","ast-hfb-above-header-display":"","ast-hfb-below-header-display":"","ast-hfb-mobile-header-display":"","site-post-title":"","ast-breadcrumbs-content":"","ast-featured-img":"","footer-sml-layout":"","theme-transparent-header-meta":"","adv-header-id-meta":"","stick-header-meta":"","header-above-stick-meta":"","header-main-stick-meta":"","header-below-stick-meta":"","astra-migrate-meta-layouts":"default","ast-page-background-enabled":"default","ast-page-background-meta":{"desktop":{"background-color":"var(--ast-global-color-4)","background-image":"","background-repeat":"repeat","background-position":"center center","background-size":"auto","background-attachment":"scroll","background-type":"","background-media":"","overlay-type":"","overlay-color":"","overlay-opacity":"","overlay-gradient":""},"tablet":{"background-color":"","background-image":"","background-repeat":"repeat","background-position":"center center","background-size":"auto","background-attachment":"scroll","background-type":"","background-media":"","overlay-type":"","overlay-color":"","overlay-opacity":"","overlay-gradient":""},"mobile":{"background-color":"","background-image":"","background-repeat":"repeat","background-position":"center center","background-size":"auto","background-attachment":"scroll","background-type":"","background-media":"","overlay-type":"","overlay-color":"","overlay-opacity":"","overlay-gradient":""}},"ast-content-background-meta":{"desktop":{"background-color":"var(--ast-global-color-5)","background-image":"","background-repeat":"repeat","background-position":"center center","background-size":"auto","background-attachment":"scroll","background-type":"","background-media":"","overlay-type":"","overlay-color":"","overlay-opacity":"","overlay-gradient":""},"tablet":{"background-color":"var(--ast-global-color-5)","background-image":"","background-repeat":"repeat","background-position":"center center","background-size":"auto","background-attachment":"scroll","background-type":"","background-media":"","overlay-type":"","overlay-color":"","overlay-opacity":"","overlay-gradient":""},"mobile":{"background-color":"var(--ast-global-color-5)","background-image":"","background-repeat":"repeat","background-position":"center center","background-size":"auto","background-attachment":"scroll","background-type":"","background-media":"","overlay-type":"","overlay-color":"","overlay-opacity":"","overlay-gradient":""}},"footnotes":""},"categories":[8],"tags":[48500,7953,48499,48501,48502],"class_list":["post-121041","post","type-post","status-publish","format-standard","has-post-thumbnail","hentry","category-noticias","tag-castigo","tag-maltrato-animal","tag-proyecto-de-ley","tag-registro-estatal","tag-reparacion-integral-del-dano"],"_links":{"self":[{"href":"https:\/\/losperiodistas.com.mx\/portal\/wp-json\/wp\/v2\/posts\/121041","targetHints":{"allow":["GET"]}}],"collection":[{"href":"https:\/\/losperiodistas.com.mx\/portal\/wp-json\/wp\/v2\/posts"}],"about":[{"href":"https:\/\/losperiodistas.com.mx\/portal\/wp-json\/wp\/v2\/types\/post"}],"author":[{"embeddable":true,"href":"https:\/\/losperiodistas.com.mx\/portal\/wp-json\/wp\/v2\/users\/1"}],"replies":[{"embeddable":true,"href":"https:\/\/losperiodistas.com.mx\/portal\/wp-json\/wp\/v2\/comments?post=121041"}],"version-history":[{"count":2,"href":"https:\/\/losperiodistas.com.mx\/portal\/wp-json\/wp\/v2\/posts\/121041\/revisions"}],"predecessor-version":[{"id":121045,"href":"https:\/\/losperiodistas.com.mx\/portal\/wp-json\/wp\/v2\/posts\/121041\/revisions\/121045"}],"wp:featuredmedia":[{"embeddable":true,"href":"https:\/\/losperiodistas.com.mx\/portal\/wp-json\/wp\/v2\/media\/121042"}],"wp:attachment":[{"href":"https:\/\/losperiodistas.com.mx\/portal\/wp-json\/wp\/v2\/media?parent=121041"}],"wp:term":[{"taxonomy":"category","embeddable":true,"href":"https:\/\/losperiodistas.com.mx\/portal\/wp-json\/wp\/v2\/categories?post=121041"},{"taxonomy":"post_tag","embeddable":true,"href":"https:\/\/losperiodistas.com.mx\/portal\/wp-json\/wp\/v2\/tags?post=121041"}],"curies":[{"name":"wp","href":"https:\/\/api.w.org\/{rel}","templated":true}]}}