{"id":121032,"date":"2026-04-24T09:33:24","date_gmt":"2026-04-24T15:33:24","guid":{"rendered":"https:\/\/losperiodistas.com.mx\/portal\/?p=121032"},"modified":"2026-04-24T10:24:01","modified_gmt":"2026-04-24T16:24:01","slug":"thomas-bangalter-de-daft-punk-anuncia-el-nuevo-album-mirage-ballet-for-16-dancers-euronews","status":"publish","type":"post","link":"https:\/\/losperiodistas.com.mx\/portal\/thomas-bangalter-de-daft-punk-anuncia-el-nuevo-album-mirage-ballet-for-16-dancers-euronews\/","title":{"rendered":"Thomas Bangalter de Daft Punk anuncia el nuevo \u00e1lbum &#8216;Mirage \u2013 Ballet For 16 Dancers&#8217; | Euronews"},"content":{"rendered":"\n<figure class=\"wp-block-image size-large\"><img fetchpriority=\"high\" decoding=\"async\" width=\"1024\" height=\"576\" src=\"https:\/\/losperiodistas.com.mx\/portal\/wp-content\/uploads\/2026\/04\/1920x1080_cmsv2_483b23bf-f861-52b4-b87b-bd37d6880200-9735073-1024x576.webp\" alt=\"\" class=\"wp-image-121033\" srcset=\"https:\/\/losperiodistas.com.mx\/portal\/wp-content\/uploads\/2026\/04\/1920x1080_cmsv2_483b23bf-f861-52b4-b87b-bd37d6880200-9735073-1024x576.webp 1024w, https:\/\/losperiodistas.com.mx\/portal\/wp-content\/uploads\/2026\/04\/1920x1080_cmsv2_483b23bf-f861-52b4-b87b-bd37d6880200-9735073-300x169.webp 300w, https:\/\/losperiodistas.com.mx\/portal\/wp-content\/uploads\/2026\/04\/1920x1080_cmsv2_483b23bf-f861-52b4-b87b-bd37d6880200-9735073-768x432.webp 768w, https:\/\/losperiodistas.com.mx\/portal\/wp-content\/uploads\/2026\/04\/1920x1080_cmsv2_483b23bf-f861-52b4-b87b-bd37d6880200-9735073-1536x864.webp 1536w, https:\/\/losperiodistas.com.mx\/portal\/wp-content\/uploads\/2026\/04\/1920x1080_cmsv2_483b23bf-f861-52b4-b87b-bd37d6880200-9735073.webp 1920w\" sizes=\"(max-width: 1024px) 100vw, 1024px\" \/><figcaption class=\"wp-element-caption\">Derechos de autor&nbsp;Erato &#8211; Press<\/figcaption><\/figure>\n\n\n\n<p class=\"has-medium-font-size\"><strong>Por&nbsp;<a href=\"https:\/\/es.euronews.com\/perfiles\/2538\">David Mouriquand<\/a> \/ Euronews<\/strong><\/p>\n\n\n\n<p><\/p>\n\n\n\n<p><\/p>\n\n\n\n<h2 class=\"wp-block-heading\">Pionero del electro franc\u00e9s, Thomas Bangalter contin\u00faa su giro musical y colabora con el core\u00f3grafo Damien Jalet y el artista contempor\u00e1neo K\u014dhei Nawa.<\/h2>\n\n\n\n<p>Ya han pasado cinco a\u00f1os desde que Daft Punk anunci\u00f3 su separaci\u00f3n y uno de los dos miembros del d\u00fao enmascarado no ha dejado de trabajar.<a href=\"https:\/\/www.optidigital.com\/?utm_medium=aio&amp;utm_source=es.euronews.com&amp;utm_campaign=content-1\" target=\"_blank\" rel=\"noreferrer noopener\"><\/a><\/p>\n\n\n\n<p>Ya sea componiendo bandas sonoras para pel\u00edculas, trabajando en la m\u00fasica de \u00f3peras o escribiendo una partitura sinf\u00f3nica para el core\u00f3grafo Angelin Preljocaj, Thomas Bangalter no parece detenerse.<\/p>\n\n\n\n<p>Su primer \u00e1lbum en solitario, publicado en 2023, &#8216;Mythologies&#8217;, fue una se\u00f1al inequ\u00edvoca de que hab\u00eda vida despu\u00e9s de haber sido la mitad de uno de los proyectos de m\u00fasica electr\u00f3nica m\u00e1s famosos del mundo. Sorprendi\u00f3 a todos con un giro musical brusco, dejando atr\u00e1s los temas de baile electr\u00f3nicos para embarcarse en una extensa composici\u00f3n cl\u00e1sica de 90 minutos.<\/p>\n\n\n\n<p>En nuestra cr\u00edtica de &#8216;Mythologies&#8217;, escrib\u00edamos: \u00abLa partitura termina sonando como un cruce barroco entre Vivaldi y Philip Glass, y es\u2026 bueno, es sublime. A lo largo de la obra se escuchan ecos del maestro veneciano y del minimalismo estadounidense, as\u00ed como referencias a Bach y Debussy. Y en este sentido, el enfoque de Bangalter respecto a las melod\u00edas y las influencias no es tan distinto del &#8216;sampling&#8217;, un arte que Daft Punk domin\u00f3, por decirlo suavemente\u00bb.<\/p>\n\n\n\n<p>Ahora, el artista franc\u00e9s ha anunciado su pr\u00f3ximo proyecto, una nueva banda sonora para ballet, &#8216;Mirage \u2013 Ballet For 16 Dancers&#8217;, presentada como \u00abuna pieza vasta y atmosf\u00e9rica de minimalismo electr\u00f3nico\u00bb.<\/p>\n\n\n\n<figure class=\"wp-block-image\"><img decoding=\"async\" src=\"https:\/\/images.euronews.com\/articles\/stories\/09\/73\/50\/73\/808x808_cmsv2_a07f3c5f-75f4-5bd1-a2bc-60d77b900eb2-9735073.jpg\" alt=\"\u2018Mirage \u2013 Ballet For 16 Dancers\u2019\"\/><figcaption class=\"wp-element-caption\"><em>\u2018Mirage \u2013 Ballet For 16 Dancers\u2019<\/em>&nbsp;Erato &#8211; Press<\/figcaption><\/figure>\n\n\n\n<p>La m\u00fasica busca trazar los \u00abestados cambiantes\u00bb de un ballet coreografiado por Damien Jalet y el artista contempor\u00e1neo K\u014dhei Nawa.<\/p>\n\n\n\n<p>Aqu\u00ed puedes ver el primer avance:<\/p>\n\n\n\n<figure class=\"wp-block-embed is-type-rich is-provider-gestor-del-servicio wp-block-embed-gestor-del-servicio wp-embed-aspect-16-9 wp-has-aspect-ratio\"><div class=\"wp-block-embed__wrapper\">\n<iframe title=\"Thomas Bangalter: Mirage - Ballet for 16 Dancers (Official Album Trailer)\" width=\"500\" height=\"281\" src=\"https:\/\/www.youtube.com\/embed\/bP4h1z2joqI?feature=oembed\" frameborder=\"0\" allow=\"accelerometer; autoplay; clipboard-write; encrypted-media; gyroscope; picture-in-picture; web-share\" referrerpolicy=\"strict-origin-when-cross-origin\" allowfullscreen><\/iframe>\n<\/div><\/figure>\n\n\n\n<p>Y por si fuera poco, porque a un pionero de la electr\u00f3nica no se le puede pedir que se relaje, Bangalter tambi\u00e9n ha anunciado \u00abun gran evento inmersivo\u00bb que presentar\u00e1 en Art Basel, en Suiza, el 20 de junio.<\/p>\n\n\n\n<figure class=\"wp-block-image size-large\"><img decoding=\"async\" width=\"731\" height=\"1024\" src=\"https:\/\/losperiodistas.com.mx\/portal\/wp-content\/uploads\/2026\/04\/Captura-de-pantalla-2026-04-24-a-las-9.29.23-731x1024.png\" alt=\"\" class=\"wp-image-121035\" srcset=\"https:\/\/losperiodistas.com.mx\/portal\/wp-content\/uploads\/2026\/04\/Captura-de-pantalla-2026-04-24-a-las-9.29.23-731x1024.png 731w, https:\/\/losperiodistas.com.mx\/portal\/wp-content\/uploads\/2026\/04\/Captura-de-pantalla-2026-04-24-a-las-9.29.23-214x300.png 214w, https:\/\/losperiodistas.com.mx\/portal\/wp-content\/uploads\/2026\/04\/Captura-de-pantalla-2026-04-24-a-las-9.29.23-768x1075.png 768w, https:\/\/losperiodistas.com.mx\/portal\/wp-content\/uploads\/2026\/04\/Captura-de-pantalla-2026-04-24-a-las-9.29.23-1097x1536.png 1097w, https:\/\/losperiodistas.com.mx\/portal\/wp-content\/uploads\/2026\/04\/Captura-de-pantalla-2026-04-24-a-las-9.29.23.png 1314w\" sizes=\"(max-width: 731px) 100vw, 731px\" \/><figcaption class=\"wp-element-caption\"><strong><a href=\"https:\/\/www.instagram.com\/p\/DXE_gGkj5MA\/?utm_source=ig_web_copy_link&amp;igsh=NTc4MTIwNjQ2YQ==\">VER EN INSTAGRAM <\/a><\/strong><\/figcaption><\/figure>\n\n\n\n<p>La instalaci\u00f3n, Warehouse Artefacts, combinar\u00e1 una sesi\u00f3n de DJ del productor alem\u00e1n Rampa con arte visual de Julian Charri\u00e8re. Se ha descrito como \u00abuna sobrecarga sensorial dirigida de lleno a la intersecci\u00f3n entre la m\u00fasica y las bellas artes\u00bb.<\/p>\n\n\n\n<p><a href=\"https:\/\/www.optidigital.com\/?utm_medium=aio&amp;utm_source=es.euronews.com&amp;utm_campaign=content_2\" rel=\"noreferrer noopener\" target=\"_blank\"><\/a><\/p>\n\n\n\n<p><strong>&#8216;Mirage \u2013 Ballet For 16 Dancers&#8217; se publica el 5 de junio de 2026.<\/strong>Este texto fue traducido con la ayuda de inteligencia artificial y publicado originalmente en&nbsp;<a href=\"https:\/\/www.euronews.com\/culture\/2026\/04\/24\/daft-punks-thomas-bangalter-announces-new-album-mirage-ballet-for-16-dancers\">ingl\u00e9s.<\/a><\/p>\n\n\n\n<p>Fuente: <a href=\"https:\/\/es.euronews.com\/cultura\/2026\/04\/24\/thomas-bangalter-de-daft-punk-anuncia-el-nuevo-album-mirage-ballet-for-16-dancers\">https:\/\/es.euronews.com\/cultura\/2026\/04\/24\/thomas-bangalter-de-daft-punk-anuncia-el-nuevo-album-mirage-ballet-for-16-dancers<\/a><\/p>\n","protected":false},"excerpt":{"rendered":"<p>Por&nbsp;David Mouriquand \/ Euronews Pionero del electro franc\u00e9s, Thomas Bangalter contin\u00faa su giro musical y colabora con el core\u00f3grafo Damien [&hellip;]<\/p>\n","protected":false},"author":1,"featured_media":121033,"comment_status":"open","ping_status":"open","sticky":false,"template":"","format":"standard","meta":{"site-sidebar-layout":"default","site-content-layout":"","ast-site-content-layout":"default","site-content-style":"default","site-sidebar-style":"default","ast-global-header-display":"","ast-banner-title-visibility":"","ast-main-header-display":"","ast-hfb-above-header-display":"","ast-hfb-below-header-display":"","ast-hfb-mobile-header-display":"","site-post-title":"","ast-breadcrumbs-content":"","ast-featured-img":"","footer-sml-layout":"","theme-transparent-header-meta":"","adv-header-id-meta":"","stick-header-meta":"","header-above-stick-meta":"","header-main-stick-meta":"","header-below-stick-meta":"","astra-migrate-meta-layouts":"default","ast-page-background-enabled":"default","ast-page-background-meta":{"desktop":{"background-color":"var(--ast-global-color-4)","background-image":"","background-repeat":"repeat","background-position":"center center","background-size":"auto","background-attachment":"scroll","background-type":"","background-media":"","overlay-type":"","overlay-color":"","overlay-opacity":"","overlay-gradient":""},"tablet":{"background-color":"","background-image":"","background-repeat":"repeat","background-position":"center center","background-size":"auto","background-attachment":"scroll","background-type":"","background-media":"","overlay-type":"","overlay-color":"","overlay-opacity":"","overlay-gradient":""},"mobile":{"background-color":"","background-image":"","background-repeat":"repeat","background-position":"center center","background-size":"auto","background-attachment":"scroll","background-type":"","background-media":"","overlay-type":"","overlay-color":"","overlay-opacity":"","overlay-gradient":""}},"ast-content-background-meta":{"desktop":{"background-color":"var(--ast-global-color-5)","background-image":"","background-repeat":"repeat","background-position":"center center","background-size":"auto","background-attachment":"scroll","background-type":"","background-media":"","overlay-type":"","overlay-color":"","overlay-opacity":"","overlay-gradient":""},"tablet":{"background-color":"var(--ast-global-color-5)","background-image":"","background-repeat":"repeat","background-position":"center center","background-size":"auto","background-attachment":"scroll","background-type":"","background-media":"","overlay-type":"","overlay-color":"","overlay-opacity":"","overlay-gradient":""},"mobile":{"background-color":"var(--ast-global-color-5)","background-image":"","background-repeat":"repeat","background-position":"center center","background-size":"auto","background-attachment":"scroll","background-type":"","background-media":"","overlay-type":"","overlay-color":"","overlay-opacity":"","overlay-gradient":""}},"footnotes":""},"categories":[8],"tags":[48498,48496,48497,48495,48493,48494],"class_list":["post-121032","post","type-post","status-publish","format-standard","has-post-thumbnail","hentry","category-noticias","tag-mirage-ballet-for-16-dancers","tag-album-mythologies","tag-daft-punk","tag-damien-jalet","tag-kohei-nawa","tag-thomas-bangalter"],"_links":{"self":[{"href":"https:\/\/losperiodistas.com.mx\/portal\/wp-json\/wp\/v2\/posts\/121032","targetHints":{"allow":["GET"]}}],"collection":[{"href":"https:\/\/losperiodistas.com.mx\/portal\/wp-json\/wp\/v2\/posts"}],"about":[{"href":"https:\/\/losperiodistas.com.mx\/portal\/wp-json\/wp\/v2\/types\/post"}],"author":[{"embeddable":true,"href":"https:\/\/losperiodistas.com.mx\/portal\/wp-json\/wp\/v2\/users\/1"}],"replies":[{"embeddable":true,"href":"https:\/\/losperiodistas.com.mx\/portal\/wp-json\/wp\/v2\/comments?post=121032"}],"version-history":[{"count":2,"href":"https:\/\/losperiodistas.com.mx\/portal\/wp-json\/wp\/v2\/posts\/121032\/revisions"}],"predecessor-version":[{"id":121037,"href":"https:\/\/losperiodistas.com.mx\/portal\/wp-json\/wp\/v2\/posts\/121032\/revisions\/121037"}],"wp:featuredmedia":[{"embeddable":true,"href":"https:\/\/losperiodistas.com.mx\/portal\/wp-json\/wp\/v2\/media\/121033"}],"wp:attachment":[{"href":"https:\/\/losperiodistas.com.mx\/portal\/wp-json\/wp\/v2\/media?parent=121032"}],"wp:term":[{"taxonomy":"category","embeddable":true,"href":"https:\/\/losperiodistas.com.mx\/portal\/wp-json\/wp\/v2\/categories?post=121032"},{"taxonomy":"post_tag","embeddable":true,"href":"https:\/\/losperiodistas.com.mx\/portal\/wp-json\/wp\/v2\/tags?post=121032"}],"curies":[{"name":"wp","href":"https:\/\/api.w.org\/{rel}","templated":true}]}}