{"id":12103,"date":"2021-08-25T07:10:19","date_gmt":"2021-08-25T12:10:19","guid":{"rendered":"http:\/\/losperiodistas.com.mx\/portal\/?p=12103"},"modified":"2021-08-25T07:10:20","modified_gmt":"2021-08-25T12:10:20","slug":"emilio-lozoya-en-busca-de-un-acuerdo-reparatorio-para-no-pisar-la-carcel-infobae","status":"publish","type":"post","link":"https:\/\/losperiodistas.com.mx\/portal\/emilio-lozoya-en-busca-de-un-acuerdo-reparatorio-para-no-pisar-la-carcel-infobae\/","title":{"rendered":"Emilio Lozoya en busca de un acuerdo reparatorio para no pisar la c\u00e1rcel | Infobae"},"content":{"rendered":"\n<p style=\"font-size:18px\"><em>El ex director General de Pemex fue llamado a una audiencia en busca de una pr\u00f3rroga para continuar con las negociaciones del criterio de oportunidad<\/em><\/p>\n\n\n\n<p><\/p>\n\n\n\n<figure class=\"wp-block-image size-large\"><img fetchpriority=\"high\" decoding=\"async\" width=\"1024\" height=\"687\" src=\"https:\/\/losperiodistas.com.mx\/portal\/wp-content\/uploads\/2021\/08\/Captura-de-Pantalla-2021-08-25-a-las-7.07.28-1024x687.jpg\" alt=\"\" class=\"wp-image-12104\" srcset=\"https:\/\/losperiodistas.com.mx\/portal\/wp-content\/uploads\/2021\/08\/Captura-de-Pantalla-2021-08-25-a-las-7.07.28-1024x687.jpg 1024w, https:\/\/losperiodistas.com.mx\/portal\/wp-content\/uploads\/2021\/08\/Captura-de-Pantalla-2021-08-25-a-las-7.07.28-300x201.jpg 300w, https:\/\/losperiodistas.com.mx\/portal\/wp-content\/uploads\/2021\/08\/Captura-de-Pantalla-2021-08-25-a-las-7.07.28-768x515.jpg 768w, https:\/\/losperiodistas.com.mx\/portal\/wp-content\/uploads\/2021\/08\/Captura-de-Pantalla-2021-08-25-a-las-7.07.28.jpg 1512w\" sizes=\"(max-width: 1024px) 100vw, 1024px\" \/><figcaption>El ex director General de Pemex fue llamado a una audiencia en busca de una pr\u00f3rroga para continuar con las negociaciones del criterio de oportunidad (Foto: EFE\/Jos\u00e9 M\u00e9ndez\/Archivo)<\/figcaption><\/figure>\n\n\n\n<p class=\"has-vivid-cyan-blue-color has-text-color has-medium-font-size\">INFOBAE<\/p>\n\n\n\n<p>El caso de&nbsp;<strong>Emilio Lozoya Austin<\/strong>&nbsp;avanza en los juzgados, pues el ex director General de Petr\u00f3leos Mexicanos (Pemex) fue llamado a una audiencia en busca de conseguir un acuerdo reparatorio.<\/p>\n\n\n\n<p>El juez de control del C<strong>entro de Justicia Penal Federal del Reclusorio Norte&nbsp;<\/strong>convoc\u00f3 a una audiencia para determinar si se otorga una pr\u00f3rroga de 30 d\u00edas al ex funcionario p\u00fablico, de acuerdo con el diario&nbsp;<em>Milenio<\/em>.<\/p>\n\n\n\n<p>Lo anterior, con el fin de suspender el procedimiento en su contra por el caso&nbsp;<strong>Agronitrogenados<\/strong>&nbsp;a trav\u00e9s de un acuerdo reparatorio para no pisar la c\u00e1rcel, inform\u00f3 el periodista Rub\u00e9n Mosso.<\/p>\n\n\n\n<p>Adem\u00e1s, el medio de circulaci\u00f3n nacional inform\u00f3 que el cierre de la investigaci\u00f3n finaliz\u00f3 el 19 de junio de 2021, luego de que la pr\u00f3rroga fuera de tres meses, por lo que<strong>&nbsp;se inici\u00f3 un plazo de hasta 30 d\u00edas para llegar a un acuerdo entre las dos partes que hasta el momento no se ha mencionado.<\/strong><img decoding=\"async\" alt=\"El exdirector de Petr\u00f3leos Mexicanos (Pemex) Emilio Lozoya fue citado ante un juez (Foto: EFE\/Jos\u00e9 M\u00e9ndez\/Archivo)\n\" height=\"1488\" width=\"2240\" src=\"https:\/\/www.infobae.com\/new-resizer\/Tm8u0rqbHQijbBRt3FLT0nP-ais=\/420x280\/filters:format(jpg):quality(85)\/cloudfront-us-east-1.images.arcpublishing.com\/infobae\/LSK64FRE5VFPTJQJGTZVZAB7KU.jpg%20420w\" srcset=\"https:\/\/www.infobae.com\/new-resizer\/Tm8u0rqbHQijbBRt3FLT0nP-ais=\/420x280\/filters:format(jpg):quality(85)\/cloudfront-us-east-1.images.arcpublishing.com\/infobae\/LSK64FRE5VFPTJQJGTZVZAB7KU.jpg 420w,https:\/\/www.infobae.com\/new-resizer\/lJxaQXoyN1ISCPiSwW_0maYiSp4=\/768x512\/filters:format(jpg):quality(85)\/cloudfront-us-east-1.images.arcpublishing.com\/infobae\/LSK64FRE5VFPTJQJGTZVZAB7KU.jpg 768w,https:\/\/www.infobae.com\/new-resizer\/sfsKqWEA04Zdsrict0p1idlJ3Ok=\/992x661\/filters:format(jpg):quality(85)\/cloudfront-us-east-1.images.arcpublishing.com\/infobae\/LSK64FRE5VFPTJQJGTZVZAB7KU.jpg 992w,https:\/\/www.infobae.com\/new-resizer\/hrxS3AgH4xY_crNOx5aB49oDs4s=\/1200x800\/filters:format(jpg):quality(85)\/cloudfront-us-east-1.images.arcpublishing.com\/infobae\/LSK64FRE5VFPTJQJGTZVZAB7KU.jpg 1200w,https:\/\/www.infobae.com\/new-resizer\/0OZBpl-wkJ28PHEVmFOb7APgdu0=\/1440x960\/filters:format(jpg):quality(85)\/cloudfront-us-east-1.images.arcpublishing.com\/infobae\/LSK64FRE5VFPTJQJGTZVZAB7KU.jpg 1440w\">El exdirector de Petr\u00f3leos Mexicanos (Pemex) Emilio Lozoya fue citado ante un juez (Foto: EFE\/Jos\u00e9 M\u00e9ndez\/Archivo)<\/p>\n\n\n\n<p>Actualmente enfrenta un proceso por su presunta participaci\u00f3n en el delito de operaciones con recursos de procedencia il\u00edcita, vinculado a proceso desde hace m\u00e1s de un a\u00f1o.<\/p>\n\n\n\n<p>Y por el caso Odebretch, tambi\u00e9n se busca una<strong>&nbsp;pr\u00f3rroga de hasta 90 d\u00edas para reunir la informaci\u00f3n necesaria de la investigaci\u00f3n complementaria&nbsp;<\/strong>por parte de la defensa, en donde buscan tambi\u00e9n un criterio de oportunidad.<\/p>\n\n\n\n<p>En este caso&nbsp;<strong>se le vincul\u00f3 a proceso por su probable participaci\u00f3n en delitos de operaciones con recursos de procedencia il\u00edcita, as\u00ed como asociaci\u00f3n delictuosa y cohecho.<\/strong><\/p>\n\n\n\n<p>Dichos cuerdos podr\u00edan beneficiarle no s\u00f3lo al ex funcionario del sexenio de Enrique Pe\u00f1a Nieto, tambi\u00e9n a su esposa&nbsp;<strong>Marielle Helene Eckes&nbsp;<\/strong>y a su hermana y mam\u00e1<strong>&nbsp;Gilda Susana y Gilda Margarita Austin<\/strong>.<\/p>\n\n\n\n<p>En la actualidad,<strong>&nbsp;Lozoya Austin se encuentra siguiendo su proceso en libertad mediante el uso de un brazalete<\/strong>, pues se le prohibi\u00f3 abandonar la Ciudad de M\u00e9xico y, por ende, el pa\u00eds.<img decoding=\"async\" alt=\"Emilio Lozoya en busca de un acuerdo reparatorio para no pisar la c\u00e1rcel (Foto arte: Jovani P\u00e9rez Silva\/ Infobae M\u00e9xico)\" height=\"1080\" width=\"1920\" src=\"https:\/\/www.infobae.com\/new-resizer\/BoI3mWP5XkqZv9wmeYT5VCH70h4=\/420x236\/filters:format(jpg):quality(85)\/cloudfront-us-east-1.images.arcpublishing.com\/infobae\/OVVXSBTS2NEXXDTJFX3Y37S4F4.jpg%20420w\" srcset=\"https:\/\/www.infobae.com\/new-resizer\/BoI3mWP5XkqZv9wmeYT5VCH70h4=\/420x236\/filters:format(jpg):quality(85)\/cloudfront-us-east-1.images.arcpublishing.com\/infobae\/OVVXSBTS2NEXXDTJFX3Y37S4F4.jpg 420w,https:\/\/www.infobae.com\/new-resizer\/dFVXUS9Ng5BNLsNQA-w9dBS-QZg=\/768x432\/filters:format(jpg):quality(85)\/cloudfront-us-east-1.images.arcpublishing.com\/infobae\/OVVXSBTS2NEXXDTJFX3Y37S4F4.jpg 768w,https:\/\/www.infobae.com\/new-resizer\/VVLgZgDvluOow4I06nNk_jq9pzM=\/992x558\/filters:format(jpg):quality(85)\/cloudfront-us-east-1.images.arcpublishing.com\/infobae\/OVVXSBTS2NEXXDTJFX3Y37S4F4.jpg 992w,https:\/\/www.infobae.com\/new-resizer\/Xc33hiZmELmk3FrvlCtnaT1A3ac=\/1200x675\/filters:format(jpg):quality(85)\/cloudfront-us-east-1.images.arcpublishing.com\/infobae\/OVVXSBTS2NEXXDTJFX3Y37S4F4.jpg 1200w,https:\/\/www.infobae.com\/new-resizer\/oXU47h8cLa7ew84GsCq7dPpChkc=\/1440x810\/filters:format(jpg):quality(85)\/cloudfront-us-east-1.images.arcpublishing.com\/infobae\/OVVXSBTS2NEXXDTJFX3Y37S4F4.jpg 1440w\">Emilio Lozoya en busca de un acuerdo reparatorio para no pisar la c\u00e1rcel (Foto arte: Jovani P\u00e9rez Silva\/ Infobae M\u00e9xico)<\/p>\n\n\n\n<h2 class=\"wp-block-heading\">Se acumulan denuncias en contra de Emilio Lozoya<\/h2>\n\n\n\n<p>El pasado 3 de agosto se dio a conocer que la<strong>&nbsp;Unidad de Inteligencia Financiera&nbsp;<\/strong>(<strong>UIF<\/strong>) present\u00f3 una nueva<strong>&nbsp;denuncia<\/strong>&nbsp;contra el ex funcionario del sexenio de<strong>&nbsp;Enrique Pe\u00f1a Nieto.<\/strong><\/p>\n\n\n\n<p>De acuerdo con informaci\u00f3n de<em>&nbsp;El Universal,&nbsp;<\/em><a href=\"https:\/\/www.infobae.com\/america\/mexico\/2021\/08\/04\/uif-presento-septima-denuncia-contra-emilio-lozoya-exdirector-de-pemex-por-caso-odebrecht\/\" target=\"_blank\" rel=\"noreferrer noopener\"><strong>es la s\u00e9ptima denuncia presentada por la dependencia contra Lozoya Austin<\/strong><\/a><strong>&nbsp;en la que se le se\u00f1ala de haber desviado mil 400 millones de pesos&nbsp;<\/strong>de Pemex a Odebrecht y posteriormente a empresas fachada ubicadas en diversos estados de la Rep\u00fablica Mexicana.<\/p>\n\n\n\n<h2 class=\"wp-block-heading\">Carlos Trevi\u00f1o tambi\u00e9n fue citado<\/h2>\n\n\n\n<p>Carlos Trevi\u00f1o, tambi\u00e9n ex director general de Petr\u00f3leos Mexicanos, fue llamado a comparecer ante un juez federal por la supuesta entrega de sobornos alrededor de la Reforma Energ\u00e9tica.<\/p>\n\n\n\n<p>De acuerdo con el portal&nbsp;<em>Milenio<\/em>, la audiencia est\u00e1 convocada a las&nbsp;<strong>14:30 horas<\/strong>&nbsp;<strong>en el<\/strong>&nbsp;<strong>Centro de Justicia Penal Federal del penal federal Altiplano<\/strong>, ubicado en Almoloya, Estado de M\u00e9xico.<img loading=\"lazy\" decoding=\"async\" alt=\"Carlos Trevi\u00f1o fue citado a declarar(Foto: Cuartoscuro)\" height=\"1080\" width=\"1920\" src=\"https:\/\/www.infobae.com\/new-resizer\/YL6nJ4usxf0rWbY_5kcSbOQACjg=\/420x236\/filters:format(jpg):quality(85)\/cloudfront-us-east-1.images.arcpublishing.com\/infobae\/XIDE6O4DWRDXJNPXMY4XGVZNII.jpg%20420w\" srcset=\"https:\/\/www.infobae.com\/new-resizer\/YL6nJ4usxf0rWbY_5kcSbOQACjg=\/420x236\/filters:format(jpg):quality(85)\/cloudfront-us-east-1.images.arcpublishing.com\/infobae\/XIDE6O4DWRDXJNPXMY4XGVZNII.jpg 420w,https:\/\/www.infobae.com\/new-resizer\/mAu8TEZwc9iGt_cVmYb9FT2N2PA=\/768x432\/filters:format(jpg):quality(85)\/cloudfront-us-east-1.images.arcpublishing.com\/infobae\/XIDE6O4DWRDXJNPXMY4XGVZNII.jpg 768w,https:\/\/www.infobae.com\/new-resizer\/maJxgdNgKzuWTDyC3HnQw7NSTdk=\/992x558\/filters:format(jpg):quality(85)\/cloudfront-us-east-1.images.arcpublishing.com\/infobae\/XIDE6O4DWRDXJNPXMY4XGVZNII.jpg 992w,https:\/\/www.infobae.com\/new-resizer\/aaCqq93UEQbUgwyOk-M08wjDowA=\/1200x675\/filters:format(jpg):quality(85)\/cloudfront-us-east-1.images.arcpublishing.com\/infobae\/XIDE6O4DWRDXJNPXMY4XGVZNII.jpg 1200w,https:\/\/www.infobae.com\/new-resizer\/tuhk1oyV1Oi509rgM_nx_MJ2Hn8=\/1440x810\/filters:format(jpg):quality(85)\/cloudfront-us-east-1.images.arcpublishing.com\/infobae\/XIDE6O4DWRDXJNPXMY4XGVZNII.jpg 1440w\">Carlos Trevi\u00f1o fue citado a declarar(Foto: Cuartoscuro)<\/p>\n\n\n\n<p>De presentarse a la audiencia, un juez federal dar\u00e1 a conocer a Trevi\u00f1o la imputaci\u00f3n que le hace la FGR en los delitos de operaciones con recursos de procedencia il\u00edcita y asociaci\u00f3n delictuosa, por lo cual<strong>&nbsp;podr\u00eda ser sujeto de detenci\u00f3n o bien de prisi\u00f3n domiciliaria<\/strong>, seg\u00fan solicite la FGR.<\/p>\n\n\n\n<p>Pero en caso de\u00a0<strong>ausencia<\/strong>, la Fiscal\u00eda podr\u00eda solicitar al juez que gire una\u00a0<strong>orden de aprehensi\u00f3n\u00a0<\/strong>en su contra.<\/p>\n\n\n\n<p>Fuente: https:\/\/www.infobae.com\/america\/mexico\/2021\/08\/25\/emilio-lozoya-en-busca-de-un-acuerdo-reparatorio-para-no-pisar-la-carcel\/<\/p>\n","protected":false},"excerpt":{"rendered":"<p>El ex director General de Pemex fue llamado a una audiencia en busca de una pr\u00f3rroga para continuar con las [&hellip;]<\/p>\n","protected":false},"author":1,"featured_media":12104,"comment_status":"open","ping_status":"open","sticky":false,"template":"","format":"standard","meta":{"site-sidebar-layout":"default","site-content-layout":"","ast-site-content-layout":"default","site-content-style":"default","site-sidebar-style":"default","ast-global-header-display":"","ast-banner-title-visibility":"","ast-main-header-display":"","ast-hfb-above-header-display":"","ast-hfb-below-header-display":"","ast-hfb-mobile-header-display":"","site-post-title":"","ast-breadcrumbs-content":"","ast-featured-img":"","footer-sml-layout":"","theme-transparent-header-meta":"","adv-header-id-meta":"","stick-header-meta":"","header-above-stick-meta":"","header-main-stick-meta":"","header-below-stick-meta":"","astra-migrate-meta-layouts":"default","ast-page-background-enabled":"default","ast-page-background-meta":{"desktop":{"background-color":"var(--ast-global-color-4)","background-image":"","background-repeat":"repeat","background-position":"center center","background-size":"auto","background-attachment":"scroll","background-type":"","background-media":"","overlay-type":"","overlay-color":"","overlay-opacity":"","overlay-gradient":""},"tablet":{"background-color":"","background-image":"","background-repeat":"repeat","background-position":"center center","background-size":"auto","background-attachment":"scroll","background-type":"","background-media":"","overlay-type":"","overlay-color":"","overlay-opacity":"","overlay-gradient":""},"mobile":{"background-color":"","background-image":"","background-repeat":"repeat","background-position":"center center","background-size":"auto","background-attachment":"scroll","background-type":"","background-media":"","overlay-type":"","overlay-color":"","overlay-opacity":"","overlay-gradient":""}},"ast-content-background-meta":{"desktop":{"background-color":"var(--ast-global-color-5)","background-image":"","background-repeat":"repeat","background-position":"center center","background-size":"auto","background-attachment":"scroll","background-type":"","background-media":"","overlay-type":"","overlay-color":"","overlay-opacity":"","overlay-gradient":""},"tablet":{"background-color":"var(--ast-global-color-5)","background-image":"","background-repeat":"repeat","background-position":"center center","background-size":"auto","background-attachment":"scroll","background-type":"","background-media":"","overlay-type":"","overlay-color":"","overlay-opacity":"","overlay-gradient":""},"mobile":{"background-color":"var(--ast-global-color-5)","background-image":"","background-repeat":"repeat","background-position":"center center","background-size":"auto","background-attachment":"scroll","background-type":"","background-media":"","overlay-type":"","overlay-color":"","overlay-opacity":"","overlay-gradient":""}},"footnotes":""},"categories":[8],"tags":[3548,3547],"class_list":["post-12103","post","type-post","status-publish","format-standard","has-post-thumbnail","hentry","category-noticias","tag-agronitrogenados","tag-emilio-lozoya"],"_links":{"self":[{"href":"https:\/\/losperiodistas.com.mx\/portal\/wp-json\/wp\/v2\/posts\/12103","targetHints":{"allow":["GET"]}}],"collection":[{"href":"https:\/\/losperiodistas.com.mx\/portal\/wp-json\/wp\/v2\/posts"}],"about":[{"href":"https:\/\/losperiodistas.com.mx\/portal\/wp-json\/wp\/v2\/types\/post"}],"author":[{"embeddable":true,"href":"https:\/\/losperiodistas.com.mx\/portal\/wp-json\/wp\/v2\/users\/1"}],"replies":[{"embeddable":true,"href":"https:\/\/losperiodistas.com.mx\/portal\/wp-json\/wp\/v2\/comments?post=12103"}],"version-history":[{"count":1,"href":"https:\/\/losperiodistas.com.mx\/portal\/wp-json\/wp\/v2\/posts\/12103\/revisions"}],"predecessor-version":[{"id":12105,"href":"https:\/\/losperiodistas.com.mx\/portal\/wp-json\/wp\/v2\/posts\/12103\/revisions\/12105"}],"wp:featuredmedia":[{"embeddable":true,"href":"https:\/\/losperiodistas.com.mx\/portal\/wp-json\/wp\/v2\/media\/12104"}],"wp:attachment":[{"href":"https:\/\/losperiodistas.com.mx\/portal\/wp-json\/wp\/v2\/media?parent=12103"}],"wp:term":[{"taxonomy":"category","embeddable":true,"href":"https:\/\/losperiodistas.com.mx\/portal\/wp-json\/wp\/v2\/categories?post=12103"},{"taxonomy":"post_tag","embeddable":true,"href":"https:\/\/losperiodistas.com.mx\/portal\/wp-json\/wp\/v2\/tags?post=12103"}],"curies":[{"name":"wp","href":"https:\/\/api.w.org\/{rel}","templated":true}]}}