{"id":121023,"date":"2026-04-24T08:40:34","date_gmt":"2026-04-24T14:40:34","guid":{"rendered":"https:\/\/losperiodistas.com.mx\/portal\/?p=121023"},"modified":"2026-04-24T08:40:36","modified_gmt":"2026-04-24T14:40:36","slug":"han-kang-premio-nobel-de-literatura-no-leer-nos-vuelve-inflexibles-y-limita-nuestros-sentimientos-el-mundo","status":"publish","type":"post","link":"https:\/\/losperiodistas.com.mx\/portal\/han-kang-premio-nobel-de-literatura-no-leer-nos-vuelve-inflexibles-y-limita-nuestros-sentimientos-el-mundo\/","title":{"rendered":"Han Kang, Premio Nobel de Literatura: \u00abNo leer nos vuelve inflexibles y limita nuestros sentimientos\u00bb | El Mundo"},"content":{"rendered":"\n<p class=\"has-pale-cyan-blue-background-color has-background has-medium-font-size\">La escritora surcoreana, que acaba de publicar en Espa\u00f1a &#8216;Tinta y sangre&#8217;, visita Barcelona para participar en las celebraciones de Sant Jordi. \u00abMe hace mucha ilusi\u00f3n este d\u00eda, saber que hay una ciudad llena de gente que ama los libros\u00bb<\/p>\n\n\n\n<figure class=\"wp-block-image size-large\"><img fetchpriority=\"high\" decoding=\"async\" width=\"1024\" height=\"682\" src=\"https:\/\/losperiodistas.com.mx\/portal\/wp-content\/uploads\/2026\/04\/17768596851871-1024x682.jpeg\" alt=\"\" class=\"wp-image-121024\" srcset=\"https:\/\/losperiodistas.com.mx\/portal\/wp-content\/uploads\/2026\/04\/17768596851871-1024x682.jpeg 1024w, https:\/\/losperiodistas.com.mx\/portal\/wp-content\/uploads\/2026\/04\/17768596851871-300x200.jpeg 300w, https:\/\/losperiodistas.com.mx\/portal\/wp-content\/uploads\/2026\/04\/17768596851871-768x512.jpeg 768w, https:\/\/losperiodistas.com.mx\/portal\/wp-content\/uploads\/2026\/04\/17768596851871.jpeg 1220w\" sizes=\"(max-width: 1024px) 100vw, 1024px\" \/><figcaption class=\"wp-element-caption\"><strong>La escritora surcoreana, Premio Nobel de Literatura, Han Kang ayer en Barcelona. Lorena Sopena<\/strong><\/figcaption><\/figure>\n\n\n\n<p><strong><a href=\"https:\/\/www.elmundo.es\/autor\/andres-seoane.html\">Andr\u00e9s Seoane<\/a> \/ El Mundo<\/strong><\/p>\n\n\n\n<p><\/p>\n\n\n\n<p>Hay escritores que construyen una obra y otros que, casi sin propon\u00e9rselo, levantan un territorio moral propio. La escritora surcoreana&nbsp;<a href=\"https:\/\/www.elmundo.es\/cultura\/literatura\/2025\/11\/19\/691c9adde9cf4afd5f8b45a5.html\" target=\"_blank\" rel=\"noreferrer noopener\"><strong>Han Kang<\/strong><\/a>&nbsp;(Gwangju, 1970) pertenece a esta segunda estirpe, la de quienes&nbsp;<strong>escriben no tanto para contar el mundo como para someterlo<\/strong>&nbsp;a una forma de interrogaci\u00f3n constante. Su llegada a Barcelona, en la antesala de Sant Jordi, -ayer ofreci\u00f3 una charla en el Centre de Cultura Contempor\u00e0nia (CCCB) en la que se arranc\u00f3 incluso a saludar en catal\u00e1n: \u00abbona tarda a tothom\u00bb- tiene algo de acontecimiento silencioso, acorde con&nbsp;<strong>una autora cuya obra ha convertido la fragilidad, el dolor y la memoria en materiales de indagaci\u00f3n<\/strong>&nbsp;literaria de primer orden.<\/p>\n\n\n\n<p>\u00abMe han hablado sobre&nbsp;<strong>el d\u00eda de Sant Jordi<\/strong>, lo conozco desde hace tiempo, y tengo muchas ganas de verlo con mis propios ojos\u00bb, ha comenzado diciendo la escritora, que participar\u00e1 ma\u00f1ana en firmas y varios encuentros con lectores. \u00abLos que amamos la literatura tenemos inevitablemente una parte silenciosa, creo yo, pero&nbsp;<strong>me emociona mucho saber que hay una ciudad llena de gente que ama los libros<\/strong>\u00ab, ha a\u00f1adido.<\/p>\n\n\n\n<p>De hecho, la escritora trabaj\u00f3 durante a\u00f1os como librera y ha defendido sin ambages la limportancia de los libros y la lectura. \u00abTanto amor ten\u00eda por la literatura que abr\u00ed una librer\u00eda, eso lo dice todo, \u00bfno?\u00bb, ha asegurado. \u00ab<strong>Siempre me fascin\u00f3 el concepto de escritor<\/strong>, c\u00f3mo alguien se lanza a responder preguntas, a cuestionarse qu\u00e9 es ser humano y escribir con eso obras preciosas\u00bb, recuerda la autora, que confiesa que ya de peque\u00f1a supo \u00abque&nbsp;<strong>quer\u00eda ser como ellos, parte de esa comunidad<\/strong>\u00ab.<\/p>\n\n\n\n<p>En este sentido, Han ha afirmado que el veloz mundo actual puede ser un enemigo. \u00abEn nuestro d\u00eda a d\u00eda, muchas veces estamos muy ocupados y no tenemos tiempo para leer, \u00bfverdad?\u00bb, ha preguntado. \u00abPero&nbsp;<strong>cuando dejamos de leer, nos volvemos m\u00e1s inflexibles, menos humanos<\/strong>. No leer limita nuestros sentimientos, hace la vida m\u00e1s gris. Cuando estoy un tiempo sin leer, intento esforzarme y hacerlo para poder recuperar todos esos sentimientos que quiz\u00e1s haya perdido por no haber le\u00eddo durante un tiempo\u00bb, ha explicado.<\/p>\n\n\n\n<p class=\"has-ast-global-color-4-background-color has-background\">Para saber m\u00e1s<\/p>\n\n\n\n<figure class=\"wp-block-image\"><img decoding=\"async\" src=\"https:\/\/e01-elmundo.uecdn.es\/assets\/multimedia\/imagenes\/2025\/10\/20\/17609749115090.jpg\" alt=\"\"\/><\/figure>\n\n\n\n<p>Entrevista.&nbsp;<a href=\"https:\/\/www.elmundo.es\/la-lectura\/2025\/10\/21\/68f658ace85ece0e1f8b4597.html\">Jon Fosse: \u00abLa literatura es el \u00faltimo recipiente de nuestra humanidad\u00bb<\/a><\/p>\n\n\n\n<ul class=\"wp-block-list\">\n<li>Redacci\u00f3n:ANDR\u00c9S SEOANE<\/li>\n<\/ul>\n\n\n\n<p><\/p>\n\n\n\n<figure class=\"wp-block-image\"><img decoding=\"async\" src=\"https:\/\/e01-elmundo.uecdn.es\/assets\/multimedia\/imagenes\/2024\/09\/26\/17273059741616.jpg\" alt=\"El escritor h\u00fangaro L\u00e1szl\u00f3 Krasznahorkai.\"\/><\/figure>\n\n\n\n<p>Literatura.&nbsp;<a href=\"https:\/\/www.elmundo.es\/cultura\/literatura\/2024\/09\/26\/66f498e0e85eceba338b4587.html\">L\u00e1szl\u00f3 Krasznahorkai: \u00abVivimos un cambio de \u00e9poca similar al fin de Roma, y es posible que triunfe la barbarie\u00bb<\/a><\/p>\n\n\n\n<ul class=\"wp-block-list\">\n<li>Redacci\u00f3n:ANDR\u00c9S SEOANE\u00a0Marrakech<\/li>\n<\/ul>\n\n\n\n<p><\/p>\n\n\n\n<h2 class=\"wp-block-heading\" id=\"cardTitle_signUp\"><\/h2>\n\n\n\n<p><\/p>\n\n\n\n<p>La concesi\u00f3n del&nbsp;<a href=\"https:\/\/www.elmundo.es\/cultura\/literatura\/2024\/10\/10\/67080f7ee85ece9c208b45a6.html\" target=\"_blank\" rel=\"noreferrer noopener\"><strong>Premio Nobel en 2024<\/strong><\/a>&nbsp;no ha alterado sustancialmente la naturaleza de su literatura, la escritura como forma de resistencia \u00edntima dedicada a responder preguntas dif\u00edciles, pero s\u00ed ha desplazado su centro de gravedad, lo que durante a\u00f1os fue un secreto a voces,&nbsp;<strong>una de las prosas m\u00e1s radicales y precisas de la narrativa contempor\u00e1nea<\/strong>, ha pasado a ocupar un primer plano inevitable.<\/p>\n\n\n\n<p>Sin embargo, en Han no hay \u00e9pica del reconocimiento. Su escritura sigue instalada en<strong>&nbsp;ese lugar inc\u00f3modo donde el lenguaje parece avanzar a tientas<\/strong>, como si cada frase midiera el alcance de lo que puede, y no puede, decirse. \u00abA pesar de haber recibido ese galard\u00f3n, tan importante y tan valioso, nada dentro de m\u00ed ha cambiado y&nbsp;<strong>vivo diariamente con los mismos pensamientos y sensaciones<\/strong>&nbsp;internas que antes de recibirlo\u00bb, ha apuntado con sencillez.<\/p>\n\n\n\n<p>\u00abSi hay algo diferente\u00bb, ha concedido, \u00abes que&nbsp;<strong>cuando voy por la calle la gente de repente me habla o me quiere abrazar<\/strong>. Entonces me sorprendo y me quedo un poco confusa, pero s\u00e9 que lo hacen con buenas intenciones\u00bb, ha asegurado con cierta verg\u00fcenza. \u00abPero como para m\u00ed, al final y al cabo, son desconocidos&#8230; eso es nuevo, por lo dem\u00e1s sigo igual, sigo escribiendo y sigo viviendo\u00bb.<\/p>\n\n\n\n<blockquote class=\"wp-block-quote is-layout-flow wp-block-quote-is-layout-flow\">\n<p class=\"has-ast-global-color-4-background-color has-background has-medium-font-size\"><strong>\u00abTras el Nobel, nada de m\u00ed ha cambiado, vivo diariamente con los mismos pensamientos y las mismas sensaciones y sigo escribiendo\u00bb<\/strong><\/p>\n<\/blockquote>\n\n\n\n<p>Lo que s\u00ed parece haber cambiado m\u00e1s es el mundo. Preguntada por el complejo contexto internacional, cada vez m\u00e1s represivo y violento, la escritora ha asegurado rotunda: \u00ab<strong>Estamos viviendo \u00e9pocas m\u00e1s oscuras, es una verdad dif\u00edcil de rechazar que todo el mundo sabe<\/strong>. La historia siempre se repite, \u00bfno?, y las situaciones actuales, tambi\u00e9n se vivieron en el pasado, pero<strong>&nbsp;es verdad que estamos llegando a un pico de oscuridad<\/strong>\u00ab, ha valorado sombr\u00eda.<\/p>\n\n\n\n<p>\u00abA\u00fan as\u00ed, una de las cosas que m\u00e1s me sorprende es que&nbsp;<strong>siempre al otro lado hay personas que intentan sobrevivir&nbsp;<\/strong>y se cuidan y se curan las heridas\u00bb, ha recordado antes de hablar de un tema constante tambi\u00e9n entre la oscuridad de muchos de sus libros, la esperanza. \u00ab<strong>La esperanza no es algo tan fr\u00e1gil ni imposible como nos hacen creer<\/strong>. Tenemos que esforzarnos en ella, aferrarnos a ella\u00bb, ha defendido.<\/p>\n\n\n\n<p>Una tarea en la que, ha asegurado, nos puede ayudar el arte. \u00abA trav\u00e9s del arte y la literatura las personas nos volvemos m\u00e1s sensibles, y&nbsp;<strong>esto nos permite ponernos en el lugar de la vida en vez de en el lugar de la muerte<\/strong>. Nos hacen m\u00e1s tolerantes y emp\u00e1ticos para que podamos sentir a piel m\u00e1s viva los sufrimientos que tienen los dem\u00e1s\u00bb, ha reflexionado. \u00ab<strong>En este mundo de desgracias repetitivas y dram\u00e1ticas tenemos que intentar sufrir tambi\u00e9n por los dem\u00e1s<\/strong>. Aunque nosotros no seamos participantes directamente de ese dolor, creo que la literatura y el arte siempre est\u00e1n del lado de la vida y est\u00e1n haciendo su trabajo de poner a las personas que los disfrutan en el lugar de la vida\u00bb.<\/p>\n\n\n\n<blockquote class=\"wp-block-quote is-layout-flow wp-block-quote-is-layout-flow\">\n<p class=\"has-ast-global-color-4-background-color has-background has-medium-font-size\"><strong>\u00abEstamos viviendo \u00e9pocas oscuras, es una verdad dif\u00edcil de rechazar. El arte y la literatura sirven para darnos esperanza\u00bb<\/strong><\/p>\n<\/blockquote>\n\n\n\n<p>Pausada y sonriente, la escritora ha charlado tambi\u00e9n sobre su \u00faltimo libro publicado en Espa\u00f1a,&nbsp;<a href=\"https:\/\/www.elmundo.es\/la-lectura\/2026\/03\/02\/69a1997ae9cf4aa46f8b458f.html\" target=\"_blank\" rel=\"noreferrer noopener\"><em>Tinta y sangre<\/em><\/a>&nbsp;(Random House, como toda su obra), novela escrita entre sus dos grandes obras y publicada originalmente en 2010, en la que la autora surcoreana&nbsp;<strong>explora c\u00f3mo podemos sobrevivir en un cosmos regido por el dolor<\/strong>, recurriendo al arte, la memoria, los afectos y la b\u00fasqueda de la verdad. \u00abResumiendo, dir\u00eda que hablar\u00eda sobre una mujer que dedica toda su vida a descubrir y poder probar que la muerte de su amiga, que era casi como una hermana de sangre para ella, no fue un suicidio\u00bb, ha condensado Han.<\/p>\n\n\n\n<p>\u00abPor eso tiene un toque de misterio, detectivesco, como un&nbsp;<em>thriller<\/em>, aunque no sigue las pautas tradicionales. Al fin y al cabo,&nbsp;<strong>esta novela trata principalmente del amor<\/strong>\u00ab, ha confesado. \u00abA pesar de estar llena de los sufrimientos y aflicciones que todos podemos tener a lo largo de nuestra vida, la idea era demostrar que a\u00fan as\u00ed merece la pena vivir. Quer\u00eda transmitir ese mensaje, por eso creo que es una novela llena de amor\u00bb, afirma. Y ante las risas del p\u00fablico, dice: \u00ab<strong>se est\u00e1n riendo, \u00bfes porque no est\u00e1n de acuerdo?<\/strong>\u00ab, bromea.<\/p>\n\n\n\n<p>M\u00e1s all\u00e1 de este nuevo-viejo t\u00edtulo, desde la irrupci\u00f3n internacional que supuso&nbsp;<em>La vegetariana<\/em>, con la que obtuvo el Booker International, hasta t\u00edtulos posteriores como&nbsp;<a href=\"https:\/\/www.elmundo.es\/la-lectura\/2024\/01\/10\/659eb64dfdddffad068b456f.html\" target=\"_blank\" rel=\"noreferrer noopener\"><em>La clase de griego<\/em><\/a><em>&nbsp;o<\/em><a href=\"https:\/\/www.elmundo.es\/la-lectura\/2025\/02\/19\/67ab9a14e9cf4a3f498b45aa.html\" target=\"_blank\" rel=\"noreferrer noopener\"><em>Imposible decir adi\u00f3s<\/em><\/a>, la escritura de Han ha ido perfilando una po\u00e9tica reconocible, atenta al cuerpo como territorio de conflicto, al lenguaje como l\u00edmite y a&nbsp;<strong>la violencia como una presencia que rara vez se manifiesta de forma directa<\/strong>, pero que condiciona la vida cotidiana de manera persistente.<\/p>\n\n\n\n<p>Pero reducirla a esos temas ser\u00eda empobrecerla, pues lo verdaderamente distintivo en su obra es la forma en que esa materia se traduce en una prosa que reh\u00faye el \u00e9nfasis, que avanza con una claridad enga\u00f1osa y que, en&nbsp;<strong>su aparente serenidad, contiene una tensi\u00f3n dif\u00edcil de disipar<\/strong>. Nacida en Gwangju, ciudad marcada por la violencia de la represi\u00f3n militar que atraviesa de forma expl\u00edcita libros como&nbsp;<em>Actos humanos<\/em>, Han Kang ha construido&nbsp;<strong>una obra en la que la experiencia hist\u00f3rica y la percepci\u00f3n individual se entrelazan<\/strong>&nbsp;sin jerarqu\u00edas, dando lugar a una narrativa que no busca tanto explicar el trauma como hacerlo perceptible en su complejidad y en sus zonas de sombra.<\/p>\n\n\n\n<p>\u00abTodo humano vive en este mundo con un cuerpo f\u00edsico, y pienso que eso es un elemento muy importante en nuestras vidas, por lo que cuando estoy escribiendo le doy mucha importancia a los sentidos\u00bb, ha explicado la escritora sobre su forma de narrar. \u00ab<strong>Cuando describo lo que est\u00e1n sintiendo los personajes, intento sentirlo yo tambi\u00e9n<\/strong>&nbsp;con mi propio cuerpo, a piel viva, para poder describirlo m\u00e1s detalladamente. En lugar de escribir &#8216;estuvo ansioso o estuvo angustiado&#8217;, me gusta poder transmitir las corrientes el\u00e9ctricas que todos realmente sentimos al tener esas sensaciones\u00bb.<\/p>\n\n\n\n<blockquote class=\"wp-block-quote is-layout-flow wp-block-quote-is-layout-flow\">\n<p class=\"has-ast-global-color-4-background-color has-background has-medium-font-size\"><strong>\u00abEstoy escribiendo mi libro m\u00e1s personal, uno que habla de la historia de mi familia, y siempre dudo de si podr\u00e9 terminarlo\u00bb<\/strong><\/p>\n<\/blockquote>\n\n\n\n<p>Adem\u00e1s de la plasticidad de su escritura, hay algo, en \u00faltima instancia, profundamente contempor\u00e1neo en la forma de narrar de Han, pero no en el sentido epid\u00e9rmico del t\u00e9rmino, sino en su capacidad para&nbsp;<strong>captar una sensibilidad atravesada por la fragilidad, el duelo y la necesidad de sentido<\/strong>. Que esa voz resuene ahora en Barcelona no responde tanto a la l\u00f3gica de la actualidad como a la persistencia de una obra que, sin hacer ruido, ha ido ocupando un lugar central en la literatura de nuestro tiempo.<\/p>\n\n\n\n<p>M\u00e1s en El Mundo<\/p>\n\n\n\n<p><a href=\"https:\/\/www.elmundo.es\/espana\/2026\/04\/23\/69ea0ab6fc6c8376138b45c1-video.html\"><\/a><\/p>\n\n\n\n<figure class=\"wp-block-image\"><a class=\"ue-c-article__context\" href=\"https:\/\/www.elmundo.es\/espana\/2026\/04\/23\/69ea0ab6fc6c8376138b45c1-video.html\"><img decoding=\"async\" src=\"https:\/\/e01-phantom-elmundo.uecdn.es\/14d9f18159c6e14e4c0863efcbad754f\/provider\/dm\/crop\/0x0\/1920x1080\/resize\/250\/f\/jpg\/v\/aixW61fwWgJpRjPZP\/x1080\" alt=\"Gibraltar admite que la postura de Espa\u00f1a sobre su soberan\u00eda &quot;no es simp\u00e1tica&quot;\"\/><\/a><\/figure>\n\n\n\n<p><a href=\"https:\/\/www.elmundo.es\/espana\/2026\/04\/23\/69ea0ab6fc6c8376138b45c1-video.html\"><strong>Gibraltar admite que la postura de Espa\u00f1a sobre su soberan\u00eda \u00abno es simp\u00e1tica\u00bb<\/strong><\/a><\/p>\n\n\n\n<p><a href=\"https:\/\/www.elmundo.es\/espana\/2026\/04\/22\/69dd0beee85ece5e588b4590.html\"><\/a><\/p>\n\n\n\n<figure class=\"wp-block-image\"><a class=\"ue-c-article__context\" href=\"https:\/\/www.elmundo.es\/espana\/2026\/04\/22\/69dd0beee85ece5e588b4590.html\"><img decoding=\"async\" src=\"https:\/\/e01-phantom-elmundo.uecdn.es\/328bfc5337405d108f5bde50185cb9d8\/crop\/8x128\/2649x1889\/resize\/250\/f\/jpg\/assets\/multimedia\/imagenes\/2026\/04\/21\/17767870928673.jpg\" alt=\"Ignasi, el profesor que ha ganado la guerra de las Matem\u00e1ticas en Catalu\u00f1a: &quot;Si reivindicas la tarima en el aula te llaman fascista&quot;\"\/><\/a><\/figure>\n\n\n\n<p><a href=\"https:\/\/www.elmundo.es\/espana\/2026\/04\/22\/69dd0beee85ece5e588b4590.html\"><strong>Ignasi, el profesor que ha ganado la guerra de las Matem\u00e1ticas en Catalu\u00f1a: \u00abSi reivindicas la tarima en el aula te llaman fascista\u00bb<\/strong><\/a><\/p>\n\n\n\n<p>De hecho, ha confesado en la charla que prepara una nueva novela, aunque no ha querido contar mucho. \u00abSi hablo demasiado, la magia desaparece, as\u00ed que no le voy a contar los detalles. Pero&nbsp;<strong>estoy escribiendo un libro bastante personal. De una manera u otra ser\u00eda el libro m\u00e1s personal que habr\u00e9 escrito, pues habla de mi familia<\/strong>\u00ab, ha desgranado con cautela, antes de confesar: \u00abCada vez que estoy escribi\u00e9ndolo siempre tengo ese pensamiento de &#8216;<strong>\u00bfpodr\u00e9 terminar el libro, completarlo del todo?<\/strong>&#8216;. Pero tambi\u00e9n siempre tengo la esperanza de que s\u00ed, que lo podr\u00e9 acabar y que ser\u00e1 exitoso para m\u00ed\u00bb, ha revelado.<\/p>\n\n\n\n<p>A la espera de este pr\u00f3ximo t\u00edtulo, para el lector espa\u00f1ol que ha seguido su trayectoria desde hace a\u00f1os, la visita de Han tiene algo de&nbsp;<strong>confirmaci\u00f3n de una de las voces m\u00e1s singulares de la narrativa contempor\u00e1nea global<\/strong>, pero tambi\u00e9n oportunidad para volver sobre unos libros que, le\u00eddos hoy, a la luz de su reconocimiento internacional, revelan con mayor nitidez<strong>&nbsp;la consistencia de un proyecto literario ajeno a modas y a simplificaciones<\/strong>. En un tiempo particularmente dado a la estridencia, su escritura persiste, con una firmeza discreta, en la exploraci\u00f3n de aquello que se resiste a ser dicho.<\/p>\n\n\n\n<p>Fuente: <a href=\"https:\/\/www.elmundo.es\/cultura\/literatura\/2026\/04\/22\/69e892dbe4d4d89a3d8b4588.html\">https:\/\/www.elmundo.es\/cultura\/literatura\/2026\/04\/22\/69e892dbe4d4d89a3d8b4588.html<\/a><\/p>\n","protected":false},"excerpt":{"rendered":"<p>La escritora surcoreana, que acaba de publicar en Espa\u00f1a &#8216;Tinta y sangre&#8217;, visita Barcelona para participar en las celebraciones de [&hellip;]<\/p>\n","protected":false},"author":1,"featured_media":121024,"comment_status":"open","ping_status":"open","sticky":false,"template":"","format":"standard","meta":{"site-sidebar-layout":"default","site-content-layout":"","ast-site-content-layout":"default","site-content-style":"default","site-sidebar-style":"default","ast-global-header-display":"","ast-banner-title-visibility":"","ast-main-header-display":"","ast-hfb-above-header-display":"","ast-hfb-below-header-display":"","ast-hfb-mobile-header-display":"","site-post-title":"","ast-breadcrumbs-content":"","ast-featured-img":"","footer-sml-layout":"","theme-transparent-header-meta":"","adv-header-id-meta":"","stick-header-meta":"","header-above-stick-meta":"","header-main-stick-meta":"","header-below-stick-meta":"","astra-migrate-meta-layouts":"default","ast-page-background-enabled":"default","ast-page-background-meta":{"desktop":{"background-color":"var(--ast-global-color-4)","background-image":"","background-repeat":"repeat","background-position":"center center","background-size":"auto","background-attachment":"scroll","background-type":"","background-media":"","overlay-type":"","overlay-color":"","overlay-opacity":"","overlay-gradient":""},"tablet":{"background-color":"","background-image":"","background-repeat":"repeat","background-position":"center center","background-size":"auto","background-attachment":"scroll","background-type":"","background-media":"","overlay-type":"","overlay-color":"","overlay-opacity":"","overlay-gradient":""},"mobile":{"background-color":"","background-image":"","background-repeat":"repeat","background-position":"center center","background-size":"auto","background-attachment":"scroll","background-type":"","background-media":"","overlay-type":"","overlay-color":"","overlay-opacity":"","overlay-gradient":""}},"ast-content-background-meta":{"desktop":{"background-color":"var(--ast-global-color-5)","background-image":"","background-repeat":"repeat","background-position":"center center","background-size":"auto","background-attachment":"scroll","background-type":"","background-media":"","overlay-type":"","overlay-color":"","overlay-opacity":"","overlay-gradient":""},"tablet":{"background-color":"var(--ast-global-color-5)","background-image":"","background-repeat":"repeat","background-position":"center center","background-size":"auto","background-attachment":"scroll","background-type":"","background-media":"","overlay-type":"","overlay-color":"","overlay-opacity":"","overlay-gradient":""},"mobile":{"background-color":"var(--ast-global-color-5)","background-image":"","background-repeat":"repeat","background-position":"center center","background-size":"auto","background-attachment":"scroll","background-type":"","background-media":"","overlay-type":"","overlay-color":"","overlay-opacity":"","overlay-gradient":""}},"footnotes":""},"categories":[8],"tags":[48483,48484,48485],"class_list":["post-121023","post","type-post","status-publish","format-standard","has-post-thumbnail","hentry","category-noticias","tag-escritora-han-kang","tag-habito-de-leer","tag-libro-tinta-y-sangre"],"_links":{"self":[{"href":"https:\/\/losperiodistas.com.mx\/portal\/wp-json\/wp\/v2\/posts\/121023","targetHints":{"allow":["GET"]}}],"collection":[{"href":"https:\/\/losperiodistas.com.mx\/portal\/wp-json\/wp\/v2\/posts"}],"about":[{"href":"https:\/\/losperiodistas.com.mx\/portal\/wp-json\/wp\/v2\/types\/post"}],"author":[{"embeddable":true,"href":"https:\/\/losperiodistas.com.mx\/portal\/wp-json\/wp\/v2\/users\/1"}],"replies":[{"embeddable":true,"href":"https:\/\/losperiodistas.com.mx\/portal\/wp-json\/wp\/v2\/comments?post=121023"}],"version-history":[{"count":1,"href":"https:\/\/losperiodistas.com.mx\/portal\/wp-json\/wp\/v2\/posts\/121023\/revisions"}],"predecessor-version":[{"id":121025,"href":"https:\/\/losperiodistas.com.mx\/portal\/wp-json\/wp\/v2\/posts\/121023\/revisions\/121025"}],"wp:featuredmedia":[{"embeddable":true,"href":"https:\/\/losperiodistas.com.mx\/portal\/wp-json\/wp\/v2\/media\/121024"}],"wp:attachment":[{"href":"https:\/\/losperiodistas.com.mx\/portal\/wp-json\/wp\/v2\/media?parent=121023"}],"wp:term":[{"taxonomy":"category","embeddable":true,"href":"https:\/\/losperiodistas.com.mx\/portal\/wp-json\/wp\/v2\/categories?post=121023"},{"taxonomy":"post_tag","embeddable":true,"href":"https:\/\/losperiodistas.com.mx\/portal\/wp-json\/wp\/v2\/tags?post=121023"}],"curies":[{"name":"wp","href":"https:\/\/api.w.org\/{rel}","templated":true}]}}