{"id":12099,"date":"2021-08-25T04:36:24","date_gmt":"2021-08-25T09:36:24","guid":{"rendered":"http:\/\/losperiodistas.com.mx\/portal\/?p=12099"},"modified":"2021-08-25T06:36:50","modified_gmt":"2021-08-25T11:36:50","slug":"aprueba-congreso-ley-de-desaparecidos-sin-crear-fondo-estatal-de-busqueda-ljo","status":"publish","type":"post","link":"https:\/\/losperiodistas.com.mx\/portal\/aprueba-congreso-ley-de-desaparecidos-sin-crear-fondo-estatal-de-busqueda-ljo\/","title":{"rendered":"Aprueba Congreso Ley de Desaparecidos sin crear fondo estatal de b\u00fasqueda | LJO"},"content":{"rendered":"\n<figure class=\"wp-block-embed is-type-video is-provider-youtube wp-block-embed-youtube wp-embed-aspect-16-9 wp-has-aspect-ratio\"><div class=\"wp-block-embed__wrapper\">\n<iframe title=\"Rodriguez lamenta que el Congreso no incluyera en la Ley de Desaparecidos la creaci\u00f3n de un fondo\" width=\"500\" height=\"281\" src=\"https:\/\/www.youtube.com\/embed\/cX5Vw-a-RVA?feature=oembed\" frameborder=\"0\" allow=\"accelerometer; autoplay; clipboard-write; encrypted-media; gyroscope; picture-in-picture; web-share\" referrerpolicy=\"strict-origin-when-cross-origin\" allowfullscreen><\/iframe>\n<\/div><\/figure>\n\n\n\n<p><\/p>\n\n\n\n<p class=\"has-vivid-cyan-blue-color has-text-color has-medium-font-size\">M\u00d3NICA CAMACHO \/ LA JORNADA DE ORIENTE<\/p>\n\n\n\n<p>A tres semanas de que cierre la LX Legislatura, el Congreso local aprob\u00f3 la Ley de B\u00fasqueda de Personas a petici\u00f3n de familiares de desaparecidos, sin incluir su demanda de crear un fondo que obligar\u00eda al Estado a destinar un porcentaje del presupuesto anual de Puebla a acciones de b\u00fasqueda y combate a ese delito.&nbsp;<\/p>\n\n\n\n<p><a href=\"https:\/\/twitter.com\/VozdelosDesapa\" target=\"_blank\" rel=\"noreferrer noopener\">\u201cNos quedaron a deber\u201d<\/a>, manifestaron los familiares desde el plant\u00f3n que mantuvieron a las afueras del Palacio Legislativo durante cerca de seis semanas, al conocer los t\u00e9rminos en los que se autoriz\u00f3 la expedici\u00f3n del ordenamiento.<\/p>\n\n\n\n<p>En tanto, la diputada de Morena Estefan\u00eda Rodr\u00edguez Sandoval reprob\u00f3 desde la m\u00e1xima tribuna del estado que se retirara del dictamen la creaci\u00f3n del fondo estatal, que ella plante\u00f3 en la iniciativa original, raz\u00f3n por la cual present\u00f3 una propuesta reformatoria para reincorporarlo que fue desechada por mayor\u00eda de votos.<\/p>\n\n\n\n<figure class=\"wp-block-pullquote\"><blockquote><p>\u201cTodos los discursos que vinieron a decir (a favor de la ley) est\u00e1n completamente vac\u00edos\u201d, reproch\u00f3 Rodr\u00edguez a los 16 diputados de Morena, el PT y el PRI que rechazaron la correcci\u00f3n.<\/p><\/blockquote><\/figure>\n\n\n\n<h2 class=\"wp-block-heading\">No hacen falta m\u00e1s recursos, dice Nora Merino<\/h2>\n\n\n\n<p>La postura oficial del Poder Legislativo provino de la presidente de la Junta de Gobierno y Coordinaci\u00f3n Pol\u00edtica, que a la vez hace la funci\u00f3n de coordinadora de la bancada mayoritaria de Regeneraci\u00f3n Nacional, quien consider\u00f3 que&nbsp;<a href=\"https:\/\/www.lajornadadeoriente.com.mx\/puebla\/ley-de-desaparecidos-planton\/\" target=\"_blank\" rel=\"noreferrer noopener\">no hace falta la asignaci\u00f3n<\/a>&nbsp;de m\u00e1s recursos a la materia.<\/p>\n\n\n\n<p>En conferencia de medios, aleg\u00f3 que la Fiscal\u00eda General del Estado (FGE), la Secretar\u00eda de Gobernaci\u00f3n y la Comisi\u00f3n de B\u00fasqueda de Personas del Estado ya cuentan con un presupuesto.<\/p>\n\n\n\n<h2 class=\"wp-block-heading\">Gobierno federal corrige la plana al Congreso<\/h2>\n\n\n\n<p>Estefan\u00eda Rodr\u00edguez record\u00f3 que la iniciativa de Ley de Desaparecidos que present\u00f3 el 15 de julio de 2020 estuvo m\u00e1s de un a\u00f1o sin ser atendida por el Congreso, pese a que surgi\u00f3 de un trabajo de elaboraci\u00f3n en el que particip\u00f3 el colectivo Voz de los Desaparecidos y especialistas de la Universidad Iberoamericana.<\/p>\n\n\n\n<p>\u201cEl 29 junio de 2021 un periodista hizo una pregunta en la ma\u00f1anera para saber el destino de la ley en Puebla, dirigida al presidente Andr\u00e9s Manuel L\u00f3pez Obrador, la respuesta fue lo de menos ya que el peso pol\u00edtico que caus\u00f3 dicha respuesta hizo que el panorama cambiara repentinamente\u201d, se\u00f1al\u00f3.<\/p>\n\n\n\n<p>Al d\u00eda siguiente que L\u00f3pez Obrador y su subsecretario de Derechos Humanos, Poblaci\u00f3n y Migraci\u00f3n, Alejandro Encinas Rodr\u00edguez, pidieron al Congreso discutir a la brevedad el tema, el gobierno de Puebla remiti\u00f3 la iniciativa que hab\u00eda anunciado y que la bancada de Morena esperaba para atender el tema, relat\u00f3.<\/p>\n\n\n\n<p>\u201cA partir de ese momento todo empez\u00f3 a caminar, las mesas de trabajo empezaron a fluir y el an\u00e1lisis de ambos proyectos de ley inici\u00f3\u201d, asever\u00f3.<\/p>\n\n\n\n<h2 class=\"wp-block-heading\">Cumplen armonizaci\u00f3n mandatada desde 2017<\/h2>\n\n\n\n<p>La Ley de B\u00fasqueda de Personas responde a la armonizaci\u00f3n de la Ley General en la materia vigente en el pa\u00eds desde 2017 y tiene como objetivo crear el Sistema Estatal de B\u00fasqueda de Personas; as\u00ed como regular y organizar el funcionamiento de la Comisi\u00f3n de B\u00fasqueda.<\/p>\n\n\n\n<p>El Sistema Estatal ser\u00e1 el responsable de coordinar los esfuerzos de vinculaci\u00f3n, operaci\u00f3n, gesti\u00f3n, evaluaci\u00f3n y seguimiento de las acciones entre las distintas autoridades estatales y municipales, mientras la Comisi\u00f3n de B\u00fasqueda opera actualmente como un organismo responsable de determinar, ejecutar y dar seguimiento a las acciones de b\u00fasqueda, localizaci\u00f3n e identificaci\u00f3n de personas.<\/p>\n\n\n\n<p>Fuente: https:\/\/www.lajornadadeoriente.com.mx\/puebla\/ley-de-desaparecidos-fondo\/<\/p>\n","protected":false},"excerpt":{"rendered":"<p>M\u00d3NICA CAMACHO \/ LA JORNADA DE ORIENTE A tres semanas de que cierre la LX Legislatura, el Congreso local aprob\u00f3 [&hellip;]<\/p>\n","protected":false},"author":1,"featured_media":12100,"comment_status":"open","ping_status":"open","sticky":false,"template":"","format":"standard","meta":{"site-sidebar-layout":"default","site-content-layout":"","ast-site-content-layout":"default","site-content-style":"default","site-sidebar-style":"default","ast-global-header-display":"","ast-banner-title-visibility":"","ast-main-header-display":"","ast-hfb-above-header-display":"","ast-hfb-below-header-display":"","ast-hfb-mobile-header-display":"","site-post-title":"","ast-breadcrumbs-content":"","ast-featured-img":"","footer-sml-layout":"","theme-transparent-header-meta":"","adv-header-id-meta":"","stick-header-meta":"","header-above-stick-meta":"","header-main-stick-meta":"","header-below-stick-meta":"","astra-migrate-meta-layouts":"default","ast-page-background-enabled":"default","ast-page-background-meta":{"desktop":{"background-color":"var(--ast-global-color-4)","background-image":"","background-repeat":"repeat","background-position":"center center","background-size":"auto","background-attachment":"scroll","background-type":"","background-media":"","overlay-type":"","overlay-color":"","overlay-opacity":"","overlay-gradient":""},"tablet":{"background-color":"","background-image":"","background-repeat":"repeat","background-position":"center center","background-size":"auto","background-attachment":"scroll","background-type":"","background-media":"","overlay-type":"","overlay-color":"","overlay-opacity":"","overlay-gradient":""},"mobile":{"background-color":"","background-image":"","background-repeat":"repeat","background-position":"center center","background-size":"auto","background-attachment":"scroll","background-type":"","background-media":"","overlay-type":"","overlay-color":"","overlay-opacity":"","overlay-gradient":""}},"ast-content-background-meta":{"desktop":{"background-color":"var(--ast-global-color-5)","background-image":"","background-repeat":"repeat","background-position":"center center","background-size":"auto","background-attachment":"scroll","background-type":"","background-media":"","overlay-type":"","overlay-color":"","overlay-opacity":"","overlay-gradient":""},"tablet":{"background-color":"var(--ast-global-color-5)","background-image":"","background-repeat":"repeat","background-position":"center center","background-size":"auto","background-attachment":"scroll","background-type":"","background-media":"","overlay-type":"","overlay-color":"","overlay-opacity":"","overlay-gradient":""},"mobile":{"background-color":"var(--ast-global-color-5)","background-image":"","background-repeat":"repeat","background-position":"center center","background-size":"auto","background-attachment":"scroll","background-type":"","background-media":"","overlay-type":"","overlay-color":"","overlay-opacity":"","overlay-gradient":""}},"footnotes":""},"categories":[8],"tags":[3546,3545],"class_list":["post-12099","post","type-post","status-publish","format-standard","has-post-thumbnail","hentry","category-noticias","tag-ley-de-desaparecidos","tag-puebla-congreso"],"_links":{"self":[{"href":"https:\/\/losperiodistas.com.mx\/portal\/wp-json\/wp\/v2\/posts\/12099","targetHints":{"allow":["GET"]}}],"collection":[{"href":"https:\/\/losperiodistas.com.mx\/portal\/wp-json\/wp\/v2\/posts"}],"about":[{"href":"https:\/\/losperiodistas.com.mx\/portal\/wp-json\/wp\/v2\/types\/post"}],"author":[{"embeddable":true,"href":"https:\/\/losperiodistas.com.mx\/portal\/wp-json\/wp\/v2\/users\/1"}],"replies":[{"embeddable":true,"href":"https:\/\/losperiodistas.com.mx\/portal\/wp-json\/wp\/v2\/comments?post=12099"}],"version-history":[{"count":1,"href":"https:\/\/losperiodistas.com.mx\/portal\/wp-json\/wp\/v2\/posts\/12099\/revisions"}],"predecessor-version":[{"id":12101,"href":"https:\/\/losperiodistas.com.mx\/portal\/wp-json\/wp\/v2\/posts\/12099\/revisions\/12101"}],"wp:featuredmedia":[{"embeddable":true,"href":"https:\/\/losperiodistas.com.mx\/portal\/wp-json\/wp\/v2\/media\/12100"}],"wp:attachment":[{"href":"https:\/\/losperiodistas.com.mx\/portal\/wp-json\/wp\/v2\/media?parent=12099"}],"wp:term":[{"taxonomy":"category","embeddable":true,"href":"https:\/\/losperiodistas.com.mx\/portal\/wp-json\/wp\/v2\/categories?post=12099"},{"taxonomy":"post_tag","embeddable":true,"href":"https:\/\/losperiodistas.com.mx\/portal\/wp-json\/wp\/v2\/tags?post=12099"}],"curies":[{"name":"wp","href":"https:\/\/api.w.org\/{rel}","templated":true}]}}