{"id":12096,"date":"2021-08-25T06:31:13","date_gmt":"2021-08-25T11:31:13","guid":{"rendered":"http:\/\/losperiodistas.com.mx\/portal\/?p=12096"},"modified":"2021-08-25T06:31:15","modified_gmt":"2021-08-25T11:31:15","slug":"la-corte-suprema-restablece-la-politica-de-permanecer-en-mexico-para-los-solicitantes-de-asilo-wsj","status":"publish","type":"post","link":"https:\/\/losperiodistas.com.mx\/portal\/la-corte-suprema-restablece-la-politica-de-permanecer-en-mexico-para-los-solicitantes-de-asilo-wsj\/","title":{"rendered":"La Corte Suprema restablece la pol\u00edtica de &#8216;Permanecer en M\u00e9xico&#8217; para los solicitantes de asilo | WSJ"},"content":{"rendered":"\n<p style=\"font-size:18px\"><em>La mayor\u00eda conservadora rechaza el intento de Biden de poner fin a la pol\u00edtica que niega la entrada a los migrantes mientras est\u00e1n pendientes las denuncias de persecuci\u00f3n.<\/em><\/p>\n\n\n\n<p><\/p>\n\n\n\n<figure class=\"wp-block-image size-large\"><img fetchpriority=\"high\" decoding=\"async\" width=\"1024\" height=\"682\" src=\"https:\/\/losperiodistas.com.mx\/portal\/wp-content\/uploads\/2021\/08\/Captura-de-Pantalla-2021-08-25-a-las-6.27.43-1024x682.jpg\" alt=\"\" class=\"wp-image-12097\" srcset=\"https:\/\/losperiodistas.com.mx\/portal\/wp-content\/uploads\/2021\/08\/Captura-de-Pantalla-2021-08-25-a-las-6.27.43-1024x682.jpg 1024w, https:\/\/losperiodistas.com.mx\/portal\/wp-content\/uploads\/2021\/08\/Captura-de-Pantalla-2021-08-25-a-las-6.27.43-300x200.jpg 300w, https:\/\/losperiodistas.com.mx\/portal\/wp-content\/uploads\/2021\/08\/Captura-de-Pantalla-2021-08-25-a-las-6.27.43-768x512.jpg 768w, https:\/\/losperiodistas.com.mx\/portal\/wp-content\/uploads\/2021\/08\/Captura-de-Pantalla-2021-08-25-a-las-6.27.43-1536x1023.jpg 1536w, https:\/\/losperiodistas.com.mx\/portal\/wp-content\/uploads\/2021\/08\/Captura-de-Pantalla-2021-08-25-a-las-6.27.43.jpg 1714w\" sizes=\"(max-width: 1024px) 100vw, 1024px\" \/><figcaption>Los migrantes cruzan el R\u00edo Bravo en su camino para entregarse al cruzar la frontera entre Estados Unidos y M\u00e9xico en Del Rio, Texas, en junio.<br>FOTO:\u00a0ERIC GAY \/ ASSOCIATED PRESS<\/figcaption><\/figure>\n\n\n\n<p><\/p>\n\n\n\n<p class=\"has-vivid-cyan-blue-color has-text-color has-medium-font-size\">JESS BRAVIN \/ THE WALL STREET JOURNAL<\/p>\n\n\n\n<p>WASHINGTON &#8211; La Corte Suprema restableci\u00f3 el martes una pol\u00edtica de la era Trump que requiere que los solicitantes de asilo esperen en M\u00e9xico mientras sus solicitudes son evaluadas por las autoridades estadounidenses.&nbsp;Los tres jueces liberales discreparon.<\/p>\n\n\n\n<p>El presidente Biden cancel\u00f3 los Protocolos de protecci\u00f3n al migrante de la administraci\u00f3n Trump, com\u00fanmente llamados la pol\u00edtica Permanecer en M\u00e9xico, en respuesta a las cr\u00edticas de que obligaba a los migrantes vulnerables a esperar sus casos en ciudades fronterizas violentas.&nbsp;Los tribunales inferiores encontraron que la administraci\u00f3n no sigui\u00f3 los procedimientos adecuados para poner fin a la pol\u00edtica y que la alternativa de ingresar en libertad condicional a los solicitantes de asilo estadounidenses en masa puede violar la ley federal.<\/p>\n\n\n\n<p>El gobierno de Biden le pidi\u00f3 a la Corte Suprema&nbsp;<a href=\"https:\/\/www.wsj.com\/articles\/biden-administration-asks-supreme-court-to-block-reinstatement-of-remain-in-mexico-policy-11629496829?mod=article_inline\" target=\"_blank\" rel=\"noreferrer noopener\">que le permitiera cancelar Permanecer en M\u00e9xico mientras apelaba<\/a>&nbsp;, pero en una breve orden el martes por la noche, los jueces dijeron que era poco probable que el gobierno prevaleciera.<\/p>\n\n\n\n<p>La administraci\u00f3n \u00abno demostr\u00f3 ninguna probabilidad de \u00e9xito en el reclamo de que el memorando que rescind\u00eda los Protocolos de protecci\u00f3n al migrante no era arbitrario ni caprichoso\u00bb, dec\u00eda la orden no firmada.\u00a0Los jueces Stephen Breyer, Sonia Sotomayor y Elena Kagan indicaron que habr\u00edan aceptado la solicitud del gobierno.<\/p>\n\n\n\n<hr class=\"wp-block-separator\"\/>\n\n\n\n<p>\u00abEl Departamento de Seguridad Nacional discrepa respetuosamente con la decisi\u00f3n de la corte de distrito y lamenta que la Corte Suprema se haya negado a emitir una suspensi\u00f3n\u00bb, dijo el departamento en un comunicado, y agreg\u00f3 que la administraci\u00f3n estaba en conversaciones con M\u00e9xico sobre un acuerdo para volver a implementar la programa.<\/p>\n\n\n\n<p>Un representante del Ministerio de Relaciones Exteriores de M\u00e9xico no respondi\u00f3 de inmediato a una solicitud de comentarios.<\/p>\n\n\n\n<p>En la pr\u00e1ctica, Permanecer en M\u00e9xico no ha estado en uso desde 2019. Desde el inicio de la pandemia Covid-19 el a\u00f1o pasado, los funcionarios estadounidenses bajo las administraciones de Trump y Biden han estado devolviendo a los migrantes bajo \u00f3rdenes de salud p\u00fablica emitidas por los Centros para el Control y la Prevenci\u00f3n de Enfermedades.<\/p>\n\n\n\n<p>Sin embargo, a pedido de dos estados controlados por los republicanos, Texas y Missouri, los tribunales federales inferiores ordenaron al Departamento de Seguridad Nacional que restableciera los Protocolos de Protecci\u00f3n al Migrante.&nbsp;En agosto, el juez federal de distrito Matthew Kacsmaryk, en Amarillo, Texas, emiti\u00f3 una orden a nivel nacional que requer\u00eda que el gobierno restableciera la permanencia en M\u00e9xico.<\/p>\n\n\n\n<p>El juez Kacsmaryk, designado por Trump en 2019, consider\u00f3 que la terminaci\u00f3n del programa era arbitraria y caprichosa, y dijo que el Departamento de Seguridad Nacional no hab\u00eda considerado adecuadamente los beneficios de negar la entrada a los no ciudadanos que afirman ser perseguidos en sus pa\u00edses de origen.<\/p>\n\n\n\n<p>Texas y Missouri argumentaron que Permanecer en M\u00e9xico redujo las cargas para sus contribuyentes, como el costo de procesar las solicitudes de licencia de conducir para los no ciudadanos a quienes se les permite mudarse mientras sus casos de asilo est\u00e1n pendientes.&nbsp;Puede llevar meses o a\u00f1os resolver tales reclamos ante los tribunales de inmigraci\u00f3n de EE. UU.<\/p>\n\n\n\n<p>Despu\u00e9s de que la Corte de Apelaciones del Quinto Circuito de los Estados Unidos, en Nueva Orleans, se neg\u00f3 a bloquear la orden del juez Kacsmaryk, la administraci\u00f3n pidi\u00f3 a la Corte Suprema que interviniera.<\/p>\n\n\n\n<p>La decisi\u00f3n del tribunal de distrito \u00abimpone una carga severa e injustificada a la autoridad ejecutiva sobre la pol\u00edtica de inmigraci\u00f3n y asuntos exteriores al ordenar al gobierno que vuelva a implementar precipitadamente un programa discrecional que el Secretario [de Seguridad Nacional] ha determinado que tiene fallas cr\u00edticas\u00bb, dijo el Departamento de Justicia. presentaci\u00f3n dijo.<\/p>\n\n\n\n<p>La administraci\u00f3n dijo que la orden efectivamente requer\u00eda que la pol\u00edtica de Permanecer en M\u00e9xico operara indefinidamente, porque terminar\u00eda solo cuando el gobierno tuviera la capacidad de detener a todos los solicitantes de asilo en los EE. UU. Eso es una imposibilidad pr\u00e1ctica, dijo el gobierno, porque el Congreso nunca ha proporcionado financiaci\u00f3n para un programa de detenci\u00f3n de este tipo.<\/p>\n\n\n\n<p>El viernes por la noche, el juez Samuel Alito, que supervisa el Quinto Circuito que incluye a Texas, emiti\u00f3 una suspensi\u00f3n temporal concediendo la solicitud del gobierno hasta la medianoche del mi\u00e9rcoles para que la corte en pleno pudiera considerar el asunto.<\/p>\n\n\n\n<p>En su escrito de respuesta, Texas y Missouri argumentaron que Permanecer en M\u00e9xico era una respuesta necesaria a una avalancha de migrantes en la frontera, y se\u00f1alaron que m\u00e1s del 80% de las solicitudes de asilo finalmente fueron rechazadas.<\/p>\n\n\n\n<p>\u201cAl eliminar el &#8216;boleto gratis a los Estados Unidos&#8217;, el MPP sirvi\u00f3 para desalentar esos viajes in\u00fatiles y peligrosos [y] por lo tanto [es] una &#8216;herramienta indispensable para abordar la crisis actual en la frontera sur&#8217;\u201d, dijeron los estados, citando documentos judiciales anteriores.<\/p>\n\n\n\n<p>En otro caso, los defensores de los inmigrantes hab\u00edan impugnado Permanecer en M\u00e9xico, prevaleciendo ante un tribunal federal de apelaciones en San Francisco, que orden\u00f3 el cese de la pol\u00edtica.&nbsp;El a\u00f1o pasado, a solicitud de la administraci\u00f3n Trump, la Corte Suprema restableci\u00f3 la pol\u00edtica mientras avanzaba el litigio y program\u00f3 los argumentos para marzo de 2021. Los jueces cancelaron esa audiencia despu\u00e9s de que la nueva administraci\u00f3n abandon\u00f3 la pol\u00edtica y se uni\u00f3 a los demandantes para tratar de poner fin al caso.<\/p>\n\n\n\n<p>Los tribunales federales bloquearon varias iniciativas de la administraci\u00f3n Trump por motivos similares a la orden del martes, a saber, que las agencias hab\u00edan actuado en violaci\u00f3n de la Ley de Procedimiento Administrativo, que tiene como objetivo promover una toma de decisiones razonada y transparente por parte del poder ejecutivo.<\/p>\n\n\n\n<p>En junio de 2020, por ejemplo, la Corte Suprema&nbsp;<a href=\"https:\/\/www.wsj.com\/articles\/supreme-court-blocks-trump-cancellation-of-daca-immigration-program-11592489280?mod=article_inline\" target=\"_blank\" rel=\"noreferrer noopener\">bloque\u00f3 por 5 a 4 el intento de Trump de cancelar la Acci\u00f3n Diferida para los Llegados en la Infancia<\/a>&nbsp;, un programa de la era de Obama que brinda protecci\u00f3n legal y permisos de trabajo a inmigrantes no autorizados que llegaron a los Estados Unidos cuando eran ni\u00f1os. .&nbsp;El presidente del Tribunal Supremo, John Roberts, junto con el ala liberal de cuatro miembros de la corte, escribi\u00f3 que la administraci\u00f3n Trump termin\u00f3 el programa sin considerar cuestiones como \u00abqu\u00e9 hacer, si es que hay algo, sobre las dificultades de los beneficiarios de DACA\u00bb.<\/p>\n\n\n\n<p>La orden del martes cit\u00f3 esa opini\u00f3n como autoridad para denegar el permiso para cancelar Permanecer en M\u00e9xico.<\/p>\n\n\n\n<p><strong>Escriba a<\/strong>&nbsp;Jess Bravin a&nbsp;<a href=\"mailto:jess.bravin+1@wsj.com\" target=\"_blank\" rel=\"noreferrer noopener\">jess.bravin+1@wsj.com<\/a><\/p>\n\n\n\n<p>Copyright \u00a9 2021 Dow Jones &amp; Company, Inc. Todos los derechos reservados.&nbsp;87990cbe856818d5eddac44c7b1cdeb8<\/p>\n\n\n\n<p>Apareci\u00f3 en la edici\u00f3n impresa del 25 de agosto de 2021 como &#8216;Los jueces restablecen la pol\u00edtica de asilo de Trump&#8217;.<\/p>\n\n\n\n<p>Fuente: https:\/\/www.wsj.com\/articles\/supreme-court-reinstates-remain-in-mexico-policy-for-asylum-applicants-11629849547?mod=hp_lead_pos2<\/p>\n","protected":false},"excerpt":{"rendered":"<p>La mayor\u00eda conservadora rechaza el intento de Biden de poner fin a la pol\u00edtica que niega la entrada a los [&hellip;]<\/p>\n","protected":false},"author":1,"featured_media":12097,"comment_status":"open","ping_status":"open","sticky":false,"template":"","format":"standard","meta":{"site-sidebar-layout":"default","site-content-layout":"","ast-site-content-layout":"default","site-content-style":"default","site-sidebar-style":"default","ast-global-header-display":"","ast-banner-title-visibility":"","ast-main-header-display":"","ast-hfb-above-header-display":"","ast-hfb-below-header-display":"","ast-hfb-mobile-header-display":"","site-post-title":"","ast-breadcrumbs-content":"","ast-featured-img":"","footer-sml-layout":"","theme-transparent-header-meta":"","adv-header-id-meta":"","stick-header-meta":"","header-above-stick-meta":"","header-main-stick-meta":"","header-below-stick-meta":"","astra-migrate-meta-layouts":"default","ast-page-background-enabled":"default","ast-page-background-meta":{"desktop":{"background-color":"var(--ast-global-color-4)","background-image":"","background-repeat":"repeat","background-position":"center center","background-size":"auto","background-attachment":"scroll","background-type":"","background-media":"","overlay-type":"","overlay-color":"","overlay-opacity":"","overlay-gradient":""},"tablet":{"background-color":"","background-image":"","background-repeat":"repeat","background-position":"center center","background-size":"auto","background-attachment":"scroll","background-type":"","background-media":"","overlay-type":"","overlay-color":"","overlay-opacity":"","overlay-gradient":""},"mobile":{"background-color":"","background-image":"","background-repeat":"repeat","background-position":"center center","background-size":"auto","background-attachment":"scroll","background-type":"","background-media":"","overlay-type":"","overlay-color":"","overlay-opacity":"","overlay-gradient":""}},"ast-content-background-meta":{"desktop":{"background-color":"var(--ast-global-color-5)","background-image":"","background-repeat":"repeat","background-position":"center center","background-size":"auto","background-attachment":"scroll","background-type":"","background-media":"","overlay-type":"","overlay-color":"","overlay-opacity":"","overlay-gradient":""},"tablet":{"background-color":"var(--ast-global-color-5)","background-image":"","background-repeat":"repeat","background-position":"center center","background-size":"auto","background-attachment":"scroll","background-type":"","background-media":"","overlay-type":"","overlay-color":"","overlay-opacity":"","overlay-gradient":""},"mobile":{"background-color":"var(--ast-global-color-5)","background-image":"","background-repeat":"repeat","background-position":"center center","background-size":"auto","background-attachment":"scroll","background-type":"","background-media":"","overlay-type":"","overlay-color":"","overlay-opacity":"","overlay-gradient":""}},"footnotes":""},"categories":[8],"tags":[3543,3542,3544],"class_list":["post-12096","post","type-post","status-publish","format-standard","has-post-thumbnail","hentry","category-noticias","tag-inmigrantes","tag-permanecer-en-mexico","tag-rio-bravo"],"_links":{"self":[{"href":"https:\/\/losperiodistas.com.mx\/portal\/wp-json\/wp\/v2\/posts\/12096","targetHints":{"allow":["GET"]}}],"collection":[{"href":"https:\/\/losperiodistas.com.mx\/portal\/wp-json\/wp\/v2\/posts"}],"about":[{"href":"https:\/\/losperiodistas.com.mx\/portal\/wp-json\/wp\/v2\/types\/post"}],"author":[{"embeddable":true,"href":"https:\/\/losperiodistas.com.mx\/portal\/wp-json\/wp\/v2\/users\/1"}],"replies":[{"embeddable":true,"href":"https:\/\/losperiodistas.com.mx\/portal\/wp-json\/wp\/v2\/comments?post=12096"}],"version-history":[{"count":1,"href":"https:\/\/losperiodistas.com.mx\/portal\/wp-json\/wp\/v2\/posts\/12096\/revisions"}],"predecessor-version":[{"id":12098,"href":"https:\/\/losperiodistas.com.mx\/portal\/wp-json\/wp\/v2\/posts\/12096\/revisions\/12098"}],"wp:featuredmedia":[{"embeddable":true,"href":"https:\/\/losperiodistas.com.mx\/portal\/wp-json\/wp\/v2\/media\/12097"}],"wp:attachment":[{"href":"https:\/\/losperiodistas.com.mx\/portal\/wp-json\/wp\/v2\/media?parent=12096"}],"wp:term":[{"taxonomy":"category","embeddable":true,"href":"https:\/\/losperiodistas.com.mx\/portal\/wp-json\/wp\/v2\/categories?post=12096"},{"taxonomy":"post_tag","embeddable":true,"href":"https:\/\/losperiodistas.com.mx\/portal\/wp-json\/wp\/v2\/tags?post=12096"}],"curies":[{"name":"wp","href":"https:\/\/api.w.org\/{rel}","templated":true}]}}