{"id":12084,"date":"2021-08-25T05:39:40","date_gmt":"2021-08-25T10:39:40","guid":{"rendered":"http:\/\/losperiodistas.com.mx\/portal\/?p=12084"},"modified":"2021-08-25T05:39:42","modified_gmt":"2021-08-25T10:39:42","slug":"san-jose-de-calasanz-fundador-de-la-primera-escuela-publica-cristiana-aleteia","status":"publish","type":"post","link":"https:\/\/losperiodistas.com.mx\/portal\/san-jose-de-calasanz-fundador-de-la-primera-escuela-publica-cristiana-aleteia\/","title":{"rendered":"San Jos\u00e9 de Calasanz, fundador de la primera escuela p\u00fablica cristiana | Aleteia"},"content":{"rendered":"\n<p style=\"font-size:18px\"><em>Experiment\u00f3 la Cruz: fue calumniado, apresado y destituido de su cargo de general de la Orden de los Escolapios<\/em><\/p>\n\n\n\n<p><\/p>\n\n\n\n<figure class=\"wp-block-image size-large\"><img fetchpriority=\"high\" decoding=\"async\" width=\"1024\" height=\"572\" src=\"https:\/\/losperiodistas.com.mx\/portal\/wp-content\/uploads\/2021\/08\/Captura-de-Pantalla-2021-08-25-a-las-5.35.56-1024x572.jpg\" alt=\"\" class=\"wp-image-12085\" srcset=\"https:\/\/losperiodistas.com.mx\/portal\/wp-content\/uploads\/2021\/08\/Captura-de-Pantalla-2021-08-25-a-las-5.35.56-1024x572.jpg 1024w, https:\/\/losperiodistas.com.mx\/portal\/wp-content\/uploads\/2021\/08\/Captura-de-Pantalla-2021-08-25-a-las-5.35.56-300x168.jpg 300w, https:\/\/losperiodistas.com.mx\/portal\/wp-content\/uploads\/2021\/08\/Captura-de-Pantalla-2021-08-25-a-las-5.35.56-768x429.jpg 768w, https:\/\/losperiodistas.com.mx\/portal\/wp-content\/uploads\/2021\/08\/Captura-de-Pantalla-2021-08-25-a-las-5.35.56.jpg 1242w\" sizes=\"(max-width: 1024px) 100vw, 1024px\" \/><figcaption>Public domain<\/figcaption><\/figure>\n\n\n\n<p class=\"has-vivid-cyan-blue-color has-text-color has-medium-font-size\">DOLORES MASSOT \/ ALETEIA<\/p>\n\n\n\n<p>Jos\u00e9 Calasanz y Gast\u00f3n naci\u00f3 el a\u00f1o 1557 en&nbsp;<strong>Peralta de la Sal (Huesca, Espa\u00f1a)<\/strong>. Era el s\u00e9ptimo y \u00faltimo hijo de una familia de infanzones, es decir, de la baja nobleza aragonesa.&nbsp;<strong>Su padre era herrero<\/strong>&nbsp;y fue alcalde del pueblo.<\/p>\n\n\n\n<p>La familia consideraba que los estudios eran muy importantes, as\u00ed que Jos\u00e9 siempre cont\u00f3 con el apoyo de sus padres para recibir&nbsp;<strong>formaci\u00f3n acad\u00e9mica de calidad<\/strong>.<\/p>\n\n\n\n<p>Despu\u00e9s de los estudios primarios, se traslad\u00f3 a&nbsp;<strong>Estadilla&nbsp;<\/strong>y m\u00e1s tarde -en 1571- a la&nbsp;<strong>Universidad de Lleida<\/strong>, que por entonces ten\u00eda prestigio entre las universidades de la antigua Corona de Arag\u00f3n.<\/p>\n\n\n\n<p>All\u00ed Jos\u00e9 Calasanz estudi\u00f3&nbsp;<strong>Filosof\u00eda y Derecho<\/strong>. Despu\u00e9s estudi\u00f3&nbsp;<strong>Teolog\u00eda&nbsp;<\/strong>en las&nbsp;<strong>universidades de Valencia, Alcal\u00e1 de Henares y de nuevo en Lleida<\/strong>, donde obtuvo el t\u00edtulo de&nbsp;<strong>doctor<\/strong>.<\/p>\n\n\n\n<h3 class=\"wp-block-heading\" id=\"h-p-rroco-en-tierra-de-bandoleros\">P\u00e1rroco en tierra de bandoleros<\/h3>\n\n\n\n<p>En 1583 fue ordenado sacerdote. Fue&nbsp;<strong>p\u00e1rroco en La Seu d\u2019Urgell,<\/strong>&nbsp;un pueblo fronterizo con Andorra y Francia, que en aquellos tiempos viv\u00eda en la inseguridad a causa de los ataques de los bandoleros, que robaban y asesinaban tanto en los caminos como en los pueblos. Adem\u00e1s, hab\u00eda ataques de gascones y hugonotes.<\/p>\n\n\n\n<p>A esto se sumaba&nbsp;<strong>la falta de obispo en La Seu<\/strong>, que adem\u00e1s deb\u00eda ser copr\u00edncipe andorrano. La sede vacante daba pie a problemas de orden interno en la Iglesia y en la vida social.<\/p>\n\n\n\n<p>El cargo de&nbsp;<strong>secretario del Cap\u00edtulo catedralicio<\/strong>&nbsp;otorgaba a Calasanz grandes responsabilidades de gobierno que quedaron reflejadas en&nbsp;<strong>diez cartas escritas al Virrey de Catalu\u00f1a<\/strong>. En ellas se lamenta de la problem\u00e1tica del momento.<\/p>\n\n\n\n<p>Fue tambi\u00e9n&nbsp;<strong>visitador de Tremp<\/strong>, un pueblo donde hab\u00eda un convento de dominicos que ense\u00f1aban a leer y a escribir.<\/p>\n\n\n\n<h3 class=\"wp-block-heading\" id=\"h-una-entidad-ben-fica-que-repart-a-alimentos\">Una entidad ben\u00e9fica que repart\u00eda alimentos<\/h3>\n\n\n\n<p>Mientras,&nbsp;<strong>en el pueblo de Claverol organiz\u00f3 una entidad que repart\u00eda alimentos a los pobres.<\/strong>&nbsp;La fundaci\u00f3n ben\u00e9fica se hizo estable y trabaj\u00f3 en esta labor hasta 1883.<\/p>\n\n\n\n<p>Seg\u00fan fuentes hist\u00f3ricas, Jos\u00e9 era alto y fuerte, inteligente y aguerrido, como se demostr\u00f3 en esta etapa de su vida y mucho m\u00e1s a continuaci\u00f3n.<\/p>\n\n\n\n<h3 class=\"wp-block-heading\" id=\"h-en-roma-vio-su-misi-n-pedag-gica-y-eclesial\">En Roma vio su misi\u00f3n pedag\u00f3gica y eclesial<\/h3>\n\n\n\n<p><strong>En 1592 se traslad\u00f3 a Roma<\/strong>&nbsp;pensando hacer una carrera eclesi\u00e1stica que le permitiera recibir un t\u00edtulo, regresar a Espa\u00f1a y vivir con cierta comodidad. Pero los planes de Dios no eran estos.<\/p>\n\n\n\n<p>Su entrega habr\u00eda de ser total, y Roma ser\u00eda su lugar de residencia hasta su fallecimiento.<\/p>\n\n\n\n<p>En la Ciudad Etern<strong>a ve la situaci\u00f3n miserable en que viven muchos ni\u00f1os, en la calle, hambrientos y sin ning\u00fan tipo de expectativas<\/strong>. San Jos\u00e9 de Calasanz oy\u00f3 que el Se\u00f1or le dijo:&nbsp;<strong>\u201cJos\u00e9, entr\u00e9gate a los pobres. Ense\u00f1a a estos ni\u00f1os y cuida de ellos\u201d.<\/strong><\/p>\n\n\n\n<h3 class=\"wp-block-heading\" id=\"h-la-primera-escuela-p-a\">La primera Escuela P\u00eda<\/h3>\n\n\n\n<p>En el&nbsp;<strong>Trastevere<\/strong>, donde esta realidad se hace m\u00e1s patente,&nbsp;<strong>funda en 1597 la que ser\u00e1 la primera escuela p\u00fablica y gratuita de Europa, la primera Escuela P\u00eda.<\/strong>&nbsp;La sit\u00faa en la<strong><a href=\"https:\/\/www.google.com\/search?q=chiesa+santa+dorotea+en+roma&amp;rlz=1C1GCEA_enES943ES943&amp;tbm=lcl&amp;ei=6mIlYZntF-Otgweava_oAQ&amp;oq=chiesa+santa+dorotea+en+roma&amp;gs_l=psy-ab.3...21090.21969.0.24218.7.7.0.0.0.0.125.664.6j1.7.0....0...1c.1.64.psy-ab..1.1.125...0i333k1.0.fx-SHrv3iAg\" target=\"_blank\" rel=\"noreferrer noopener\">&nbsp;iglesia de Santa Dorotea del Trastevere<\/a>.<\/strong><\/p>\n\n\n\n<p>En 1600 lleva la Escuela P\u00eda a Roma y ya no cesan de llegar ni\u00f1os de todas partes.<\/p>\n\n\n\n<p>En 1610, el santo escribe el \u00ab<strong><em>Documentum Princeps\u00bb,<\/em><\/strong>&nbsp;que ser\u00e1 el texto fundamental de su obra pedag\u00f3gica. Con \u00e9l va un reglamento para maestros y alumnos.&nbsp;<strong>Su lema es \u201cPiedad y Letras\u201d<\/strong>. Los religiosos de su orden (la Orden de los Cl\u00e9rigos Regulares pobres de la Madre de Dios de las Escuelas P\u00edas) deben hacer&nbsp;<strong>cuatro votos: pobreza, castidad, obediencia y dedicarse a la educaci\u00f3n de la juventud.<\/strong><\/p>\n\n\n\n<p>En 1612 traslada la escuela a&nbsp;<strong><a href=\"https:\/\/www.google.com\/search?q=chiesa+san+pantaleone+roma&amp;rlz=1C1GCEA_enES943ES943&amp;tbm=lcl&amp;ei=A2MlYeOeF4udjLsP37OA4AE&amp;oq=chiesa+san+panta+roma&amp;gs_l=psy-ab.1.1.0i7i30k1l2j0i8i7i30k1.50639.54266.0.56531.19.14.5.0.0.0.185.1352.12j2.14.0....0...1c.1.64.psy-ab..2.12.918...0i7i30i19k1j0i19k1j0i8i13i30i19k1.0.raKkU7qdCOk#rlfi=hd:;si:;mv:[[41.9076576497569,12.497112862084974],[41.88663862128446,12.449219337915052],null,[41.89714900025362,12.473166100000013],15]\" target=\"_blank\" rel=\"noreferrer noopener\">san Pantale\u00f3n<\/a><\/strong>, que ser\u00e1 la&nbsp;<strong>casa madre de las Escuelas P\u00edas.<\/strong><\/p>\n\n\n\n<h3 class=\"wp-block-heading\" id=\"h-ataques-contra-san-jos-de-calasanz\">Ataques contra san Jos\u00e9 de Calasanz<\/h3>\n\n\n\n<p>Pero a San Jos\u00e9 de Calasanz le esperaba la cruz y el sufrimiento, adem\u00e1s por parte de personas cat\u00f3licas y cercanas. En su propia Orden algunos intrigan y quieren expulsarlo.&nbsp;<strong>Hacen falsas acusaciones y ese mismo a\u00f1o 1612 la Inquisici\u00f3n llega a detenerlo<\/strong>, a encarcelarlo por un breve espacio de tiempo y a interrogarlo.<\/p>\n\n\n\n<p>En&nbsp;<strong>1613&nbsp;<\/strong>el fundador de la Orden de los Padres Escolapios&nbsp;<strong>es destituido de su cargo de General de la Orden y le sustituye uno de sus detractores.<\/strong><\/p>\n\n\n\n<p>Desde aquel momento, la Orden fue perdiendo prestigio y lleg\u00f3 a estar en peligro de desaparici\u00f3n.&nbsp;<strong>San Jos\u00e9 de Calasanz muri\u00f3 sin haber visto su resurgimiento, cuando ten\u00eda 91 a\u00f1os, en 1648.<\/strong><\/p>\n\n\n\n<p>Fue&nbsp;<strong>enterrado en&nbsp;<a href=\"https:\/\/www.google.com\/search?q=chiesa+san+pantaleone+roma&amp;rlz=1C1GCEA_enES943ES943&amp;tbm=lcl&amp;ei=A2MlYeOeF4udjLsP37OA4AE&amp;oq=chiesa+san+panta+roma&amp;gs_l=psy-ab.1.1.0i7i30k1l2j0i8i7i30k1.50639.54266.0.56531.19.14.5.0.0.0.185.1352.12j2.14.0....0...1c.1.64.psy-ab..2.12.918...0i7i30i19k1j0i19k1j0i8i13i30i19k1.0.raKkU7qdCOk#rlfi=hd:;si:;mv:[[41.9076576497569,12.497112862084974],[41.88663862128446,12.449219337915052],null,[41.89714900025362,12.473166100000013],15]\" target=\"_blank\" rel=\"noreferrer noopener\">San Pantale\u00f3n<\/a><\/strong>.<\/p>\n\n\n\n<p>Sin embargo, su fama de santidad creci\u00f3 y la orden renaci\u00f3. El&nbsp;<strong>papa Alejandro VII<\/strong>&nbsp;rehabilit\u00f3 las escuelas P\u00edas en 1656.<\/p>\n\n\n\n<p>En 1748 fue beatificado y diecinueve a\u00f1os m\u00e1s tarde canonizado.<\/p>\n\n\n\n<p>Su fiesta se celebra el&nbsp;<strong>25 de agosto.<\/strong><\/p>\n\n\n\n<h3 class=\"wp-block-heading\" id=\"h-patronazgo\">Patronazgo<\/h3>\n\n\n\n<p>San Jos\u00e9 de Calasanz es&nbsp;<strong>patrono de las escuelas populares cristianas de todo el mundo.<\/strong><\/p>\n\n\n\n<h3 class=\"wp-block-heading\" id=\"h-oraci-n\">Oraci\u00f3n<\/h3>\n\n\n\n<p>Se\u00f1or, Dios nuestro,<\/p>\n\n\n\n<p>que has enriquecido a san Jos\u00e9 de Calasanz<\/p>\n\n\n\n<p>con la caridad y la paciencia,<\/p>\n\n\n\n<p>para que pudiera entregarse sin descanso<\/p>\n\n\n\n<p>a la formaci\u00f3n humana y cristiana de los ni\u00f1os,<\/p>\n\n\n\n<p>conc\u00e9denos, te rogamos,<\/p>\n\n\n\n<p>imitar en su servicio a la verdad<\/p>\n\n\n\n<p>al que veneramos hoy como maestro de sabidur\u00eda.<\/p>\n\n\n\n<p>Por nuestro Se\u00f1or Jesucristo.<\/p>\n\n\n\n<p>Am\u00e9n.<\/p>\n\n\n\n<figure class=\"wp-block-image\"><img decoding=\"async\" src=\"https:\/\/wp.es.aleteia.org\/wp-content\/uploads\/sites\/7\/2015\/08\/grqlo6lsx8kck28fnnsbr9exj7ulflxmmmtd6wsmzfcfqphp56gw7q-jzwscnjpmy1xshecbefxrw5y33hi5pc6wmuyx.jpg?w=300&amp;h=150&amp;crop=1\" alt=\"Thumbnail for read also\"\/><\/figure>\n\n\n\n<p><em>Te puede interesar:<\/em><a href=\"https:\/\/es.aleteia.org\/2015\/11\/27\/jose-de-calasanz-la-revolucion-de-la-educacion\/\">Jos\u00e9 de Calasanz, la revoluci\u00f3n de la&nbsp;educaci\u00f3n<\/a><\/p>\n\n\n\n<figure class=\"wp-block-image\"><img decoding=\"async\" src=\"https:\/\/wp.es.aleteia.org\/wp-content\/uploads\/sites\/7\/2020\/06\/WEB-SCHOOL-CHILDREN-COVID-MASK-shutterstock_1746069479-Halfpoint.jpg?w=300&amp;h=150&amp;crop=1\" alt=\"Thumbnail for read also\"\/><\/figure>\n\n\n\n<p><em>Te puede interesar:<\/em><a href=\"https:\/\/es.aleteia.org\/2014\/11\/27\/educacion-vocacion-y-santidad\/\">La respuesta de Calasanz a la incertidumbre en la escuela<\/a><\/p>\n\n\n\n<p>Fuente: https:\/\/es.aleteia.org\/2021\/08\/24\/san-jose-de-calasanz-fundador-de-la-primera-escuela-publica-cristiana\/<\/p>\n","protected":false},"excerpt":{"rendered":"<p>Experiment\u00f3 la Cruz: fue calumniado, apresado y destituido de su cargo de general de la Orden de los Escolapios DOLORES [&hellip;]<\/p>\n","protected":false},"author":1,"featured_media":12085,"comment_status":"open","ping_status":"open","sticky":false,"template":"","format":"standard","meta":{"site-sidebar-layout":"default","site-content-layout":"","ast-site-content-layout":"default","site-content-style":"default","site-sidebar-style":"default","ast-global-header-display":"","ast-banner-title-visibility":"","ast-main-header-display":"","ast-hfb-above-header-display":"","ast-hfb-below-header-display":"","ast-hfb-mobile-header-display":"","site-post-title":"","ast-breadcrumbs-content":"","ast-featured-img":"","footer-sml-layout":"","theme-transparent-header-meta":"","adv-header-id-meta":"","stick-header-meta":"","header-above-stick-meta":"","header-main-stick-meta":"","header-below-stick-meta":"","astra-migrate-meta-layouts":"default","ast-page-background-enabled":"default","ast-page-background-meta":{"desktop":{"background-color":"var(--ast-global-color-4)","background-image":"","background-repeat":"repeat","background-position":"center center","background-size":"auto","background-attachment":"scroll","background-type":"","background-media":"","overlay-type":"","overlay-color":"","overlay-opacity":"","overlay-gradient":""},"tablet":{"background-color":"","background-image":"","background-repeat":"repeat","background-position":"center center","background-size":"auto","background-attachment":"scroll","background-type":"","background-media":"","overlay-type":"","overlay-color":"","overlay-opacity":"","overlay-gradient":""},"mobile":{"background-color":"","background-image":"","background-repeat":"repeat","background-position":"center center","background-size":"auto","background-attachment":"scroll","background-type":"","background-media":"","overlay-type":"","overlay-color":"","overlay-opacity":"","overlay-gradient":""}},"ast-content-background-meta":{"desktop":{"background-color":"var(--ast-global-color-5)","background-image":"","background-repeat":"repeat","background-position":"center center","background-size":"auto","background-attachment":"scroll","background-type":"","background-media":"","overlay-type":"","overlay-color":"","overlay-opacity":"","overlay-gradient":""},"tablet":{"background-color":"var(--ast-global-color-5)","background-image":"","background-repeat":"repeat","background-position":"center center","background-size":"auto","background-attachment":"scroll","background-type":"","background-media":"","overlay-type":"","overlay-color":"","overlay-opacity":"","overlay-gradient":""},"mobile":{"background-color":"var(--ast-global-color-5)","background-image":"","background-repeat":"repeat","background-position":"center center","background-size":"auto","background-attachment":"scroll","background-type":"","background-media":"","overlay-type":"","overlay-color":"","overlay-opacity":"","overlay-gradient":""}},"footnotes":""},"categories":[8],"tags":[3529,3528],"class_list":["post-12084","post","type-post","status-publish","format-standard","has-post-thumbnail","hentry","category-noticias","tag-escuelas-pias","tag-san-jose-de-calasanz"],"_links":{"self":[{"href":"https:\/\/losperiodistas.com.mx\/portal\/wp-json\/wp\/v2\/posts\/12084","targetHints":{"allow":["GET"]}}],"collection":[{"href":"https:\/\/losperiodistas.com.mx\/portal\/wp-json\/wp\/v2\/posts"}],"about":[{"href":"https:\/\/losperiodistas.com.mx\/portal\/wp-json\/wp\/v2\/types\/post"}],"author":[{"embeddable":true,"href":"https:\/\/losperiodistas.com.mx\/portal\/wp-json\/wp\/v2\/users\/1"}],"replies":[{"embeddable":true,"href":"https:\/\/losperiodistas.com.mx\/portal\/wp-json\/wp\/v2\/comments?post=12084"}],"version-history":[{"count":1,"href":"https:\/\/losperiodistas.com.mx\/portal\/wp-json\/wp\/v2\/posts\/12084\/revisions"}],"predecessor-version":[{"id":12086,"href":"https:\/\/losperiodistas.com.mx\/portal\/wp-json\/wp\/v2\/posts\/12084\/revisions\/12086"}],"wp:featuredmedia":[{"embeddable":true,"href":"https:\/\/losperiodistas.com.mx\/portal\/wp-json\/wp\/v2\/media\/12085"}],"wp:attachment":[{"href":"https:\/\/losperiodistas.com.mx\/portal\/wp-json\/wp\/v2\/media?parent=12084"}],"wp:term":[{"taxonomy":"category","embeddable":true,"href":"https:\/\/losperiodistas.com.mx\/portal\/wp-json\/wp\/v2\/categories?post=12084"},{"taxonomy":"post_tag","embeddable":true,"href":"https:\/\/losperiodistas.com.mx\/portal\/wp-json\/wp\/v2\/tags?post=12084"}],"curies":[{"name":"wp","href":"https:\/\/api.w.org\/{rel}","templated":true}]}}