{"id":12073,"date":"2021-08-25T05:22:02","date_gmt":"2021-08-25T10:22:02","guid":{"rendered":"http:\/\/losperiodistas.com.mx\/portal\/?p=12073"},"modified":"2021-08-25T05:30:29","modified_gmt":"2021-08-25T10:30:29","slug":"el-nino-de-la-portada-de-nevermind-denuncia-a-nirvana-por-pornografia-infantil-30-anos-despues-rtve","status":"publish","type":"post","link":"https:\/\/losperiodistas.com.mx\/portal\/el-nino-de-la-portada-de-nevermind-denuncia-a-nirvana-por-pornografia-infantil-30-anos-despues-rtve\/","title":{"rendered":"El ni\u00f1o de la portada de &#8216;Nevermind&#8217; denuncia a Nirvana por pornograf\u00eda infantil 30 a\u00f1os despu\u00e9s | RTVE"},"content":{"rendered":"\n<ul class=\"wp-block-list\" style=\"font-size:18px\"><li>Spencer Elden pide una indemnizaci\u00f3n al grupo por el uso de su imagen&nbsp;cuando ten\u00eda cuatro meses<\/li><li>La demanda tambi\u00e9n se\u00f1ala a Courtney Love, la entonces pareja de Kurt Cobain, como heredera de su patrimonio<\/li><\/ul>\n\n\n\n<figure class=\"wp-block-image size-large\"><img fetchpriority=\"high\" decoding=\"async\" width=\"1024\" height=\"576\" src=\"https:\/\/losperiodistas.com.mx\/portal\/wp-content\/uploads\/2021\/08\/Captura-de-Pantalla-2021-08-25-a-las-5.17.24-1024x576.jpg\" alt=\"\" class=\"wp-image-12074\" srcset=\"https:\/\/losperiodistas.com.mx\/portal\/wp-content\/uploads\/2021\/08\/Captura-de-Pantalla-2021-08-25-a-las-5.17.24-1024x576.jpg 1024w, https:\/\/losperiodistas.com.mx\/portal\/wp-content\/uploads\/2021\/08\/Captura-de-Pantalla-2021-08-25-a-las-5.17.24-300x169.jpg 300w, https:\/\/losperiodistas.com.mx\/portal\/wp-content\/uploads\/2021\/08\/Captura-de-Pantalla-2021-08-25-a-las-5.17.24-768x432.jpg 768w, https:\/\/losperiodistas.com.mx\/portal\/wp-content\/uploads\/2021\/08\/Captura-de-Pantalla-2021-08-25-a-las-5.17.24-1536x864.jpg 1536w, https:\/\/losperiodistas.com.mx\/portal\/wp-content\/uploads\/2021\/08\/Captura-de-Pantalla-2021-08-25-a-las-5.17.24-2048x1151.jpg 2048w\" sizes=\"(max-width: 1024px) 100vw, 1024px\" \/><\/figure>\n\n\n\n<p class=\"has-vivid-cyan-blue-color has-text-color has-medium-font-size\">EFE \/ RTVE<\/p>\n\n\n\n<p><strong>Spencer Elden<\/strong>,&nbsp;<strong>el famoso beb\u00e9 de la portada del disco&nbsp;<em>Nevermind&nbsp;<\/em>(1991) de Nirvana<\/strong>, ha denunciado este martes al grupo de m\u00fasica&nbsp;<strong>acusando a sus integrantes de<\/strong>&nbsp;<strong>pornograf\u00eda infantil<\/strong>. Seg\u00fan la demanda presentada por el joven, que ahora tiene 30 a\u00f1os, los artistas presuntamente se sirvieron \u00abde la impactante naturaleza de su imagen\u00bb para promocionar sus canciones a costa de Spencer. Asimismo, el documento sostiene que los acusados contin\u00faan hoy d\u00eda benefici\u00e1ndose de la&nbsp;<strong>comercializaci\u00f3n \u00abde la explotaci\u00f3n sexual\u00bb de la fotograf\u00eda<\/strong>.<\/p>\n\n\n\n<p>La demanda se\u00f1ala tanto a la formaci\u00f3n cl\u00e1sica de Nirvana, constituida por&nbsp;<strong>Dave Grohl<\/strong>,&nbsp;<strong>Krist Novoselic&nbsp;<\/strong>y el legendario&nbsp;<strong>Kurt Cobain (1967-1994)<\/strong>, como al fot\u00f3grafo que tom\u00f3 la imagen,&nbsp;<strong>Kirk Weddle<\/strong>. Extra\u00f1amente, la denuncia tambi\u00e9n acusa a&nbsp;<strong>Chad Channing<\/strong>, que fue bater\u00eda de Nirvana en sus primeros a\u00f1os y que abandon\u00f3 la formaci\u00f3n en 1990, es decir, antes de que se editara el disco del que fue portada Spencer.&nbsp;<strong>La entonces pareja&nbsp;de Cobain, Courtney Love<\/strong>, ha sido denunciada por Elden al ser heredera del patrimonio del cantante.<\/p>\n\n\n\n<figure class=\"wp-block-image size-large\"><img decoding=\"async\" width=\"631\" height=\"1024\" src=\"https:\/\/losperiodistas.com.mx\/portal\/wp-content\/uploads\/2021\/08\/Captura-de-Pantalla-2021-08-25-a-las-5.19.15-631x1024.jpg\" alt=\"\" class=\"wp-image-12075\" srcset=\"https:\/\/losperiodistas.com.mx\/portal\/wp-content\/uploads\/2021\/08\/Captura-de-Pantalla-2021-08-25-a-las-5.19.15-631x1024.jpg 631w, https:\/\/losperiodistas.com.mx\/portal\/wp-content\/uploads\/2021\/08\/Captura-de-Pantalla-2021-08-25-a-las-5.19.15-185x300.jpg 185w, https:\/\/losperiodistas.com.mx\/portal\/wp-content\/uploads\/2021\/08\/Captura-de-Pantalla-2021-08-25-a-las-5.19.15-768x1246.jpg 768w, https:\/\/losperiodistas.com.mx\/portal\/wp-content\/uploads\/2021\/08\/Captura-de-Pantalla-2021-08-25-a-las-5.19.15-947x1536.jpg 947w, https:\/\/losperiodistas.com.mx\/portal\/wp-content\/uploads\/2021\/08\/Captura-de-Pantalla-2021-08-25-a-las-5.19.15.jpg 1102w\" sizes=\"(max-width: 631px) 100vw, 631px\" \/><\/figure>\n\n\n\n<h3 class=\"wp-block-heading\"><strong>Elden aparec\u00eda desnudo en una piscina<\/strong><\/h3>\n\n\n\n<p><strong>La portada de&nbsp;<em>Nevermind<\/em><\/strong>, considerada como&nbsp;<strong>una de las m\u00e1s ic\u00f3nicas de la historia del rock<\/strong>, muestra a un&nbsp;<strong>beb\u00e9 de cuatro meses desnudo buceando en una piscina y a la caza de un billete<\/strong>&nbsp;de un d\u00f3lar. Esta c\u00e9lebre imagen fue incluso recreada por el propio Spencer Elden en 2016, como homenaje a los 25 a\u00f1os del \u00e1lbum, aunque lo hizo totalmente vestido. Seg\u00fan ha recogido el New York Post, en aquel momento Elden quer\u00eda hacerlo desnudo, pero el fot\u00f3grafo \u00abpens\u00f3 que ser\u00eda raro\u00bb.<\/p>\n\n\n\n<figure class=\"wp-block-image size-large\"><img decoding=\"async\" width=\"629\" height=\"1024\" src=\"https:\/\/losperiodistas.com.mx\/portal\/wp-content\/uploads\/2021\/08\/Captura-de-Pantalla-2021-08-25-a-las-5.19.28-629x1024.jpg\" alt=\"\" class=\"wp-image-12076\" srcset=\"https:\/\/losperiodistas.com.mx\/portal\/wp-content\/uploads\/2021\/08\/Captura-de-Pantalla-2021-08-25-a-las-5.19.28-629x1024.jpg 629w, https:\/\/losperiodistas.com.mx\/portal\/wp-content\/uploads\/2021\/08\/Captura-de-Pantalla-2021-08-25-a-las-5.19.28-184x300.jpg 184w, https:\/\/losperiodistas.com.mx\/portal\/wp-content\/uploads\/2021\/08\/Captura-de-Pantalla-2021-08-25-a-las-5.19.28-768x1250.jpg 768w, https:\/\/losperiodistas.com.mx\/portal\/wp-content\/uploads\/2021\/08\/Captura-de-Pantalla-2021-08-25-a-las-5.19.28-943x1536.jpg 943w, https:\/\/losperiodistas.com.mx\/portal\/wp-content\/uploads\/2021\/08\/Captura-de-Pantalla-2021-08-25-a-las-5.19.28.jpg 1108w\" sizes=\"(max-width: 629px) 100vw, 629px\" \/><\/figure>\n\n\n\n<p>\u00abEl aniversario significa algo para m\u00ed. Es extra\u00f1o que hiciese esto cinco minutos cuando ten\u00eda cuatro meses y se haya convertido en una imagen ic\u00f3nica\u00bb, dijo entonces&nbsp;<strong>Spencer<\/strong>. No obstante, el joven ha expresado tambi\u00e9n en diversas ocasiones su disgusto por estar vinculado a la imagen y ahora&nbsp;<strong>busca una indemnizaci\u00f3n por \u00ablos da\u00f1os que ha sufrido y seguir\u00e1 sufriendo de por vida\u00bb.<\/strong><\/p>\n\n\n\n<p>De acuerdo con el\u00a0<a href=\"https:\/\/nypost.com\/2016\/09\/23\/nirvana-baby-recreates-iconic-album-cover-25-years-later\/\" target=\"_blank\" rel=\"noreferrer noopener\">NYP<\/a>,\u00a0<strong>el padre de Elden era amigo del fot\u00f3grafo Kirk Weddle<\/strong>\u00a0y la familia fue retribuida \u00fanicamente con\u00a0<strong>200 d\u00f3lares<\/strong>, la misma cantidad que John Chapple ofreci\u00f3 a Elden en 2016. El \u00e9xito de\u00a0<em>Nevermind<\/em>, que contaba con canciones como\u00a0<em>Smells like teen spirit<\/em>\u00a0y<em>\u00a0Come as you are\u00a0<\/em>catapult\u00f3 a la fama al entonces desconocido Nirvana y\u00a0<strong>vendi\u00f3 m\u00e1s de 30 millones de copias en todo el mundo.<\/strong>\u00a0<\/p>\n\n\n\n<figure class=\"wp-block-image size-large\"><img loading=\"lazy\" decoding=\"async\" width=\"1024\" height=\"573\" src=\"https:\/\/losperiodistas.com.mx\/portal\/wp-content\/uploads\/2021\/08\/Captura-de-Pantalla-2021-08-25-a-las-5.29.19-1024x573.jpg\" alt=\"\" class=\"wp-image-12082\" srcset=\"https:\/\/losperiodistas.com.mx\/portal\/wp-content\/uploads\/2021\/08\/Captura-de-Pantalla-2021-08-25-a-las-5.29.19-1024x573.jpg 1024w, https:\/\/losperiodistas.com.mx\/portal\/wp-content\/uploads\/2021\/08\/Captura-de-Pantalla-2021-08-25-a-las-5.29.19-300x168.jpg 300w, https:\/\/losperiodistas.com.mx\/portal\/wp-content\/uploads\/2021\/08\/Captura-de-Pantalla-2021-08-25-a-las-5.29.19-768x430.jpg 768w, https:\/\/losperiodistas.com.mx\/portal\/wp-content\/uploads\/2021\/08\/Captura-de-Pantalla-2021-08-25-a-las-5.29.19.jpg 1512w\" sizes=\"(max-width: 1024px) 100vw, 1024px\" \/><\/figure>\n\n\n\n<p><a href=\"https:\/\/www.rtve.es\/play\/videos\/musica-en-el-archivo-de-rtve\/entrevista-nirvana-rapido-1992\/467131\/\">https:\/\/www.rtve.es\/play\/videos\/musica-en-el-archivo-de-rtve\/entrevista-nirvana-rapido-1992\/467131\/<\/a><\/p>\n\n\n\n<p>Entrevista a Nirvana en &#8216;R\u00e1pido&#8217;<\/p>\n\n\n\n<p>Fuente: https:\/\/www.rtve.es\/noticias\/20210825\/nino-portada-nevermind-denuncia-nirvana-pornografia-infantil-30-anos-despues\/2164941.shtml<\/p>\n","protected":false},"excerpt":{"rendered":"<p>Spencer Elden pide una indemnizaci\u00f3n al grupo por el uso de su imagen&nbsp;cuando ten\u00eda cuatro meses La demanda tambi\u00e9n se\u00f1ala [&hellip;]<\/p>\n","protected":false},"author":1,"featured_media":12074,"comment_status":"open","ping_status":"open","sticky":false,"template":"","format":"standard","meta":{"site-sidebar-layout":"default","site-content-layout":"","ast-site-content-layout":"default","site-content-style":"default","site-sidebar-style":"default","ast-global-header-display":"","ast-banner-title-visibility":"","ast-main-header-display":"","ast-hfb-above-header-display":"","ast-hfb-below-header-display":"","ast-hfb-mobile-header-display":"","site-post-title":"","ast-breadcrumbs-content":"","ast-featured-img":"","footer-sml-layout":"","theme-transparent-header-meta":"","adv-header-id-meta":"","stick-header-meta":"","header-above-stick-meta":"","header-main-stick-meta":"","header-below-stick-meta":"","astra-migrate-meta-layouts":"default","ast-page-background-enabled":"default","ast-page-background-meta":{"desktop":{"background-color":"var(--ast-global-color-4)","background-image":"","background-repeat":"repeat","background-position":"center center","background-size":"auto","background-attachment":"scroll","background-type":"","background-media":"","overlay-type":"","overlay-color":"","overlay-opacity":"","overlay-gradient":""},"tablet":{"background-color":"","background-image":"","background-repeat":"repeat","background-position":"center center","background-size":"auto","background-attachment":"scroll","background-type":"","background-media":"","overlay-type":"","overlay-color":"","overlay-opacity":"","overlay-gradient":""},"mobile":{"background-color":"","background-image":"","background-repeat":"repeat","background-position":"center center","background-size":"auto","background-attachment":"scroll","background-type":"","background-media":"","overlay-type":"","overlay-color":"","overlay-opacity":"","overlay-gradient":""}},"ast-content-background-meta":{"desktop":{"background-color":"var(--ast-global-color-5)","background-image":"","background-repeat":"repeat","background-position":"center center","background-size":"auto","background-attachment":"scroll","background-type":"","background-media":"","overlay-type":"","overlay-color":"","overlay-opacity":"","overlay-gradient":""},"tablet":{"background-color":"var(--ast-global-color-5)","background-image":"","background-repeat":"repeat","background-position":"center center","background-size":"auto","background-attachment":"scroll","background-type":"","background-media":"","overlay-type":"","overlay-color":"","overlay-opacity":"","overlay-gradient":""},"mobile":{"background-color":"var(--ast-global-color-5)","background-image":"","background-repeat":"repeat","background-position":"center center","background-size":"auto","background-attachment":"scroll","background-type":"","background-media":"","overlay-type":"","overlay-color":"","overlay-opacity":"","overlay-gradient":""}},"footnotes":""},"categories":[8],"tags":[3525,3526,3523,3524],"class_list":["post-12073","post","type-post","status-publish","format-standard","has-post-thumbnail","hentry","category-noticias","tag-explotacion-sexual","tag-kurt-cobain","tag-nirvana","tag-spencer-elden"],"_links":{"self":[{"href":"https:\/\/losperiodistas.com.mx\/portal\/wp-json\/wp\/v2\/posts\/12073","targetHints":{"allow":["GET"]}}],"collection":[{"href":"https:\/\/losperiodistas.com.mx\/portal\/wp-json\/wp\/v2\/posts"}],"about":[{"href":"https:\/\/losperiodistas.com.mx\/portal\/wp-json\/wp\/v2\/types\/post"}],"author":[{"embeddable":true,"href":"https:\/\/losperiodistas.com.mx\/portal\/wp-json\/wp\/v2\/users\/1"}],"replies":[{"embeddable":true,"href":"https:\/\/losperiodistas.com.mx\/portal\/wp-json\/wp\/v2\/comments?post=12073"}],"version-history":[{"count":2,"href":"https:\/\/losperiodistas.com.mx\/portal\/wp-json\/wp\/v2\/posts\/12073\/revisions"}],"predecessor-version":[{"id":12083,"href":"https:\/\/losperiodistas.com.mx\/portal\/wp-json\/wp\/v2\/posts\/12073\/revisions\/12083"}],"wp:featuredmedia":[{"embeddable":true,"href":"https:\/\/losperiodistas.com.mx\/portal\/wp-json\/wp\/v2\/media\/12074"}],"wp:attachment":[{"href":"https:\/\/losperiodistas.com.mx\/portal\/wp-json\/wp\/v2\/media?parent=12073"}],"wp:term":[{"taxonomy":"category","embeddable":true,"href":"https:\/\/losperiodistas.com.mx\/portal\/wp-json\/wp\/v2\/categories?post=12073"},{"taxonomy":"post_tag","embeddable":true,"href":"https:\/\/losperiodistas.com.mx\/portal\/wp-json\/wp\/v2\/tags?post=12073"}],"curies":[{"name":"wp","href":"https:\/\/api.w.org\/{rel}","templated":true}]}}