{"id":12060,"date":"2021-08-24T14:36:56","date_gmt":"2021-08-24T19:36:56","guid":{"rendered":"http:\/\/losperiodistas.com.mx\/portal\/?p=12060"},"modified":"2021-08-24T14:36:58","modified_gmt":"2021-08-24T19:36:58","slug":"nuevo-incendio-en-instalaciones-de-pemex-confirma-la-urgencia-de-una-transicion-energetica-con-menos-fosiles-greenpeace-el-economista","status":"publish","type":"post","link":"https:\/\/losperiodistas.com.mx\/portal\/nuevo-incendio-en-instalaciones-de-pemex-confirma-la-urgencia-de-una-transicion-energetica-con-menos-fosiles-greenpeace-el-economista\/","title":{"rendered":"Nuevo incendio en instalaciones de Pemex confirma la urgencia de una transici\u00f3n energ\u00e9tica con menos f\u00f3siles: Greenpeace | El Economista"},"content":{"rendered":"\n<p style=\"font-size:18px\"><em>El incendio ocurrido este fin de semana en la Plataforma E-Ku A2 del Centro de Proceso Ku-A, perteneciente al Activo de Producci\u00f3n Ku-Maloob-Zaap, ubicada en la Sonda de Campeche de Pemex, donde lamentablemente murieron cinco personas, demuestra nuevamente la urgencia de cambiar de modelo energ\u00e9tico, seg\u00fan la organizaci\u00f3n ambientalista Greenpeace.<\/em><\/p>\n\n\n\n<p><\/p>\n\n\n\n<figure class=\"wp-block-image size-large\"><img fetchpriority=\"high\" decoding=\"async\" width=\"1024\" height=\"572\" src=\"https:\/\/losperiodistas.com.mx\/portal\/wp-content\/uploads\/2021\/08\/Captura-de-Pantalla-2021-08-24-a-las-14.34.34-1024x572.jpg\" alt=\"\" class=\"wp-image-12061\" srcset=\"https:\/\/losperiodistas.com.mx\/portal\/wp-content\/uploads\/2021\/08\/Captura-de-Pantalla-2021-08-24-a-las-14.34.34-1024x572.jpg 1024w, https:\/\/losperiodistas.com.mx\/portal\/wp-content\/uploads\/2021\/08\/Captura-de-Pantalla-2021-08-24-a-las-14.34.34-300x168.jpg 300w, https:\/\/losperiodistas.com.mx\/portal\/wp-content\/uploads\/2021\/08\/Captura-de-Pantalla-2021-08-24-a-las-14.34.34-768x429.jpg 768w, https:\/\/losperiodistas.com.mx\/portal\/wp-content\/uploads\/2021\/08\/Captura-de-Pantalla-2021-08-24-a-las-14.34.34.jpg 1522w\" sizes=\"(max-width: 1024px) 100vw, 1024px\" \/><\/figure>\n\n\n\n<p class=\"has-vivid-cyan-blue-color has-text-color has-medium-font-size\">KAROL GARC\u00cdA \/ EL ECONOMISTA<\/p>\n\n\n\n<p>El incendio ocurrido este fin de semana en la Plataforma E-Ku A2 del Centro de Proceso Ku-A, perteneciente al Activo de Producci\u00f3n Ku-Maloob-Zaap, ubicada en la Sonda de Campeche de&nbsp;<strong>Pemex<\/strong>, donde lamentablemente murieron cinco personas, demuestra nuevamente la urgencia de cambiar de modelo energ\u00e9tico, seg\u00fan la organizaci\u00f3n ambientalista&nbsp;<strong>Greenpeace<\/strong>.<\/p>\n\n\n\n<p>\u00abLamentamos los hechos y nos solidarizamos ampliamente con las familias de las v\u00edctimas,&nbsp;<a href=\"https:\/\/www.eleconomista.com.mx\/empresas\/Crudo-que-Pemex-deja-de-producir-por-incendio-vale-25-millones-de-dolares-diarios-20210824-0011.html\" target=\"_blank\" rel=\"noreferrer noopener\">reiterando que el modelo energ\u00e9tico extractivista&nbsp; f\u00f3sil<\/a>, es la causa de este tipo de incidentes que no s\u00f3lo ponen en riesgo la integridad f\u00edsica de las y los trabajadores, sino tiene el potencial de generar graves da\u00f1os ambientales\u00bb, expuso la organizaci\u00f3n.<\/p>\n\n\n\n<p>Hasta la \u00faltima actualizaci\u00f3n de informaci\u00f3n de&nbsp;<strong>Pemex<\/strong>,&nbsp;<a href=\"https:\/\/www.eleconomista.com.mx\/empresas\/Pemex-confirma-la-muerte-de-5-personas-por-el-incendio-en-plataforma-maritima-en-Campeche-20210823-0054.html\" target=\"_blank\" rel=\"noreferrer noopener\">hasta este martes se cuentan cinco muertos, seis personas m\u00e1s heridas<\/a>&nbsp;(uno de ellos de gravedad) y otras dos desaparecidas.<\/p>\n\n\n\n<p>Al respecto, Pablo Ram\u00edrez, Especialista en Energ\u00eda y Cambio Clim\u00e1tico de&nbsp;<strong>Greenpeace M\u00e9xico<\/strong>&nbsp;se\u00f1al\u00f3: \u201cDesafortunadamente este tipo de incidentes no son una excepci\u00f3n, son frecuentes y tienen impactos graves en las y los trabajadores del sector, en las comunidades que habitan pr\u00f3ximas a los proyectos energ\u00e9ticos onshore y a los ecosistemas donde est\u00e1n asentados. El modelo energ\u00e9tico f\u00f3sil sacrifica personas, ecosistemas, comunidades y generaciones enteras en nombre del desarrollo que beneficia a unos cuantos. Es urgente actuar con apego a la ciencia, pero sobre todo con apego a la justicia y transitar hacia un modelo energ\u00e9tico clim\u00e1ticamente sustentable y socialmente justo\u201d.<\/p>\n\n\n\n<p>\u00c9ste es el segundo accidente grave ocurrido en las mismas instalaciones de&nbsp;<strong>Pemex<\/strong>&nbsp;en la sonda de Campeche en menos de dos meses. Como se recordar\u00e1, el 2 de julio pasado, un incendio debido a la falla de una v\u00e1lvula, provoc\u00f3 en esa ocasi\u00f3n el llamado \u201cOjo de Fuego\u201d. Hasta este momento, Pemex no ha dado a conocer informaci\u00f3n oficial de lo ocurrido y sus consecuencias, aunque Greenpeace M\u00e9xico asegur\u00f3 que ha solicitado informaci\u00f3n detallada v\u00eda Derecho de Acceso a la Informaci\u00f3n, para conocer de primera mano y con datos oficiales las razones del accidente, as\u00ed como sus consecuencias medioambientales.<\/p>\n\n\n\n<figure class=\"wp-block-image\"><img decoding=\"async\" src=\"https:\/\/www.eleconomista.com.mx\/export\/sites\/eleconomista\/img\/2021\/08\/23\/seguro_contra_danxos_pemex_lo_gestionara_mapfre.png_1210922209.png\" alt=\"\" title=\"\"\/><\/figure>\n\n\n\n<p><a href=\"mailto:karol.garcia@eleconomista.mx\" target=\"_blank\" rel=\"noreferrer noopener\">karol.garcia@eleconomista.mx<\/a><\/p>\n\n\n\n<p>Fuente: https:\/\/www.eleconomista.com.mx\/empresas\/Nuevo-incendio-en-instalaciones-de-Pemex-confirma-la-urgencia-de-una-transicion-energetica-con-menos-fosiles-Greenpeace-20210824-0058.html<\/p>\n","protected":false},"excerpt":{"rendered":"<p>El incendio ocurrido este fin de semana en la Plataforma E-Ku A2 del Centro de Proceso Ku-A, perteneciente al Activo [&hellip;]<\/p>\n","protected":false},"author":1,"featured_media":12061,"comment_status":"open","ping_status":"open","sticky":false,"template":"","format":"standard","meta":{"site-sidebar-layout":"default","site-content-layout":"","ast-site-content-layout":"default","site-content-style":"default","site-sidebar-style":"default","ast-global-header-display":"","ast-banner-title-visibility":"","ast-main-header-display":"","ast-hfb-above-header-display":"","ast-hfb-below-header-display":"","ast-hfb-mobile-header-display":"","site-post-title":"","ast-breadcrumbs-content":"","ast-featured-img":"","footer-sml-layout":"","theme-transparent-header-meta":"","adv-header-id-meta":"","stick-header-meta":"","header-above-stick-meta":"","header-main-stick-meta":"","header-below-stick-meta":"","astra-migrate-meta-layouts":"default","ast-page-background-enabled":"default","ast-page-background-meta":{"desktop":{"background-color":"var(--ast-global-color-4)","background-image":"","background-repeat":"repeat","background-position":"center center","background-size":"auto","background-attachment":"scroll","background-type":"","background-media":"","overlay-type":"","overlay-color":"","overlay-opacity":"","overlay-gradient":""},"tablet":{"background-color":"","background-image":"","background-repeat":"repeat","background-position":"center center","background-size":"auto","background-attachment":"scroll","background-type":"","background-media":"","overlay-type":"","overlay-color":"","overlay-opacity":"","overlay-gradient":""},"mobile":{"background-color":"","background-image":"","background-repeat":"repeat","background-position":"center center","background-size":"auto","background-attachment":"scroll","background-type":"","background-media":"","overlay-type":"","overlay-color":"","overlay-opacity":"","overlay-gradient":""}},"ast-content-background-meta":{"desktop":{"background-color":"var(--ast-global-color-5)","background-image":"","background-repeat":"repeat","background-position":"center center","background-size":"auto","background-attachment":"scroll","background-type":"","background-media":"","overlay-type":"","overlay-color":"","overlay-opacity":"","overlay-gradient":""},"tablet":{"background-color":"var(--ast-global-color-5)","background-image":"","background-repeat":"repeat","background-position":"center center","background-size":"auto","background-attachment":"scroll","background-type":"","background-media":"","overlay-type":"","overlay-color":"","overlay-opacity":"","overlay-gradient":""},"mobile":{"background-color":"var(--ast-global-color-5)","background-image":"","background-repeat":"repeat","background-position":"center center","background-size":"auto","background-attachment":"scroll","background-type":"","background-media":"","overlay-type":"","overlay-color":"","overlay-opacity":"","overlay-gradient":""}},"footnotes":""},"categories":[8],"tags":[3521,3520,2496,1706,2495],"class_list":["post-12060","post","type-post","status-publish","format-standard","has-post-thumbnail","hentry","category-noticias","tag-energia-fosil","tag-greenpeace","tag-ku-maloob-zaap","tag-pemex","tag-sonda-de-campeche"],"_links":{"self":[{"href":"https:\/\/losperiodistas.com.mx\/portal\/wp-json\/wp\/v2\/posts\/12060","targetHints":{"allow":["GET"]}}],"collection":[{"href":"https:\/\/losperiodistas.com.mx\/portal\/wp-json\/wp\/v2\/posts"}],"about":[{"href":"https:\/\/losperiodistas.com.mx\/portal\/wp-json\/wp\/v2\/types\/post"}],"author":[{"embeddable":true,"href":"https:\/\/losperiodistas.com.mx\/portal\/wp-json\/wp\/v2\/users\/1"}],"replies":[{"embeddable":true,"href":"https:\/\/losperiodistas.com.mx\/portal\/wp-json\/wp\/v2\/comments?post=12060"}],"version-history":[{"count":1,"href":"https:\/\/losperiodistas.com.mx\/portal\/wp-json\/wp\/v2\/posts\/12060\/revisions"}],"predecessor-version":[{"id":12062,"href":"https:\/\/losperiodistas.com.mx\/portal\/wp-json\/wp\/v2\/posts\/12060\/revisions\/12062"}],"wp:featuredmedia":[{"embeddable":true,"href":"https:\/\/losperiodistas.com.mx\/portal\/wp-json\/wp\/v2\/media\/12061"}],"wp:attachment":[{"href":"https:\/\/losperiodistas.com.mx\/portal\/wp-json\/wp\/v2\/media?parent=12060"}],"wp:term":[{"taxonomy":"category","embeddable":true,"href":"https:\/\/losperiodistas.com.mx\/portal\/wp-json\/wp\/v2\/categories?post=12060"},{"taxonomy":"post_tag","embeddable":true,"href":"https:\/\/losperiodistas.com.mx\/portal\/wp-json\/wp\/v2\/tags?post=12060"}],"curies":[{"name":"wp","href":"https:\/\/api.w.org\/{rel}","templated":true}]}}