{"id":12052,"date":"2021-08-24T07:58:54","date_gmt":"2021-08-24T12:58:54","guid":{"rendered":"http:\/\/losperiodistas.com.mx\/portal\/?p=12052"},"modified":"2021-08-24T07:58:55","modified_gmt":"2021-08-24T12:58:55","slug":"y-si-el-paciente-cero-eres-tu","status":"publish","type":"post","link":"https:\/\/losperiodistas.com.mx\/portal\/y-si-el-paciente-cero-eres-tu\/","title":{"rendered":"\u00bfY si el paciente cero eres t\u00fa?"},"content":{"rendered":"\n<p class=\"has-medium-font-size\">H\u00e9roes individuales vs h\u00e9roes colectivos<\/p>\n\n\n\n<p class=\"has-vivid-cyan-blue-color has-text-color\" style=\"font-size:26px\"><strong>Por Jos\u00e9 Ojeda Bustamante<\/strong><\/p>\n\n\n\n<p>Como cada semana desde las ant\u00edpodas, agradezco el espacio para compartir una mirada del acontecer nacional, con una perspectiva social y cr\u00edtica a aquellos problemas y desaf\u00edos que vivimos en nuestra joven e incipiente democracia.<\/p>\n\n\n\n<p>El 17 de noviembre del a\u00f1o 2019 en la provincia de Wuhan, China a m\u00e1s de 13,407 Kil\u00f3metros de M\u00e9xico, un virus desconocido entr\u00f3 en el cuerpo de un hombre de 55 a\u00f1os cuyo nombre tambi\u00e9n desconocemos. Es el paciente cero de Covid-19. Hace casi dos a\u00f1os de este acontecimiento.<\/p>\n\n\n\n<p>Una Pandemia que a la fecha lleva cobradas cerca de 253 mil vidas de manera oficial s\u00f3lo en M\u00e9xico, y m\u00e1s de 4 millones de vidas a nivel mundial.<\/p>\n\n\n\n<p>De mencionar estos n\u00fameros, es inevitable experimentar una sensaci\u00f3n de v\u00e9rtigo ante un escenario que absolutamente ning\u00fan ciudadano pod\u00eda concebir unos a\u00f1os antes, pero que un grupo de intelectuales como Boaventura de Sousa Santos o Juan Carlos Monedero ya nos se\u00f1alaban hace unos a\u00f1os.<\/p>\n\n\n\n<p>Y es que sucede que las Pandemias no se dan en aislado y que quiz\u00e1s ese paciente cero de Wuhan realmente era consecuencia de un modelo econ\u00f3mico y pol\u00edtico que lleva ya mucho tiempo haciendo aguas. La pregunta surge entonces<\/p>\n\n\n\n<p><strong>\u00bfY si el paciente cero eres t\u00fa?<\/strong><\/p>\n\n\n\n<p>Decir que el paciente cero eres t\u00fa, o yo o cualquier ciudadano de pie en esta aldea global llamada mundo, quiere decir que la misma capacidad de contagio del covid-19 se ha expresado por lo menos en cuatro \u00e1mbitos que llevan mucho tiempo caminando juntos y en la cual todos estamos implicados en tanto los padecemos, ahora de manera m\u00e1s aguda y lacerante.<\/p>\n\n\n\n<p>La crisis del coronavirus se ha expresado, <strong>en primer lugar, como una crisis sanitaria,<\/strong> que evidencia de manera alarmante el precio que los ciudadanos hemos de pagar por la privatizaci\u00f3n de la salud, as\u00ed como la vulnerabilidad de una red p\u00fablica de salud, que para nuestro pa\u00eds si bien existe, ha estado descuidada y abandonada y s\u00f3lo ahora evidencia que la universalizaci\u00f3n de la salud es una agenda prioritaria no sujeta a discusi\u00f3n.<\/p>\n\n\n\n<p><strong>En segundo lugar, la crisis del coronavirus evidencia una ruptura de las garant\u00edas de las cadenas alimentarias provocada por la devastaci\u00f3n medioambiental<\/strong>. No es casualidad que el virus del Covid-19 haya surgido de un mercado de animales vivos que tiene detr\u00e1s un consumo que ha roto y fracturado las barreras que la naturaleza creaba ante estos virus y que nos manten\u00edan a salvo de su capacidad letal. Si prestamos un poco de atenci\u00f3n a las \u00faltimas Pandemias, podemos darnos cuenta de este fino hilo que las une.<\/p>\n\n\n\n<p>Tanto el SIDA, como el SARS, las vacas locas; la gripe aviar, el \u00c9bola, el covid-19 y las subsecuentes Pandemias se expresan como resultado de un modelo alimentario sometido a la privatizaci\u00f3n y mercantilizaci\u00f3n total de las cadenas alimenticias.<\/p>\n\n\n\n<p><strong>Tercero. Esta crisis expresa tambi\u00e9n una tensi\u00f3n entre la actividad econ\u00f3mica basada estrictamente en la b\u00fasqueda del beneficio y el sostenimiento de la vida<\/strong>. No es que esto sea una novedad, sino que el covid-19 ha puesto en el foco las enormes dificultades que est\u00e1n atravesando millones de seres humanos con o sin presencia del coronavirus; y que la estrategia deliberada de lanzar los problemas o las consecuencias de nuestro modelo a futuras generaciones, simplemente ya no es posible, sino \u00e9ticamente cuestionable.<\/p>\n\n\n\n<p>Como lo mencionamos en otra ocasi\u00f3n con la pol\u00edtica del avestruz que esconde la cabeza en la tierra pensando as\u00ed que los problemas no existen, aunque su cuerpo es para todos evidente. hoy en d\u00eda un comportamiento as\u00ed ya no es posible. Lo vemos con el <strong>Hurac\u00e1n Grace<\/strong>, un fen\u00f3meno extremo <strong>cuyas causas se pueden rastrear en el comportamiento humano<\/strong>. Siguiendo el s\u00edmil del Avestruz sucede ahora que, si de negar la realidad se trata, un fen\u00f3meno como Grace, con sus potentes rachas, se lleva al avestruz entera, aunque tenga \u00e9sta su cabeza oculta en el suelo.<\/p>\n\n\n\n<p>Tampoco es que h\u00e9roes vengan a salvarnos. Lamentablemente y a riesgo de sonar pesimista; los Vengadores y esos poderes que de manera excepcional salvan al mundo, s\u00f3lo existen las pantallas o en los comics.<\/p>\n\n\n\n<p>La realidad nos muestra que <strong>los h\u00e9roes han de ser humanos<\/strong>, con valent\u00eda s\u00ed, pero sin la pretensi\u00f3n de superponerse. M\u00e1s a\u00fan, <strong>no H\u00e9roes individuales sino h\u00e9roes colectivos<\/strong>.<\/p>\n\n\n\n<p>Finalmente, el Covid-19 ha dado pie a darnos cuenta que los Estados nacionales se muestran insuficientes para dar una respuesta a problemas cada vez m\u00e1s globales. Porque el virus traspasa las fronteras, pero tambi\u00e9n las traspasa el Cambio Clim\u00e1tico o el terrorismo. Esto no hace sino evidenciar que la suerte de los dem\u00e1s ya es tambi\u00e9n la suerte de cada uno.<\/p>\n\n\n\n<p>Quiz\u00e1s haya llegado el momento de <strong>considerar con seriedad una agenda distinta para los problemas que este mundo Pos Covid- 19<\/strong> nos demanda. Consientes de carencias esenciales y fundamentales que como humanidad vivimos, pero formuladas por lo menos en una clave distinta. Conviene preguntarse.<\/p>\n\n\n\n<figure class=\"wp-block-pullquote\"><blockquote><p>Frente a la rampante desigualdad mundial \u00bfHa llegado la hora de discutir la creaci\u00f3n de un ingreso \u00fanico universal para toda la ciudadan\u00eda?<\/p><p>Frente a la privatizaci\u00f3n de la salud y lo desastroso que es vivir en un mundo enfermo \u00bfEs momento de que la sanidad p\u00fablica pase a ser un derecho universal incuestionable?<\/p><p>Visto el ego\u00edsmo y desinter\u00e9s de lo p\u00fablico por el capital \u00bfconviene voltear la vista a la creaci\u00f3n de bancas p\u00fablicas nacionales?<\/p><\/blockquote><\/figure>\n\n\n\n<p>Vivimos un tiempo cr\u00edtico, un tiempo que nos urge una toma de posici\u00f3n ante la indignante madurez de la pobreza y la miseria de millones de personas en el mundo, la dolorosa madurez de la exclusi\u00f3n y de la explotaci\u00f3n de unos seres humanos a otros, un mundo que ciertamente es pesimista, pero que requiere respuestas realistas y esperanzadoras.<\/p>\n\n\n\n<p>Porque en definitiva si el miedo monologa, la esperanza dialoga; fomentemos lo segundo, y hagamos de lo primero, una escalera. @ojedapepe<\/p>\n","protected":false},"excerpt":{"rendered":"<p>H\u00e9roes individuales vs h\u00e9roes colectivos Por Jos\u00e9 Ojeda Bustamante Como cada semana desde las ant\u00edpodas, agradezco el espacio para compartir [&hellip;]<\/p>\n","protected":false},"author":1,"featured_media":12053,"comment_status":"open","ping_status":"open","sticky":false,"template":"","format":"standard","meta":{"site-sidebar-layout":"default","site-content-layout":"","ast-site-content-layout":"default","site-content-style":"default","site-sidebar-style":"default","ast-global-header-display":"","ast-banner-title-visibility":"","ast-main-header-display":"","ast-hfb-above-header-display":"","ast-hfb-below-header-display":"","ast-hfb-mobile-header-display":"","site-post-title":"","ast-breadcrumbs-content":"","ast-featured-img":"","footer-sml-layout":"","theme-transparent-header-meta":"","adv-header-id-meta":"","stick-header-meta":"","header-above-stick-meta":"","header-main-stick-meta":"","header-below-stick-meta":"","astra-migrate-meta-layouts":"default","ast-page-background-enabled":"default","ast-page-background-meta":{"desktop":{"background-color":"var(--ast-global-color-4)","background-image":"","background-repeat":"repeat","background-position":"center center","background-size":"auto","background-attachment":"scroll","background-type":"","background-media":"","overlay-type":"","overlay-color":"","overlay-opacity":"","overlay-gradient":""},"tablet":{"background-color":"","background-image":"","background-repeat":"repeat","background-position":"center center","background-size":"auto","background-attachment":"scroll","background-type":"","background-media":"","overlay-type":"","overlay-color":"","overlay-opacity":"","overlay-gradient":""},"mobile":{"background-color":"","background-image":"","background-repeat":"repeat","background-position":"center center","background-size":"auto","background-attachment":"scroll","background-type":"","background-media":"","overlay-type":"","overlay-color":"","overlay-opacity":"","overlay-gradient":""}},"ast-content-background-meta":{"desktop":{"background-color":"var(--ast-global-color-5)","background-image":"","background-repeat":"repeat","background-position":"center center","background-size":"auto","background-attachment":"scroll","background-type":"","background-media":"","overlay-type":"","overlay-color":"","overlay-opacity":"","overlay-gradient":""},"tablet":{"background-color":"var(--ast-global-color-5)","background-image":"","background-repeat":"repeat","background-position":"center center","background-size":"auto","background-attachment":"scroll","background-type":"","background-media":"","overlay-type":"","overlay-color":"","overlay-opacity":"","overlay-gradient":""},"mobile":{"background-color":"var(--ast-global-color-5)","background-image":"","background-repeat":"repeat","background-position":"center center","background-size":"auto","background-attachment":"scroll","background-type":"","background-media":"","overlay-type":"","overlay-color":"","overlay-opacity":"","overlay-gradient":""}},"footnotes":""},"categories":[1991,8],"tags":[3519],"class_list":["post-12052","post","type-post","status-publish","format-standard","has-post-thumbnail","hentry","category-en-las-antipodas","category-noticias","tag-paciente-cero"],"_links":{"self":[{"href":"https:\/\/losperiodistas.com.mx\/portal\/wp-json\/wp\/v2\/posts\/12052","targetHints":{"allow":["GET"]}}],"collection":[{"href":"https:\/\/losperiodistas.com.mx\/portal\/wp-json\/wp\/v2\/posts"}],"about":[{"href":"https:\/\/losperiodistas.com.mx\/portal\/wp-json\/wp\/v2\/types\/post"}],"author":[{"embeddable":true,"href":"https:\/\/losperiodistas.com.mx\/portal\/wp-json\/wp\/v2\/users\/1"}],"replies":[{"embeddable":true,"href":"https:\/\/losperiodistas.com.mx\/portal\/wp-json\/wp\/v2\/comments?post=12052"}],"version-history":[{"count":1,"href":"https:\/\/losperiodistas.com.mx\/portal\/wp-json\/wp\/v2\/posts\/12052\/revisions"}],"predecessor-version":[{"id":12054,"href":"https:\/\/losperiodistas.com.mx\/portal\/wp-json\/wp\/v2\/posts\/12052\/revisions\/12054"}],"wp:featuredmedia":[{"embeddable":true,"href":"https:\/\/losperiodistas.com.mx\/portal\/wp-json\/wp\/v2\/media\/12053"}],"wp:attachment":[{"href":"https:\/\/losperiodistas.com.mx\/portal\/wp-json\/wp\/v2\/media?parent=12052"}],"wp:term":[{"taxonomy":"category","embeddable":true,"href":"https:\/\/losperiodistas.com.mx\/portal\/wp-json\/wp\/v2\/categories?post=12052"},{"taxonomy":"post_tag","embeddable":true,"href":"https:\/\/losperiodistas.com.mx\/portal\/wp-json\/wp\/v2\/tags?post=12052"}],"curies":[{"name":"wp","href":"https:\/\/api.w.org\/{rel}","templated":true}]}}