{"id":12049,"date":"2021-08-24T07:42:40","date_gmt":"2021-08-24T12:42:40","guid":{"rendered":"http:\/\/losperiodistas.com.mx\/portal\/?p=12049"},"modified":"2021-08-24T07:42:41","modified_gmt":"2021-08-24T12:42:41","slug":"puebla-cuenta-ya-con-centro-policial-para-fortalecer-acciones-de-vigilancia-y-patrullaje","status":"publish","type":"post","link":"https:\/\/losperiodistas.com.mx\/portal\/puebla-cuenta-ya-con-centro-policial-para-fortalecer-acciones-de-vigilancia-y-patrullaje\/","title":{"rendered":"Puebla cuenta ya con centro policial para fortalecer acciones de vigilancia y patrullaje"},"content":{"rendered":"\n<p>El Ayuntamiento inaugur\u00f3 las instalaciones, se atender\u00e1 al centro de la ciudad<\/p>\n\n\n\n<p><\/p>\n\n\n\n<figure class=\"wp-block-image size-large\"><img fetchpriority=\"high\" decoding=\"async\" width=\"1024\" height=\"550\" src=\"https:\/\/losperiodistas.com.mx\/portal\/wp-content\/uploads\/2021\/08\/Captura-de-Pantalla-2021-08-24-a-las-7.38.18-1024x550.jpg\" alt=\"\" class=\"wp-image-12050\" srcset=\"https:\/\/losperiodistas.com.mx\/portal\/wp-content\/uploads\/2021\/08\/Captura-de-Pantalla-2021-08-24-a-las-7.38.18-1024x550.jpg 1024w, https:\/\/losperiodistas.com.mx\/portal\/wp-content\/uploads\/2021\/08\/Captura-de-Pantalla-2021-08-24-a-las-7.38.18-300x161.jpg 300w, https:\/\/losperiodistas.com.mx\/portal\/wp-content\/uploads\/2021\/08\/Captura-de-Pantalla-2021-08-24-a-las-7.38.18-768x413.jpg 768w, https:\/\/losperiodistas.com.mx\/portal\/wp-content\/uploads\/2021\/08\/Captura-de-Pantalla-2021-08-24-a-las-7.38.18-1536x825.jpg 1536w, https:\/\/losperiodistas.com.mx\/portal\/wp-content\/uploads\/2021\/08\/Captura-de-Pantalla-2021-08-24-a-las-7.38.18-2048x1100.jpg 2048w\" sizes=\"(max-width: 1024px) 100vw, 1024px\" \/><\/figure>\n\n\n\n<p class=\"has-vivid-cyan-blue-color has-text-color has-medium-font-size\">REDACCI\u00d3N<\/p>\n\n\n\n<p>Este d\u00eda, el Ayuntamiento de Puebla inaugur\u00f3 la Central de Despliegue Policial de la Regi\u00f3n Centro, un nuevo recinto para fortalecer la operatividad y los esquemas de proximidad social de la Secretar\u00eda de Seguridad Ciudadana.<\/p>\n\n\n\n<p>Sobre la dignificaci\u00f3n de estas instalaciones para las fuerzas municipales, la&nbsp;PresidentaMunicipal, Claudia Rivera Vivanco, destac\u00f3 que, gracias a la coordinaci\u00f3n intersecretarial se logr\u00f3 optimizar los recursos p\u00fablicos para consolidar espacios de vanguardia.<\/p>\n\n\n\n<p>Se trata de una infraestructura que ofrece espacios de desarrollo para actividades operativas y administrativas, tales como: \u00e1reas de atenci\u00f3n ciudadana, departamento de peritaje y de detenci\u00f3n, banco de armas, consultorio m\u00e9dico, dormitorios, regaderas, comedor, gimnasio, vestidores, sala de usos m\u00faltiples y estacionamiento.<\/p>\n\n\n\n<p>En total, se edific\u00f3 un \u00e1rea de mil 431 metros cuadrados, con una inversi\u00f3n municipal de 22 millones 758 mil 921 pesos.&nbsp;<\/p>\n\n\n\n<p>De acuerdo con la titular de la SSC, Mar\u00eda de Lourdes Rosales Mart\u00ednez, hasta 500 elementos adscritos a la regi\u00f3n centro de la Estrategia de Vectores de Proximidad se benefician de manera directa con infraestructura.<\/p>\n\n\n\n<p>De esta forma, se incide de manera positiva en el robustecimiento de las acciones de vigilancia, patrullaje estrat\u00e9gico, proximidad social y labores de inteligencia policial.<\/p>\n\n\n\n<p>Con estas acciones, el Ayuntamiento de Puebla ratifica su apuesta por la dignificaci\u00f3n y profesionalizaci\u00f3n de la Corporaci\u00f3n policial, a favor de la tranquilidad de las familias poblanas.<\/p>\n\n\n\n<p>A la inauguraci\u00f3n de la Central de Despliegue Policial de la Regi\u00f3n Centro, ubicado en la colonia Guadalupe Victoria, asisti\u00f3 Mar\u00eda del Carmen Castillo Moreno, en representaci\u00f3n de la Secretar\u00eda de Seguridad y Protecci\u00f3n Ciudadana del Gobierno de la Rep\u00fablica; Rafael Castellanos Paredes, teniente coronel comandante del Sexto Regimiento Blindado de Reconocimiento; el inspector general, David Barrera Acosta, en representaci\u00f3n de la Coordinaci\u00f3n Estatal de la Guardia Nacional; y Armando Garc\u00eda Pedroche, presidente del Consejo Ciudadano de Seguridad y Justicia del Estado de Puebla.<\/p>\n\n\n\n<p>Video: <a href=\"https:\/\/we.tl\/t-wxHlvpmVEU\" target=\"_blank\" rel=\"noreferrer noopener\">https:\/\/we.tl\/t-wxHlvpmVEU<\/a><\/p>\n\n\n\n<p>Fuente: https:\/\/www.pueblacapital.gob.mx\/noticias\/noticias-destacadas\/item\/15258-inaugura-ayuntamiento-centro-policial-para-fortalecer-acciones-de-vigilancia-y-patrullaje-al-centro-de-la-ciudad<\/p>\n","protected":false},"excerpt":{"rendered":"<p>El Ayuntamiento inaugur\u00f3 las instalaciones, se atender\u00e1 al centro de la ciudad REDACCI\u00d3N Este d\u00eda, el Ayuntamiento de Puebla inaugur\u00f3 [&hellip;]<\/p>\n","protected":false},"author":1,"featured_media":12050,"comment_status":"open","ping_status":"open","sticky":false,"template":"","format":"standard","meta":{"site-sidebar-layout":"default","site-content-layout":"","ast-site-content-layout":"default","site-content-style":"default","site-sidebar-style":"default","ast-global-header-display":"","ast-banner-title-visibility":"","ast-main-header-display":"","ast-hfb-above-header-display":"","ast-hfb-below-header-display":"","ast-hfb-mobile-header-display":"","site-post-title":"","ast-breadcrumbs-content":"","ast-featured-img":"","footer-sml-layout":"","theme-transparent-header-meta":"","adv-header-id-meta":"","stick-header-meta":"","header-above-stick-meta":"","header-main-stick-meta":"","header-below-stick-meta":"","astra-migrate-meta-layouts":"default","ast-page-background-enabled":"default","ast-page-background-meta":{"desktop":{"background-color":"var(--ast-global-color-4)","background-image":"","background-repeat":"repeat","background-position":"center center","background-size":"auto","background-attachment":"scroll","background-type":"","background-media":"","overlay-type":"","overlay-color":"","overlay-opacity":"","overlay-gradient":""},"tablet":{"background-color":"","background-image":"","background-repeat":"repeat","background-position":"center center","background-size":"auto","background-attachment":"scroll","background-type":"","background-media":"","overlay-type":"","overlay-color":"","overlay-opacity":"","overlay-gradient":""},"mobile":{"background-color":"","background-image":"","background-repeat":"repeat","background-position":"center center","background-size":"auto","background-attachment":"scroll","background-type":"","background-media":"","overlay-type":"","overlay-color":"","overlay-opacity":"","overlay-gradient":""}},"ast-content-background-meta":{"desktop":{"background-color":"var(--ast-global-color-5)","background-image":"","background-repeat":"repeat","background-position":"center center","background-size":"auto","background-attachment":"scroll","background-type":"","background-media":"","overlay-type":"","overlay-color":"","overlay-opacity":"","overlay-gradient":""},"tablet":{"background-color":"var(--ast-global-color-5)","background-image":"","background-repeat":"repeat","background-position":"center center","background-size":"auto","background-attachment":"scroll","background-type":"","background-media":"","overlay-type":"","overlay-color":"","overlay-opacity":"","overlay-gradient":""},"mobile":{"background-color":"var(--ast-global-color-5)","background-image":"","background-repeat":"repeat","background-position":"center center","background-size":"auto","background-attachment":"scroll","background-type":"","background-media":"","overlay-type":"","overlay-color":"","overlay-opacity":"","overlay-gradient":""}},"footnotes":""},"categories":[8],"tags":[3517,2523,1285,3518],"class_list":["post-12049","post","type-post","status-publish","format-standard","has-post-thumbnail","hentry","category-noticias","tag-central-de-despliegue-policial-de-la-region-centro","tag-ciudad-de-puebla","tag-claudia-rivera","tag-seguridad-puebla"],"_links":{"self":[{"href":"https:\/\/losperiodistas.com.mx\/portal\/wp-json\/wp\/v2\/posts\/12049","targetHints":{"allow":["GET"]}}],"collection":[{"href":"https:\/\/losperiodistas.com.mx\/portal\/wp-json\/wp\/v2\/posts"}],"about":[{"href":"https:\/\/losperiodistas.com.mx\/portal\/wp-json\/wp\/v2\/types\/post"}],"author":[{"embeddable":true,"href":"https:\/\/losperiodistas.com.mx\/portal\/wp-json\/wp\/v2\/users\/1"}],"replies":[{"embeddable":true,"href":"https:\/\/losperiodistas.com.mx\/portal\/wp-json\/wp\/v2\/comments?post=12049"}],"version-history":[{"count":1,"href":"https:\/\/losperiodistas.com.mx\/portal\/wp-json\/wp\/v2\/posts\/12049\/revisions"}],"predecessor-version":[{"id":12051,"href":"https:\/\/losperiodistas.com.mx\/portal\/wp-json\/wp\/v2\/posts\/12049\/revisions\/12051"}],"wp:featuredmedia":[{"embeddable":true,"href":"https:\/\/losperiodistas.com.mx\/portal\/wp-json\/wp\/v2\/media\/12050"}],"wp:attachment":[{"href":"https:\/\/losperiodistas.com.mx\/portal\/wp-json\/wp\/v2\/media?parent=12049"}],"wp:term":[{"taxonomy":"category","embeddable":true,"href":"https:\/\/losperiodistas.com.mx\/portal\/wp-json\/wp\/v2\/categories?post=12049"},{"taxonomy":"post_tag","embeddable":true,"href":"https:\/\/losperiodistas.com.mx\/portal\/wp-json\/wp\/v2\/tags?post=12049"}],"curies":[{"name":"wp","href":"https:\/\/api.w.org\/{rel}","templated":true}]}}