{"id":12046,"date":"2021-08-24T07:35:17","date_gmt":"2021-08-24T12:35:17","guid":{"rendered":"http:\/\/losperiodistas.com.mx\/portal\/?p=12046"},"modified":"2021-08-24T07:35:19","modified_gmt":"2021-08-24T12:35:19","slug":"morena-se-prepara-rumbo-a-la-lxv-legislatura-reporte-indigo","status":"publish","type":"post","link":"https:\/\/losperiodistas.com.mx\/portal\/morena-se-prepara-rumbo-a-la-lxv-legislatura-reporte-indigo\/","title":{"rendered":"Morena se prepara rumbo a la LXV Legislatura | Reporte Indigo"},"content":{"rendered":"\n<p style=\"font-size:18px\"><em>Morena en la C\u00e1mara de Diputados adem\u00e1s de tener que negociar con otras fuerzas pol\u00edticas para impulsar reformas constitucionales deber\u00e1 sortear las divisiones internas que ocasion\u00f3 el pasado proceso electoral y que provocar\u00e1 la definici\u00f3n de candidaturas rumbo a 2024<\/em><\/p>\n\n\n\n<p><\/p>\n\n\n\n<figure class=\"wp-block-image size-large\"><img fetchpriority=\"high\" decoding=\"async\" width=\"1024\" height=\"491\" src=\"https:\/\/losperiodistas.com.mx\/portal\/wp-content\/uploads\/2021\/08\/Captura-de-Pantalla-2021-08-24-a-las-7.30.14-1024x491.jpg\" alt=\"\" class=\"wp-image-12047\" srcset=\"https:\/\/losperiodistas.com.mx\/portal\/wp-content\/uploads\/2021\/08\/Captura-de-Pantalla-2021-08-24-a-las-7.30.14-1024x491.jpg 1024w, https:\/\/losperiodistas.com.mx\/portal\/wp-content\/uploads\/2021\/08\/Captura-de-Pantalla-2021-08-24-a-las-7.30.14-300x144.jpg 300w, https:\/\/losperiodistas.com.mx\/portal\/wp-content\/uploads\/2021\/08\/Captura-de-Pantalla-2021-08-24-a-las-7.30.14-768x368.jpg 768w, https:\/\/losperiodistas.com.mx\/portal\/wp-content\/uploads\/2021\/08\/Captura-de-Pantalla-2021-08-24-a-las-7.30.14-1536x736.jpg 1536w, https:\/\/losperiodistas.com.mx\/portal\/wp-content\/uploads\/2021\/08\/Captura-de-Pantalla-2021-08-24-a-las-7.30.14-2048x981.jpg 2048w\" sizes=\"(max-width: 1024px) 100vw, 1024px\" \/><\/figure>\n\n\n\n<p class=\"has-vivid-cyan-blue-color has-text-color has-medium-font-size\">RUB\u00c9N ZERME\u00d1O \/ REPORTE INDIGO<\/p>\n\n\n\n<p>A pocos d\u00edas de que inicie la\u00a0<strong>LXV Legislatura<\/strong>\u00a0del\u00a0<strong>Congreso de la Uni\u00f3n<\/strong>\u00a0y despu\u00e9s de repartidas todas las curules de la\u00a0<strong>C\u00e1mara de Diputados<\/strong>, el partido mayoritario Morena, y los otros\u00a0<strong>partidos pol\u00edticos<\/strong>\u00a0comienzan a armar la estrategia, buscar lealtades y a definir temas prioritarios que legislar\u00e1n en los pr\u00f3ximos tres a\u00f1os.<\/p>\n\n\n\n<p>De acuerdo con especialistas, esta nueva legislatura podr\u00eda ser muy intensa y dividirse, nuevamente, en dos bloques. Por un lado&nbsp;<strong>Morena<\/strong>&nbsp;y sus aliados que contar\u00e1n con 278&nbsp;<strong>legisladores<\/strong>&nbsp;y por el otro la oposici\u00f3n que tendr\u00e1 222 curules.<\/p>\n\n\n\n<p>Para los diputados de Morena, que realizar\u00e1n su reuni\u00f3n plenaria, de hoy al 27 de agosto, estos d\u00edas ser\u00e1n clave ya que adem\u00e1s de definir agenda tendr\u00e1n que organizar la&nbsp;<strong>estrategia<\/strong>&nbsp;para sumar&nbsp;<strong>aliados<\/strong>&nbsp;ya que de acuerdo con la conformaci\u00f3n de la C\u00e1mara baja no alcanzar\u00e1n la&nbsp;<strong>mayor\u00eda calificada<\/strong>&nbsp;(dos terceras partes) para realizar los cambios constitucionales que les ha pedido el presidente Andr\u00e9s Manuel L\u00f3pez Obrador y que necesita la autollamada&nbsp;<strong>Cuarta Transformaci\u00f3n<\/strong>.<\/p>\n\n\n\n<hr class=\"wp-block-separator\"\/>\n\n\n\n<p>Sin contar con mayor\u00eda calificada Morena y sus aliados buscar\u00e1n impulsar los cambios estructurales de la Cuarta Transformaci\u00f3n; su prioridad ser\u00e1 la reforma pol\u00edtico-electoral<\/p>\n\n\n\n<p>Los siguientes d\u00edas ser\u00e1n de b\u00fanker para los pr\u00f3ximos diputados de Morena que recibir\u00e1n a su presidente nacional&nbsp;<strong>Mario Delgado<\/strong>&nbsp;y a los secretarios de Gobernaci\u00f3n,&nbsp;<strong>Olga S\u00e1nchez Cordero<\/strong>; Econom\u00eda, Tatiana Clouthier; de Energ\u00eda,&nbsp;<strong>Roc\u00edo Nahle<\/strong>; Hacienda,&nbsp;<strong>Rogelio Ram\u00edrez de la O<\/strong>; Salud, Jorge Alcocer, y de Seguridad y Protecci\u00f3n Ciudadana, Rosa Icela Rodr\u00edguez.<\/p>\n\n\n\n<p>Entre las reformas prioritarias que impulsar\u00e1n, comentaron legisladores del&nbsp;<strong>partido guinda<\/strong>, estar\u00e1 la pol\u00edtico-electoral y la de energ\u00eda el\u00e9ctrica.<\/p>\n\n\n\n<h3 class=\"wp-block-heading\">PUGNAS INTERNAS EN MORENA<\/h3>\n\n\n\n<p>La tarea para el coordinador del grupo parlamentario,&nbsp;<strong>Ignacio Mier Velazco<\/strong>, ser\u00e1 tit\u00e1nica, ya que adem\u00e1s de negociar con los otros&nbsp;<strong>partidos<\/strong>&nbsp;de la alianza, tendr\u00e1 que mantener a su grupo unido y presente.<\/p>\n\n\n\n<p>La cohesi\u00f3n de Morena es complicada debido a la&nbsp;<strong>ruptura<\/strong>&nbsp;en dos grupos que dej\u00f3 la definici\u00f3n de las candidaturas durante las&nbsp;<strong>elecciones<\/strong>&nbsp;pasadas y que se intensificar\u00e1 conforme se acerque el proceso electoral 2023-2024.<\/p>\n\n\n\n<p>Al respecto, el profesor de pol\u00edtica del Tecnol\u00f3gico de Monterrey, doctor&nbsp;<strong>Gustavo L\u00f3pez Montiel<\/strong>, comenta que es muy probable que el Grupo Parlamentario de Morena entre en los pr\u00f3ximos meses en un proceso de&nbsp;<strong>divisi\u00f3n<\/strong>.<\/p>\n\n\n\n<p>\u201cLa C\u00e1mara de Diputados y el Congreso en general es muy probable que entren en un proceso de divisi\u00f3n porque por un lado est\u00e1n los integrantes que apoyan a&nbsp;<strong>Marcelo Ebrard<\/strong>, que tiene gran parte del control de los legisladores del Congreso porque tanto&nbsp;<strong>Mario Delgado<\/strong>&nbsp;como&nbsp;<strong>Ricardo Monreal<\/strong>&nbsp;son sus afines, del otro lado est\u00e1 el grupo de&nbsp;<strong>Claudia Sheinbaum<\/strong>&nbsp;que ha crecido mucho, por lo que va a haber divisiones\u201d, dice.<\/p>\n\n\n\n<p>El especialista adem\u00e1s se\u00f1ala que conforme avance la carrera de sucesi\u00f3n de la&nbsp;<strong>Presidencia de la Rep\u00fablica<\/strong>, el mismo jefe del Ejecutivo federal, A<strong>ndr\u00e9s Manuel L\u00f3pez Obrador<\/strong>, perder\u00e1 poder sobre los integrantes de su partido en el Legislativo.<\/p>\n\n\n\n<p>\u201cMuchos de los diputados no solo est\u00e1n ah\u00ed por L\u00f3pez Obrador, sino por los grupos que los impulsaron y van a apoyar a quien crean que ser\u00e1 el&nbsp;<strong>candidato<\/strong>&nbsp;de Morena para el siguiente sexenio.<\/p>\n\n\n\n<p>\u201cEl presidente, hasta ahorita, es capaz de movilizarlos e impulsarlos, pero la pugna por 2024 va a representar una p\u00e9rdida de&nbsp;<strong>poder<\/strong>&nbsp;para el presidente, va a ser un momento complicado para Morena\u201d, agrega.<\/p>\n\n\n\n<p>Todav\u00eda no comienza la legislatura y ya nacieron disidencias dentro del grupo parlamentario guinda, un grupo de diputadas inconformes se quejaron de que no hay&nbsp;<strong>mujeres<\/strong>&nbsp;en los&nbsp;<strong>mandos<\/strong>&nbsp;de su fracci\u00f3n en la Junta de Coordinaci\u00f3n Pol\u00edtica ni en la Mesa Directiva de la Presidencia de la C\u00e1mara de Diputados.<\/p>\n\n\n\n<p>Las legisladoras acusaron que la paridad en la 4T \u201cs\u00f3lo se queda en el discurso\u201d y aseguraron que su&nbsp;<strong>jefe de bancada<\/strong>, s\u00f3lo les ofreci\u00f3 la \u201cmorralla\u201d.<\/p>\n\n\n\n<figure class=\"wp-block-image\"><img decoding=\"async\" src=\"https:\/\/images.reporteindigo.com\/wp-content\/uploads\/2021\/08\/morena-lxv-graf-528x660.png\" alt=\"\" class=\"wp-image-361089\"\/><\/figure>\n\n\n\n<h3 class=\"wp-block-heading\">\u00bfEL ALIADO PERFECTO?<\/h3>\n\n\n\n<p>Durante la reuni\u00f3n plenaria de los diputados electos de la coalici\u00f3n&nbsp;<em>Va por M\u00e9xico<\/em>&nbsp;(<strong>PAN<\/strong>,&nbsp;<strong>PRI<\/strong>&nbsp;y&nbsp;<strong>PRD<\/strong>) los pr\u00f3ximos coordinadores parlamentarios se comprometieron a conformar un&nbsp;<strong>bloque irrompible<\/strong>&nbsp;a amenazas y est\u00edmulos de Morena.<\/p>\n\n\n\n<p>\u201cS\u00e9 de presiones del gobierno, a veces de nuestros gobiernos. Pero estamos por un&nbsp;<strong>deber patri\u00f3tico<\/strong>. El gobierno tiene muchos est\u00edmulos, promesas, el dulce o el garrote. Y va a buscar amedrentar, va a buscar perseguir y va a buscar detener a los opositores. Nosotros debemos de tener un bloque irrompible\u201d, manifest\u00f3 el presidente nacional del PAN,&nbsp;<strong>Marko Cort\u00e9s<\/strong>, a sus compa\u00f1eros de partido y alianza.<\/p>\n\n\n\n<p>De acuerdo con el especialista en temas legislativos, L\u00f3pez Montiel, el primero en salirse de la alianza podr\u00eda ser el&nbsp;<strong>Partido Revolucionario Institucional<\/strong>&nbsp;ya que Morena lo intentar\u00e1 seducir despu\u00e9s de que el&nbsp;<strong>Partido del Trabajo<\/strong>&nbsp;y el&nbsp;<strong>Partido Verde Ecologista de M\u00e9xico<\/strong>&nbsp;quieran venderle muy caro su amor.<\/p>\n\n\n\n<hr class=\"wp-block-separator\"\/>\n\n\n\n<figure class=\"wp-block-pullquote\"><blockquote><p>\u201cNo es un tema solo de estar sumando, porque tambi\u00e9n depende del momento. Lo que hemos visto en otros a\u00f1os y en otras partes del mundo es que los partidos como Morena, que no tienen la mayor\u00eda pero son grandes, buscan m\u00e1s bien el apoyo de otros partidos grandes para evitar que peque\u00f1os como el Verde o el PT les vendan caro el apoyo\u201d<\/p><p>Gustavo L\u00f3pez Montiel<\/p><p>Profesor de pol\u00edtica en el Tecnol\u00f3gico de Monterrey<\/p><\/blockquote><\/figure>\n\n\n\n<p>\u201cSi a Morena se le une el PRI o algunos&nbsp;<strong>diputados<\/strong>&nbsp;del PRI, eso har\u00eda que el Verde y el PT tengan que ceder sin vender caro su apoyo. Eso va a estar pasando\u201d, agrega.<\/p>\n\n\n\n<p>El especialista comenta que el momento de ruptura con el PT y el PVEM podr\u00eda llegar cuando Morena intente impulsar&nbsp;<strong>reformas<\/strong>&nbsp;que los perjudiquen como la&nbsp;<strong>pol\u00edtico-electoral<\/strong>.<\/p>\n\n\n\n<p>\u201cMorena va a tener la mayor\u00eda para pasar leyes, pero no ser\u00e1n los suficientes para hacer cambios constitucionales, pero los grupos de oposici\u00f3n tampoco tienen la mayor\u00eda para impedir que Morena y sus aliados pasen leyes. Va a ser una legislatura complicada y va a haber reformas pol\u00e9micas como la que busca disminuir el n\u00famero de diputados (reforma electoral) o la que pretende disminuir el&nbsp;<strong>financiamiento<\/strong>&nbsp;de los&nbsp;<strong>partidos<\/strong>&nbsp;que no van a pasar porque ni siquiera el PT y el Verde, que son aliados de Morena, van a votar a favor.<\/p>\n\n\n\n<p>\u201cVamos a ver un tipo de negociaci\u00f3n distinta, ya tenemos el precedente de que no se aprob\u00f3 el periodo&nbsp;<strong>extraordinario<\/strong>&nbsp;de&nbsp;<strong>sesiones<\/strong>&nbsp;en esta Legislatura porque no se cumplieron las dos terceras partes. Van a ser tres a\u00f1os complicados para Morena\u201d, concluye el especialista.<\/p>\n\n\n\n<h4 class=\"wp-block-heading\">Tambi\u00e9n puedes leer:\u00a0<a href=\"https:\/\/www.reporteindigo.com\/reporte\/definen-agendas-legislativas-nuevos-diputados-de-morena\/\" target=\"_blank\" rel=\"noreferrer noopener\">Definen agendas legislativas nuevos diputados de Morena<\/a><\/h4>\n\n\n\n<p><a href=\"https:\/\/www.reporteindigo.com\/?jwsource=cl\">https:\/\/www.reporteindigo.com\/?jwsource=cl<\/a><\/p>\n\n\n\n<p>Fuente: https:\/\/www.reporteindigo.com\/reporte\/morena-se-prepara-rumbo-a-la-lxv-legislatura\/<\/p>\n","protected":false},"excerpt":{"rendered":"<p>Morena en la C\u00e1mara de Diputados adem\u00e1s de tener que negociar con otras fuerzas pol\u00edticas para impulsar reformas constitucionales deber\u00e1 [&hellip;]<\/p>\n","protected":false},"author":1,"featured_media":12047,"comment_status":"open","ping_status":"open","sticky":false,"template":"","format":"standard","meta":{"site-sidebar-layout":"default","site-content-layout":"","ast-site-content-layout":"default","site-content-style":"default","site-sidebar-style":"default","ast-global-header-display":"","ast-banner-title-visibility":"","ast-main-header-display":"","ast-hfb-above-header-display":"","ast-hfb-below-header-display":"","ast-hfb-mobile-header-display":"","site-post-title":"","ast-breadcrumbs-content":"","ast-featured-img":"","footer-sml-layout":"","theme-transparent-header-meta":"","adv-header-id-meta":"","stick-header-meta":"","header-above-stick-meta":"","header-main-stick-meta":"","header-below-stick-meta":"","astra-migrate-meta-layouts":"default","ast-page-background-enabled":"default","ast-page-background-meta":{"desktop":{"background-color":"var(--ast-global-color-4)","background-image":"","background-repeat":"repeat","background-position":"center center","background-size":"auto","background-attachment":"scroll","background-type":"","background-media":"","overlay-type":"","overlay-color":"","overlay-opacity":"","overlay-gradient":""},"tablet":{"background-color":"","background-image":"","background-repeat":"repeat","background-position":"center center","background-size":"auto","background-attachment":"scroll","background-type":"","background-media":"","overlay-type":"","overlay-color":"","overlay-opacity":"","overlay-gradient":""},"mobile":{"background-color":"","background-image":"","background-repeat":"repeat","background-position":"center center","background-size":"auto","background-attachment":"scroll","background-type":"","background-media":"","overlay-type":"","overlay-color":"","overlay-opacity":"","overlay-gradient":""}},"ast-content-background-meta":{"desktop":{"background-color":"var(--ast-global-color-5)","background-image":"","background-repeat":"repeat","background-position":"center center","background-size":"auto","background-attachment":"scroll","background-type":"","background-media":"","overlay-type":"","overlay-color":"","overlay-opacity":"","overlay-gradient":""},"tablet":{"background-color":"var(--ast-global-color-5)","background-image":"","background-repeat":"repeat","background-position":"center center","background-size":"auto","background-attachment":"scroll","background-type":"","background-media":"","overlay-type":"","overlay-color":"","overlay-opacity":"","overlay-gradient":""},"mobile":{"background-color":"var(--ast-global-color-5)","background-image":"","background-repeat":"repeat","background-position":"center center","background-size":"auto","background-attachment":"scroll","background-type":"","background-media":"","overlay-type":"","overlay-color":"","overlay-opacity":"","overlay-gradient":""}},"footnotes":""},"categories":[8],"tags":[3514,3516,3515],"class_list":["post-12046","post","type-post","status-publish","format-standard","has-post-thumbnail","hentry","category-noticias","tag-lxv-legislatura","tag-mayoria-calificada","tag-morena-278-legisldores"],"_links":{"self":[{"href":"https:\/\/losperiodistas.com.mx\/portal\/wp-json\/wp\/v2\/posts\/12046","targetHints":{"allow":["GET"]}}],"collection":[{"href":"https:\/\/losperiodistas.com.mx\/portal\/wp-json\/wp\/v2\/posts"}],"about":[{"href":"https:\/\/losperiodistas.com.mx\/portal\/wp-json\/wp\/v2\/types\/post"}],"author":[{"embeddable":true,"href":"https:\/\/losperiodistas.com.mx\/portal\/wp-json\/wp\/v2\/users\/1"}],"replies":[{"embeddable":true,"href":"https:\/\/losperiodistas.com.mx\/portal\/wp-json\/wp\/v2\/comments?post=12046"}],"version-history":[{"count":1,"href":"https:\/\/losperiodistas.com.mx\/portal\/wp-json\/wp\/v2\/posts\/12046\/revisions"}],"predecessor-version":[{"id":12048,"href":"https:\/\/losperiodistas.com.mx\/portal\/wp-json\/wp\/v2\/posts\/12046\/revisions\/12048"}],"wp:featuredmedia":[{"embeddable":true,"href":"https:\/\/losperiodistas.com.mx\/portal\/wp-json\/wp\/v2\/media\/12047"}],"wp:attachment":[{"href":"https:\/\/losperiodistas.com.mx\/portal\/wp-json\/wp\/v2\/media?parent=12046"}],"wp:term":[{"taxonomy":"category","embeddable":true,"href":"https:\/\/losperiodistas.com.mx\/portal\/wp-json\/wp\/v2\/categories?post=12046"},{"taxonomy":"post_tag","embeddable":true,"href":"https:\/\/losperiodistas.com.mx\/portal\/wp-json\/wp\/v2\/tags?post=12046"}],"curies":[{"name":"wp","href":"https:\/\/api.w.org\/{rel}","templated":true}]}}