{"id":12043,"date":"2021-08-24T07:01:49","date_gmt":"2021-08-24T12:01:49","guid":{"rendered":"http:\/\/losperiodistas.com.mx\/portal\/?p=12043"},"modified":"2021-08-24T07:01:51","modified_gmt":"2021-08-24T12:01:51","slug":"eduardo-arellano-felix-por-que-mexico-detuvo-al-exjefe-del-cartel-de-tijuana-tras-ser-liberado-por-ee-uu-bbc","status":"publish","type":"post","link":"https:\/\/losperiodistas.com.mx\/portal\/eduardo-arellano-felix-por-que-mexico-detuvo-al-exjefe-del-cartel-de-tijuana-tras-ser-liberado-por-ee-uu-bbc\/","title":{"rendered":"Eduardo Arellano F\u00e9lix: por qu\u00e9 M\u00e9xico detuvo al exjefe del cartel de Tijuana tras ser liberado por EE.UU. | BBC"},"content":{"rendered":"\n<p style=\"font-size:18px\"><em>Arellano F\u00e9lix fue entregado a M\u00e9xico por EE.UU. en la frontera entre Tamaulipas y Texas.<\/em><\/p>\n\n\n\n<p><\/p>\n\n\n\n<figure class=\"wp-block-image size-large\"><img fetchpriority=\"high\" decoding=\"async\" width=\"1024\" height=\"578\" src=\"https:\/\/losperiodistas.com.mx\/portal\/wp-content\/uploads\/2021\/08\/Captura-de-Pantalla-2021-08-24-a-las-6.58.32-1024x578.jpg\" alt=\"\" class=\"wp-image-12044\" srcset=\"https:\/\/losperiodistas.com.mx\/portal\/wp-content\/uploads\/2021\/08\/Captura-de-Pantalla-2021-08-24-a-las-6.58.32-1024x578.jpg 1024w, https:\/\/losperiodistas.com.mx\/portal\/wp-content\/uploads\/2021\/08\/Captura-de-Pantalla-2021-08-24-a-las-6.58.32-300x169.jpg 300w, https:\/\/losperiodistas.com.mx\/portal\/wp-content\/uploads\/2021\/08\/Captura-de-Pantalla-2021-08-24-a-las-6.58.32-768x434.jpg 768w, https:\/\/losperiodistas.com.mx\/portal\/wp-content\/uploads\/2021\/08\/Captura-de-Pantalla-2021-08-24-a-las-6.58.32.jpg 1286w\" sizes=\"(max-width: 1024px) 100vw, 1024px\" \/><\/figure>\n\n\n\n<p><\/p>\n\n\n\n<p class=\"has-vivid-cyan-blue-color has-text-color has-medium-font-size\">BBC NEWS \/ Ciudad de M\u00e9xico<\/p>\n\n\n\n<p><strong>Quien fuera uno de los l\u00edderes del cartel de Tijuana, Eduardo Arellano F\u00e9lix, fue entregado este lunes por Estados Unidos a las autoridades mexicanas.<\/strong><\/p>\n\n\n\n<p>Tambi\u00e9n conocido como el Doctor, Arellano F\u00e9lix fue recibido en el puente internacional de Brownsville-Matamoros por miembros de la Fiscal\u00eda General de la Rep\u00fablica (FGR) y la Secretar\u00eda de Defensa Nacional de M\u00e9xico, inform\u00f3 el primero de los organismos.<\/p>\n\n\n\n<p>El narcotraficante de 64 a\u00f1os fue liberado la pasada semana de una c\u00e1rcel federal de Pensilvania, donde cumpl\u00eda<strong>&nbsp;una condena de 15 a\u00f1os por cargos de lavado de dinero y conspiraci\u00f3n<\/strong>&nbsp;para el uso de ganancias il\u00edcitas en EE.UU.<\/p>\n\n\n\n<p>Tras ser detenido en 2008 en Tijuana, M\u00e9xico, fue extraditado cuatro a\u00f1os despu\u00e9s al pa\u00eds vecino para responder por siete cargos de los que se le acusaba y por lo que EE.UU. lleg\u00f3 a ofrecer hasta US$5 millones como recompensa por su captura.<\/p>\n\n\n\n<p>Sin embargo, gracias a su amplia cooperaci\u00f3n con las autoridades de ese pa\u00eds -que comenz\u00f3 cuando se declar\u00f3 culpable en 2013-, el Doctor solo fue condenado a dos de los siete cargos y finalmente\u00a0<strong>pudo salir de la c\u00e1rcel sin completar su sentencia de prisi\u00f3n.<\/strong><\/p>\n\n\n\n<p>Desde que se anunci\u00f3 que iba a ser liberado en EE.UU., se desconoc\u00eda si M\u00e9xico contaba con argumentos legales para detener a Arellano F\u00e9lix.<\/p>\n\n\n\n<p>Este martes, sin embargo, la FGR confirm\u00f3 que fue puesto a disposici\u00f3n de las autoridades mexicanas para cumplir la orden de aprehensi\u00f3n dictada por un juez federal&nbsp;<strong>\u00abpor su probable responsabilidad en los delitos de delincuencia organizada, contra la salud y asociaci\u00f3n delictuosa\u00bb.<\/strong><\/p>\n\n\n\n<p>\u00abLa Fiscal\u00eda Especializada en materia de Delincuencia Organizada, que gestion\u00f3 y obtuvo la orden de aprehensi\u00f3n correspondiente, cumpliment\u00f3 la misma y proceder\u00e1 a ponerlo a disposici\u00f3n del juez en el Centro Federal de Readaptaci\u00f3n Social N\u00famero 1 \u00abEl Altiplano\u00bb, en el Estado de M\u00e9xico\u00bb, inform\u00f3 la FGR sin ofrecer m\u00e1s detalle.<\/p>\n\n\n\n<figure class=\"wp-block-embed is-type-rich is-provider-twitter wp-block-embed-twitter\"><div class=\"wp-block-embed__wrapper\">\n<blockquote class=\"twitter-tweet\" data-width=\"500\" data-dnt=\"true\"><p lang=\"qme\" dir=\"ltr\"><a href=\"https:\/\/twitter.com\/hashtag\/FGRInfoma?src=hash&amp;ref_src=twsrc%5Etfw\">#FGRInfoma<\/a> <a href=\"https:\/\/t.co\/hm9XxuVWQj\">pic.twitter.com\/hm9XxuVWQj<\/a><\/p>&mdash; FGR M\u00e9xico (@FGRMexico) <a href=\"https:\/\/twitter.com\/FGRMexico\/status\/1429966728327536652?ref_src=twsrc%5Etfw\">August 24, 2021<\/a><\/blockquote><script async src=\"https:\/\/platform.twitter.com\/widgets.js\" charset=\"utf-8\"><\/script>\n<\/div><\/figure>\n\n\n\n<h2 class=\"wp-block-heading\" id=\"Incertidumbre\">Incertidumbre<\/h2>\n\n\n\n<p>Tras conocerse la noticia de su inminente salida de prisi\u00f3n el pasado 18 de agosto, fue mucha la incertidumbre sobre cu\u00e1l ser\u00eda el futuro del exl\u00edder del cartel de Tijuana.<\/p>\n\n\n\n<p>Solo un d\u00eda antes de su liberaci\u00f3n, el canciller mexicano,&nbsp;<strong>Marcelo Ebrard,<\/strong>&nbsp;dijo que Arellano F\u00e9lix no ser\u00eda deportado a M\u00e9xico de manera inmediata tras conocerse que hab\u00eda cambiado su \u00abestatus\u00bb.<\/p>\n\n\n\n<p>Ebrard asegur\u00f3 que EE.UU. \u00abno tiene obligaci\u00f3n\u00bb de explicar el porqu\u00e9 de un cambio de estatus de un detenido.<\/p>\n\n\n\n<p>\u00abPresumimos que es por el cambio de calidad del interesado; es decir, en otros casos lo han hecho&nbsp;<strong>cuando ya son testigos protegidos,<\/strong>&nbsp;puede ser que esa sea la raz\u00f3n\u00bb, explic\u00f3 entonces.<\/p>\n\n\n\n<figure class=\"wp-block-image\"><img decoding=\"async\" src=\"https:\/\/ichef.bbci.co.uk\/news\/640\/cpsprodpb\/8C5C\/production\/_120223953_f425ecd3-bb70-4c1e-a919-1125ae721f5e.jpg\" alt=\"Arellano Felix\"\/><figcaption>Pie de foto,Eduardo Arellano F\u00e9lix fue detenido en 2008 en M\u00e9xico.<\/figcaption><\/figure>\n\n\n\n<p>Preguntado sobre si exist\u00edan argumentos en M\u00e9xico para detenerlo en caso de que finalmente fuera liberado, el canciller mexicano se limit\u00f3 a decir que<strong>&nbsp;\u00abdepender\u00eda de la Fiscal\u00eda General de la Rep\u00fablica\u00bb.<\/strong><\/p>\n\n\n\n<p>Finalmente, tras salir de la c\u00e1rcel, Arellano F\u00e9lix fue puesto bajo custodia del Servicio de Control de Inmigraci\u00f3n y Aduanas (ICE) en espera de su deportaci\u00f3n.<\/p>\n\n\n\n<h2 class=\"wp-block-heading\" id=\"Monopolio-de-droga\">Monopolio de droga<\/h2>\n\n\n\n<p>El c\u00e1rtel de los hermanos Arellano F\u00e9lix monopoliz\u00f3 las rutas de tr\u00e1fico de drogas durante m\u00e1s de 20 a\u00f1os a trav\u00e9s de Tijuana, en el noroeste de M\u00e9xico, compitiendo con otros como el cartel de Sinaloa.<\/p>\n\n\n\n<p>Sin embargo, la detenci\u00f3n de Eduardo en 2008 fue uno de los mayores golpes para una organizaci\u00f3n&nbsp;<strong>que ya hab\u00eda sufrido la ca\u00edda de otros de sus l\u00edderes en la familia.<\/strong><\/p>\n\n\n\n<ul class=\"wp-block-list\"><li><a href=\"https:\/\/www.bbc.com\/mundo\/noticias-america-latina-45769287\">La misteriosa vida de las familias de los capos del narcotr\u00e1fico en M\u00e9xico<\/a><\/li><\/ul>\n\n\n\n<p>Otro de los hermanos, Benjam\u00edn Arellano F\u00e9lix, fue detenido en 2002 y sentenciado a 25 a\u00f1os de prisi\u00f3n en EE.UU. en 2012. Tambi\u00e9n en 2002, Ram\u00f3n Arellano F\u00e9lix fue asesinado en pleno carnaval de Mazatl\u00e1n, Sinaloa.<\/p>\n\n\n\n<p>Por su parte, Francisco Javier Arellano F\u00e9lix cumple condena a cadena perpetua tras su captura en 2006 por la Guardia Costera estadounidense.<\/p>\n\n\n\n<p>El mayor de los hermanos, Francisco Rafael Arellano F\u00e9lix, tambi\u00e9n cumpli\u00f3 condena en EE.UU. En 2013, fue asesinado por un hombre disfrazado de payaso durante una fiesta infantil.<\/p>\n\n\n\n<p>Fuente: https:\/\/www.bbc.com\/mundo\/noticias-america-latina-58312658<\/p>\n","protected":false},"excerpt":{"rendered":"<p>Arellano F\u00e9lix fue entregado a M\u00e9xico por EE.UU. en la frontera entre Tamaulipas y Texas. BBC NEWS \/ Ciudad de [&hellip;]<\/p>\n","protected":false},"author":1,"featured_media":12044,"comment_status":"open","ping_status":"open","sticky":false,"template":"","format":"standard","meta":{"site-sidebar-layout":"default","site-content-layout":"","ast-site-content-layout":"default","site-content-style":"default","site-sidebar-style":"default","ast-global-header-display":"","ast-banner-title-visibility":"","ast-main-header-display":"","ast-hfb-above-header-display":"","ast-hfb-below-header-display":"","ast-hfb-mobile-header-display":"","site-post-title":"","ast-breadcrumbs-content":"","ast-featured-img":"","footer-sml-layout":"","theme-transparent-header-meta":"","adv-header-id-meta":"","stick-header-meta":"","header-above-stick-meta":"","header-main-stick-meta":"","header-below-stick-meta":"","astra-migrate-meta-layouts":"default","ast-page-background-enabled":"default","ast-page-background-meta":{"desktop":{"background-color":"var(--ast-global-color-4)","background-image":"","background-repeat":"repeat","background-position":"center center","background-size":"auto","background-attachment":"scroll","background-type":"","background-media":"","overlay-type":"","overlay-color":"","overlay-opacity":"","overlay-gradient":""},"tablet":{"background-color":"","background-image":"","background-repeat":"repeat","background-position":"center center","background-size":"auto","background-attachment":"scroll","background-type":"","background-media":"","overlay-type":"","overlay-color":"","overlay-opacity":"","overlay-gradient":""},"mobile":{"background-color":"","background-image":"","background-repeat":"repeat","background-position":"center center","background-size":"auto","background-attachment":"scroll","background-type":"","background-media":"","overlay-type":"","overlay-color":"","overlay-opacity":"","overlay-gradient":""}},"ast-content-background-meta":{"desktop":{"background-color":"var(--ast-global-color-5)","background-image":"","background-repeat":"repeat","background-position":"center center","background-size":"auto","background-attachment":"scroll","background-type":"","background-media":"","overlay-type":"","overlay-color":"","overlay-opacity":"","overlay-gradient":""},"tablet":{"background-color":"var(--ast-global-color-5)","background-image":"","background-repeat":"repeat","background-position":"center center","background-size":"auto","background-attachment":"scroll","background-type":"","background-media":"","overlay-type":"","overlay-color":"","overlay-opacity":"","overlay-gradient":""},"mobile":{"background-color":"var(--ast-global-color-5)","background-image":"","background-repeat":"repeat","background-position":"center center","background-size":"auto","background-attachment":"scroll","background-type":"","background-media":"","overlay-type":"","overlay-color":"","overlay-opacity":"","overlay-gradient":""}},"footnotes":""},"categories":[8],"tags":[3513],"class_list":["post-12043","post","type-post","status-publish","format-standard","has-post-thumbnail","hentry","category-noticias","tag-eduardo-arellano-felix"],"_links":{"self":[{"href":"https:\/\/losperiodistas.com.mx\/portal\/wp-json\/wp\/v2\/posts\/12043","targetHints":{"allow":["GET"]}}],"collection":[{"href":"https:\/\/losperiodistas.com.mx\/portal\/wp-json\/wp\/v2\/posts"}],"about":[{"href":"https:\/\/losperiodistas.com.mx\/portal\/wp-json\/wp\/v2\/types\/post"}],"author":[{"embeddable":true,"href":"https:\/\/losperiodistas.com.mx\/portal\/wp-json\/wp\/v2\/users\/1"}],"replies":[{"embeddable":true,"href":"https:\/\/losperiodistas.com.mx\/portal\/wp-json\/wp\/v2\/comments?post=12043"}],"version-history":[{"count":1,"href":"https:\/\/losperiodistas.com.mx\/portal\/wp-json\/wp\/v2\/posts\/12043\/revisions"}],"predecessor-version":[{"id":12045,"href":"https:\/\/losperiodistas.com.mx\/portal\/wp-json\/wp\/v2\/posts\/12043\/revisions\/12045"}],"wp:featuredmedia":[{"embeddable":true,"href":"https:\/\/losperiodistas.com.mx\/portal\/wp-json\/wp\/v2\/media\/12044"}],"wp:attachment":[{"href":"https:\/\/losperiodistas.com.mx\/portal\/wp-json\/wp\/v2\/media?parent=12043"}],"wp:term":[{"taxonomy":"category","embeddable":true,"href":"https:\/\/losperiodistas.com.mx\/portal\/wp-json\/wp\/v2\/categories?post=12043"},{"taxonomy":"post_tag","embeddable":true,"href":"https:\/\/losperiodistas.com.mx\/portal\/wp-json\/wp\/v2\/tags?post=12043"}],"curies":[{"name":"wp","href":"https:\/\/api.w.org\/{rel}","templated":true}]}}