{"id":12040,"date":"2021-08-24T06:50:51","date_gmt":"2021-08-24T11:50:51","guid":{"rendered":"http:\/\/losperiodistas.com.mx\/portal\/?p=12040"},"modified":"2021-08-24T06:50:53","modified_gmt":"2021-08-24T11:50:53","slug":"el-presidente-de-mexico-lamenta-que-esta-retonando-el-franquismo-en-espana-publico","status":"publish","type":"post","link":"https:\/\/losperiodistas.com.mx\/portal\/el-presidente-de-mexico-lamenta-que-esta-retonando-el-franquismo-en-espana-publico\/","title":{"rendered":"El presidente de M\u00e9xico lamenta que \u00abest\u00e1 reto\u00f1ando el franquismo en Espa\u00f1a\u00bb | P\u00fablico"},"content":{"rendered":"\n<p style=\"font-size:18px\"><em>L\u00f3pez Obrador se\u00f1al\u00f3 que los partidos de izquierdas: \u00abNo est\u00e1n anclados, zigzaguean, quieren estar en el centro cuando uno tiene que representar con mucha claridad algo y a alguien\u00bb.<\/em><\/p>\n\n\n\n<p><\/p>\n\n\n\n<figure class=\"wp-block-image size-large\"><img fetchpriority=\"high\" decoding=\"async\" width=\"1024\" height=\"678\" src=\"https:\/\/losperiodistas.com.mx\/portal\/wp-content\/uploads\/2021\/08\/Captura-de-Pantalla-2021-08-24-a-las-6.47.34-1024x678.jpg\" alt=\"\" class=\"wp-image-12041\" srcset=\"https:\/\/losperiodistas.com.mx\/portal\/wp-content\/uploads\/2021\/08\/Captura-de-Pantalla-2021-08-24-a-las-6.47.34-1024x678.jpg 1024w, https:\/\/losperiodistas.com.mx\/portal\/wp-content\/uploads\/2021\/08\/Captura-de-Pantalla-2021-08-24-a-las-6.47.34-300x199.jpg 300w, https:\/\/losperiodistas.com.mx\/portal\/wp-content\/uploads\/2021\/08\/Captura-de-Pantalla-2021-08-24-a-las-6.47.34-768x508.jpg 768w, https:\/\/losperiodistas.com.mx\/portal\/wp-content\/uploads\/2021\/08\/Captura-de-Pantalla-2021-08-24-a-las-6.47.34.jpg 1314w\" sizes=\"(max-width: 1024px) 100vw, 1024px\" \/><figcaption>L\u00f3pez Obrador, presidente de M\u00e9xico.\u00a0<em>\u2014<\/em>\u00a0<em>Presidencia de M\u00e9xico<\/em>\u00a0<em>\/<\/em>\u00a0<em>EUROPA PRESS<\/em><br><\/figcaption><\/figure>\n\n\n\n<p class=\"has-vivid-cyan-blue-color has-text-color has-medium-font-size\">EFE \/ P\u00daBLICO<\/p>\n\n\n\n<p id=\"m6-5-7\">El presidente de M\u00e9xico,&nbsp;<strong>Andr\u00e9s Manuel L\u00f3pez Obrador<\/strong>, asegur\u00f3 este lunes que el franquismo est\u00e1 \u00abreto\u00f1ando\u00bb en Espa\u00f1a debido a que los partidos de izquierda han dejado espacios de liderazgo y se \u00abdesdibujan\u00bb.<\/p>\n\n\n\n<p id=\"m66-1-67\">\u00abMiren c\u00f3mo est\u00e1 reto\u00f1ando el franquismo en Espa\u00f1a, como nunca. Una cosa muy lamentable, ese pueblo tan excepcional en sus luchas, ejemplo de grandes poetas, fil\u00f3sofos, pol\u00edticos, regresando a lo peor\u00bb, refiri\u00f3 el mandatario durante su conferencia de prensa desde el Palacio Nacional, en referencia a la dictadura del general Francisco Franco en Espa\u00f1a de 1939 a 1975. Obrador considera que crece el conservadurismo porque la izquierda tarda en definir sus posturas<\/p>\n\n\n\n<p id=\"m72-2-73\">L\u00f3pez Obrador se\u00f1al\u00f3 que en otros pa\u00edses est\u00e1 creciendo el conservadurismo porque en la izquierda tardan en definir sus posturas: \u00abNo se anclan, zigzaguean, quieren estar en el centro cuando uno tiene que representar con mucha claridad algo y a alguien\u00bb, insisti\u00f3. Record\u00f3 que su gobierno se ha caracterizado por defender a los m\u00e1s pobres y m\u00e1s necesitados: \u00abEsta es mi postura, no ando queriendo quedar bien con todos\u00bb, refiri\u00f3.<\/p>\n\n\n\n<p id=\"m78-3-79\">Afirm\u00f3 que actualmente, hay algunos partidos que se defienden de izquierda pero al querer quedar bien \u00abse desdibujan\u00bb y la gente ya no sabe entonces a qui\u00e9n representa. No obstante, refiri\u00f3 que la culpa de todo esto la tienen quienes son responsables de la conducci\u00f3n pol\u00edtica y \u00abno actuamos con rectitud\u00bb.<\/p>\n\n\n\n<p id=\"sc_ending_message\">Hay partidos de izquierda que se \u00abdesdibujan\u00bb y la gente ya no sabe a qui\u00e9n representa<\/p>\n\n\n\n<p id=\"m84-4-85\">Finalmente, se\u00f1al\u00f3 que su postura pol\u00edtica ha derivado a que incluso los sectores de clase media o gente con mayores ingresos sepa la importancia de combatir la pobreza y la desigualdad para conseguir la paz social. \u00abVen con simpat\u00eda un movimiento como el nuestro y, desde luego, se tiene el apoyo de los pobres, de la gente m\u00e1s necesitada a los que nunca volteaban a ver y se les extiende la mano\u00bb, puntualiz\u00f3.\u00a0<\/p>\n\n\n\n<p>Fuente: https:\/\/www.publico.es\/internacional\/presidente-mexico-lamenta-retonando-franquismo-espana.html<\/p>\n","protected":false},"excerpt":{"rendered":"<p>L\u00f3pez Obrador se\u00f1al\u00f3 que los partidos de izquierdas: \u00abNo est\u00e1n anclados, zigzaguean, quieren estar en el centro cuando uno tiene [&hellip;]<\/p>\n","protected":false},"author":1,"featured_media":12041,"comment_status":"open","ping_status":"open","sticky":false,"template":"","format":"standard","meta":{"site-sidebar-layout":"default","site-content-layout":"","ast-site-content-layout":"default","site-content-style":"default","site-sidebar-style":"default","ast-global-header-display":"","ast-banner-title-visibility":"","ast-main-header-display":"","ast-hfb-above-header-display":"","ast-hfb-below-header-display":"","ast-hfb-mobile-header-display":"","site-post-title":"","ast-breadcrumbs-content":"","ast-featured-img":"","footer-sml-layout":"","theme-transparent-header-meta":"","adv-header-id-meta":"","stick-header-meta":"","header-above-stick-meta":"","header-main-stick-meta":"","header-below-stick-meta":"","astra-migrate-meta-layouts":"default","ast-page-background-enabled":"default","ast-page-background-meta":{"desktop":{"background-color":"var(--ast-global-color-4)","background-image":"","background-repeat":"repeat","background-position":"center center","background-size":"auto","background-attachment":"scroll","background-type":"","background-media":"","overlay-type":"","overlay-color":"","overlay-opacity":"","overlay-gradient":""},"tablet":{"background-color":"","background-image":"","background-repeat":"repeat","background-position":"center center","background-size":"auto","background-attachment":"scroll","background-type":"","background-media":"","overlay-type":"","overlay-color":"","overlay-opacity":"","overlay-gradient":""},"mobile":{"background-color":"","background-image":"","background-repeat":"repeat","background-position":"center center","background-size":"auto","background-attachment":"scroll","background-type":"","background-media":"","overlay-type":"","overlay-color":"","overlay-opacity":"","overlay-gradient":""}},"ast-content-background-meta":{"desktop":{"background-color":"var(--ast-global-color-5)","background-image":"","background-repeat":"repeat","background-position":"center center","background-size":"auto","background-attachment":"scroll","background-type":"","background-media":"","overlay-type":"","overlay-color":"","overlay-opacity":"","overlay-gradient":""},"tablet":{"background-color":"var(--ast-global-color-5)","background-image":"","background-repeat":"repeat","background-position":"center center","background-size":"auto","background-attachment":"scroll","background-type":"","background-media":"","overlay-type":"","overlay-color":"","overlay-opacity":"","overlay-gradient":""},"mobile":{"background-color":"var(--ast-global-color-5)","background-image":"","background-repeat":"repeat","background-position":"center center","background-size":"auto","background-attachment":"scroll","background-type":"","background-media":"","overlay-type":"","overlay-color":"","overlay-opacity":"","overlay-gradient":""}},"footnotes":""},"categories":[8],"tags":[199,3512],"class_list":["post-12040","post","type-post","status-publish","format-standard","has-post-thumbnail","hentry","category-noticias","tag-amlo","tag-franquismo"],"_links":{"self":[{"href":"https:\/\/losperiodistas.com.mx\/portal\/wp-json\/wp\/v2\/posts\/12040","targetHints":{"allow":["GET"]}}],"collection":[{"href":"https:\/\/losperiodistas.com.mx\/portal\/wp-json\/wp\/v2\/posts"}],"about":[{"href":"https:\/\/losperiodistas.com.mx\/portal\/wp-json\/wp\/v2\/types\/post"}],"author":[{"embeddable":true,"href":"https:\/\/losperiodistas.com.mx\/portal\/wp-json\/wp\/v2\/users\/1"}],"replies":[{"embeddable":true,"href":"https:\/\/losperiodistas.com.mx\/portal\/wp-json\/wp\/v2\/comments?post=12040"}],"version-history":[{"count":1,"href":"https:\/\/losperiodistas.com.mx\/portal\/wp-json\/wp\/v2\/posts\/12040\/revisions"}],"predecessor-version":[{"id":12042,"href":"https:\/\/losperiodistas.com.mx\/portal\/wp-json\/wp\/v2\/posts\/12040\/revisions\/12042"}],"wp:featuredmedia":[{"embeddable":true,"href":"https:\/\/losperiodistas.com.mx\/portal\/wp-json\/wp\/v2\/media\/12041"}],"wp:attachment":[{"href":"https:\/\/losperiodistas.com.mx\/portal\/wp-json\/wp\/v2\/media?parent=12040"}],"wp:term":[{"taxonomy":"category","embeddable":true,"href":"https:\/\/losperiodistas.com.mx\/portal\/wp-json\/wp\/v2\/categories?post=12040"},{"taxonomy":"post_tag","embeddable":true,"href":"https:\/\/losperiodistas.com.mx\/portal\/wp-json\/wp\/v2\/tags?post=12040"}],"curies":[{"name":"wp","href":"https:\/\/api.w.org\/{rel}","templated":true}]}}