{"id":12037,"date":"2021-08-24T06:31:50","date_gmt":"2021-08-24T11:31:50","guid":{"rendered":"http:\/\/losperiodistas.com.mx\/portal\/?p=12037"},"modified":"2021-08-24T06:31:52","modified_gmt":"2021-08-24T11:31:52","slug":"sindicato-petrolero-acusa-mala-gestion-en-el-accidente-de-plataforma-de-pemex-el-financiero","status":"publish","type":"post","link":"https:\/\/losperiodistas.com.mx\/portal\/sindicato-petrolero-acusa-mala-gestion-en-el-accidente-de-plataforma-de-pemex-el-financiero\/","title":{"rendered":"Sindicato petrolero acusa \u2018mala gesti\u00f3n\u2019 en el accidente de plataforma de Pemex | El Financiero"},"content":{"rendered":"\n<p style=\"font-size:18px\"><em>El director general de Pemex, Octavio Romero Oropeza se\u00f1al\u00f3 que se registraron cinco muertos tras el accidente en la tarde de este domingo.<\/em><\/p>\n\n\n\n<p><\/p>\n\n\n\n<figure class=\"wp-block-image size-large\"><img fetchpriority=\"high\" decoding=\"async\" width=\"1024\" height=\"696\" src=\"https:\/\/losperiodistas.com.mx\/portal\/wp-content\/uploads\/2021\/08\/Captura-de-Pantalla-2021-08-24-a-las-6.28.48-1024x696.jpg\" alt=\"\" class=\"wp-image-12038\" srcset=\"https:\/\/losperiodistas.com.mx\/portal\/wp-content\/uploads\/2021\/08\/Captura-de-Pantalla-2021-08-24-a-las-6.28.48-1024x696.jpg 1024w, https:\/\/losperiodistas.com.mx\/portal\/wp-content\/uploads\/2021\/08\/Captura-de-Pantalla-2021-08-24-a-las-6.28.48-300x204.jpg 300w, https:\/\/losperiodistas.com.mx\/portal\/wp-content\/uploads\/2021\/08\/Captura-de-Pantalla-2021-08-24-a-las-6.28.48-768x522.jpg 768w, https:\/\/losperiodistas.com.mx\/portal\/wp-content\/uploads\/2021\/08\/Captura-de-Pantalla-2021-08-24-a-las-6.28.48-1536x1045.jpg 1536w, https:\/\/losperiodistas.com.mx\/portal\/wp-content\/uploads\/2021\/08\/Captura-de-Pantalla-2021-08-24-a-las-6.28.48.jpg 1826w\" sizes=\"(max-width: 1024px) 100vw, 1024px\" \/><figcaption>El director general de Pemex, Octavio Romero Oropeza se\u00f1al\u00f3 que se registraron cinco muertos tras el accidente en la tarde de este domingo.\u00a0(EFE (Fotograf\u00eda cedida por peri\u00f3dico Tribuna de Campeche))<\/figcaption><\/figure>\n\n\n\n<p class=\"has-vivid-cyan-blue-color has-text-color has-medium-font-size\">H\u00c9CTOR USLA \/ EL FINANCIERO<\/p>\n\n\n\n<p>El Sindicato de Trabajadores Petroleros de la Rep\u00fablica Mexicana de la&nbsp;<strong>secci\u00f3n 47&nbsp;<\/strong>manifest\u00f3 que aunque est\u00e1n conscientes de que la industria petrolera implica riesgos, \u201cuna mala gesti\u00f3n est\u00e1 convirti\u00e9ndola en una industria de peligro y eso es inadmisible\u201d.<\/p>\n\n\n\n<p>A trav\u00e9s de un comunicado, expresaron su reconocimiento a los trabajadores que hicieron frente a esta emergencia y lamentaron los heridos y los muertos que dej\u00f3 el accidente.<\/p>\n\n\n\n<p>\u201cEstaremos cercanos a los deudos de nuestro compa\u00f1ero fallecido para brindarle el apoyo necesario ante esta inesperada situaci\u00f3n, lo mismo que de los lesionados para que reciban la atenci\u00f3n y cuidados necesarios y estaremos pendientes de sus familias\u201d, indicaron.<\/p>\n\n\n\n<p><a href=\"https:\/\/www.elfinanciero.com.mx\/economia\/2021\/08\/23\/pemex-pierde-421-mil-barriles-diarios-por-explosion-en-plataforma-en-sonda-de-campeche\/\"><\/a><a href=\"https:\/\/www.elfinanciero.com.mx\/economia\/2021\/08\/23\/pemex-pierde-421-mil-barriles-diarios-por-explosion-en-plataforma-en-sonda-de-campeche\/\">Pemex pierde 25% de su producci\u00f3n petrolera por explosi\u00f3n en plataforma<\/a><\/p>\n\n\n\n<hr class=\"wp-block-separator\"\/>\n\n\n\n<p>Resaltaron que los verdaderos petroleros son los que hacen frente a los retos y adversidades, \u201cSomos los que sacamos adelante a la empresa que servimos con orgullo: Pemex\u201d, subrayaron.<\/p>\n\n\n\n<p>La carta fue firmada por V\u00edctor Mar\u00edas Hern\u00e1ndez, secretario general, y por V\u00edctor Manuel Kidnie de la Cruz, secretario del interior y acuerdos del sindicato.<\/p>\n\n\n\n<p>Por otra parte, la empresa Cotemar, compa\u00f1\u00eda que tambi\u00e9n se encontraba trabajando en el sitio, especific\u00f3 que su colaborador Alejandro Vidal del \u00c1ngel, especialista tubero, fue uno de los cinco muertos reportados durante el accidente, \u201cestamos brindado toda la atenci\u00f3n y apoyo necesarios a sus familiares\u201d.<\/p>\n\n\n\n<p>Tambi\u00e9n se\u00f1alaron que dos empleados suyos presentaron quemaduras y lesiones diversas, por lo que fueron trasladados a hospitales en tierra para su inmediata valoraci\u00f3n y atenci\u00f3n.<\/p>\n\n\n\n<p><a href=\"https:\/\/www.elfinanciero.com.mx\/nacional\/2021\/08\/23\/explosion-en-plataforma-de-pemex-en-campeche-deja-un-muerto-y-5-desaparecidos\/\"><\/a><a href=\"https:\/\/www.elfinanciero.com.mx\/nacional\/2021\/08\/23\/explosion-en-plataforma-de-pemex-en-campeche-deja-un-muerto-y-5-desaparecidos\/\">Explosi\u00f3n en plataforma de Pemex en Campeche: sube a 5 la cifra de muertos<\/a><\/p>\n\n\n\n<hr class=\"wp-block-separator\"\/>\n\n\n\n<p>Adem\u00e1s, informaron que este lunes, las brigadas de b\u00fasqueda y rescate recuperaron tres cuerpos sin vida que pueden corresponder a los tres colaboradores de Cotemar que se encontraban en car\u00e1cter de desaparecidos, \u201cel proceso de confirmaci\u00f3n de identidades ha iniciado\u201d.<\/p>\n\n\n\n<p>El resto de los colaboradores de Cotemar que se encontraban trabajando en la plataforma se encuentran a salvo, inform\u00f3 la empresa.<\/p>\n\n\n\n<p>En conferencia de prensa, el director general de Pemex, Octavio Romero Oropeza,<strong>&nbsp;se\u00f1al\u00f3 que hubo cinco muertos durante el accidente en el centro de proceso Ku-A.<\/strong>&nbsp;Uno de ellos era trabajador de Pemex y los cuatro restantes correspond\u00edan a la empresa Cotemar.<\/p>\n\n\n\n<p>Adem\u00e1s, hay dos desaparecidos de la empresa Bufete de Monitoreo de Condiciones e Integridad (BMCI).<\/p>\n\n\n\n<p>Fuente: https:\/\/www.elfinanciero.com.mx\/nacional\/2021\/08\/23\/sindicato-petrolero-acusa-mala-gestion-en-el-accidente-de-plataforma-de-pemex\/<\/p>\n","protected":false},"excerpt":{"rendered":"<p>El director general de Pemex, Octavio Romero Oropeza se\u00f1al\u00f3 que se registraron cinco muertos tras el accidente en la tarde [&hellip;]<\/p>\n","protected":false},"author":1,"featured_media":12038,"comment_status":"open","ping_status":"open","sticky":false,"template":"","format":"standard","meta":{"site-sidebar-layout":"default","site-content-layout":"","ast-site-content-layout":"default","site-content-style":"default","site-sidebar-style":"default","ast-global-header-display":"","ast-banner-title-visibility":"","ast-main-header-display":"","ast-hfb-above-header-display":"","ast-hfb-below-header-display":"","ast-hfb-mobile-header-display":"","site-post-title":"","ast-breadcrumbs-content":"","ast-featured-img":"","footer-sml-layout":"","theme-transparent-header-meta":"","adv-header-id-meta":"","stick-header-meta":"","header-above-stick-meta":"","header-main-stick-meta":"","header-below-stick-meta":"","astra-migrate-meta-layouts":"default","ast-page-background-enabled":"default","ast-page-background-meta":{"desktop":{"background-color":"var(--ast-global-color-4)","background-image":"","background-repeat":"repeat","background-position":"center center","background-size":"auto","background-attachment":"scroll","background-type":"","background-media":"","overlay-type":"","overlay-color":"","overlay-opacity":"","overlay-gradient":""},"tablet":{"background-color":"","background-image":"","background-repeat":"repeat","background-position":"center center","background-size":"auto","background-attachment":"scroll","background-type":"","background-media":"","overlay-type":"","overlay-color":"","overlay-opacity":"","overlay-gradient":""},"mobile":{"background-color":"","background-image":"","background-repeat":"repeat","background-position":"center center","background-size":"auto","background-attachment":"scroll","background-type":"","background-media":"","overlay-type":"","overlay-color":"","overlay-opacity":"","overlay-gradient":""}},"ast-content-background-meta":{"desktop":{"background-color":"var(--ast-global-color-5)","background-image":"","background-repeat":"repeat","background-position":"center center","background-size":"auto","background-attachment":"scroll","background-type":"","background-media":"","overlay-type":"","overlay-color":"","overlay-opacity":"","overlay-gradient":""},"tablet":{"background-color":"var(--ast-global-color-5)","background-image":"","background-repeat":"repeat","background-position":"center center","background-size":"auto","background-attachment":"scroll","background-type":"","background-media":"","overlay-type":"","overlay-color":"","overlay-opacity":"","overlay-gradient":""},"mobile":{"background-color":"var(--ast-global-color-5)","background-image":"","background-repeat":"repeat","background-position":"center center","background-size":"auto","background-attachment":"scroll","background-type":"","background-media":"","overlay-type":"","overlay-color":"","overlay-opacity":"","overlay-gradient":""}},"footnotes":""},"categories":[8],"tags":[3510,1706,3511],"class_list":["post-12037","post","type-post","status-publish","format-standard","has-post-thumbnail","hentry","category-noticias","tag-incendio-plataforma","tag-pemex","tag-sindicato-petrolero"],"_links":{"self":[{"href":"https:\/\/losperiodistas.com.mx\/portal\/wp-json\/wp\/v2\/posts\/12037","targetHints":{"allow":["GET"]}}],"collection":[{"href":"https:\/\/losperiodistas.com.mx\/portal\/wp-json\/wp\/v2\/posts"}],"about":[{"href":"https:\/\/losperiodistas.com.mx\/portal\/wp-json\/wp\/v2\/types\/post"}],"author":[{"embeddable":true,"href":"https:\/\/losperiodistas.com.mx\/portal\/wp-json\/wp\/v2\/users\/1"}],"replies":[{"embeddable":true,"href":"https:\/\/losperiodistas.com.mx\/portal\/wp-json\/wp\/v2\/comments?post=12037"}],"version-history":[{"count":1,"href":"https:\/\/losperiodistas.com.mx\/portal\/wp-json\/wp\/v2\/posts\/12037\/revisions"}],"predecessor-version":[{"id":12039,"href":"https:\/\/losperiodistas.com.mx\/portal\/wp-json\/wp\/v2\/posts\/12037\/revisions\/12039"}],"wp:featuredmedia":[{"embeddable":true,"href":"https:\/\/losperiodistas.com.mx\/portal\/wp-json\/wp\/v2\/media\/12038"}],"wp:attachment":[{"href":"https:\/\/losperiodistas.com.mx\/portal\/wp-json\/wp\/v2\/media?parent=12037"}],"wp:term":[{"taxonomy":"category","embeddable":true,"href":"https:\/\/losperiodistas.com.mx\/portal\/wp-json\/wp\/v2\/categories?post=12037"},{"taxonomy":"post_tag","embeddable":true,"href":"https:\/\/losperiodistas.com.mx\/portal\/wp-json\/wp\/v2\/tags?post=12037"}],"curies":[{"name":"wp","href":"https:\/\/api.w.org\/{rel}","templated":true}]}}