{"id":120307,"date":"2026-04-13T07:11:16","date_gmt":"2026-04-13T13:11:16","guid":{"rendered":"https:\/\/losperiodistas.com.mx\/portal\/?p=120307"},"modified":"2026-04-13T07:11:17","modified_gmt":"2026-04-13T13:11:17","slug":"peliculas-de-espana-y-mexico-competiran-en-la-semana-de-la-critica-de-cannes-efe","status":"publish","type":"post","link":"https:\/\/losperiodistas.com.mx\/portal\/peliculas-de-espana-y-mexico-competiran-en-la-semana-de-la-critica-de-cannes-efe\/","title":{"rendered":"Pel\u00edculas de Espa\u00f1a y M\u00e9xico competir\u00e1n en la Semana de la Cr\u00edtica de Cannes | EFE"},"content":{"rendered":"\n<figure class=\"wp-block-image size-full\"><img fetchpriority=\"high\" decoding=\"async\" width=\"900\" height=\"600\" src=\"https:\/\/losperiodistas.com.mx\/portal\/wp-content\/uploads\/2026\/04\/aina-clotet.jpeg\" alt=\"\" class=\"wp-image-120308\" srcset=\"https:\/\/losperiodistas.com.mx\/portal\/wp-content\/uploads\/2026\/04\/aina-clotet.jpeg 900w, https:\/\/losperiodistas.com.mx\/portal\/wp-content\/uploads\/2026\/04\/aina-clotet-300x200.jpeg 300w, https:\/\/losperiodistas.com.mx\/portal\/wp-content\/uploads\/2026\/04\/aina-clotet-768x512.jpeg 768w\" sizes=\"(max-width: 900px) 100vw, 900px\" \/><figcaption class=\"wp-element-caption\">Entrevista con Aina Clotet. EFE\/Aitor Mart\u00edn<\/figcaption><\/figure>\n\n\n\n<p class=\"has-vivid-red-color has-text-color has-link-color has-medium-font-size wp-elements-23db7e95974579b190d8bc7ea9a6cef6\"><strong>Agencia EFE<\/strong><\/p>\n\n\n\n<p>Par\u00eds (EFE).- La pel\u00edcula espa\u00f1ola \u2018Viva\u2019, que supone el largometraje de debut como directora de la actriz Aina Clotet, y la mexicana \u2018Seis meses en el edificio rosa con azul\u2019, primer filme de ficci\u00f3n de Bruno Santamar\u00eda Razo, competir\u00e1n en la Semana de la Cr\u00edtica, la secci\u00f3n paralela&nbsp;<a href=\"https:\/\/efe.com\/cultura\/2026-04-09\/festival-cannes-competicion-pelicula-espanoles\/\" target=\"_blank\" rel=\"noreferrer noopener\">del Festival de Cannes<\/a>&nbsp;centrada en descubrir a nuevos cineastas, inform\u00f3 este lunes la organizaci\u00f3n.<\/p>\n\n\n\n<h2 class=\"wp-block-heading\" id=\"h-viva\">\u2018Viva\u2019<\/h2>\n\n\n\n<p>Con un gui\u00f3n firmado por la propia Clotet y Valentina Viso, \u2018Viva\u2019 es una comedia \u00abagridulce\u00bb, seg\u00fan explic\u00f3 la delegada general de la Semana de la Cr\u00edtica, Ava Cahen, al desvelar en un mensaje en v\u00eddeo la selecci\u00f3n de pel\u00edculas que conformar\u00e1n la edici\u00f3n 65 de este certamen, que se desarrollar\u00e1 del 13 al 21 de mayo.<\/p>\n\n\n\n<p>Rodado en catal\u00e1n, el filme aborda la historia de Nora, una mujer que retoma los mandos de su vida tras superar un c\u00e1ncer de pecho.<\/p>\n\n\n\n<p>Asume as\u00ed retos profesionales que la superan y dinamita tambi\u00e9n su futuro proyecto de familia con Tom, su pareja de toda la vida, al entregarse al deseo que siente por Max, un hombre mucho m\u00e1s joven y libre que ella.<\/p>\n\n\n\n<figure class=\"wp-block-embed is-type-wp-embed is-provider-efe-noticias wp-block-embed-efe-noticias\"><div class=\"wp-block-embed__wrapper\">\n<blockquote class=\"wp-embedded-content\" data-secret=\"704MFn1u22\"><a href=\"https:\/\/efe.com\/cultura\/2026-04-09\/festival-cannes-competicion-pelicula-espanoles\/\">Almod\u00f3var, &#8216;los Javis&#8217; y Sorogoyen competir\u00e1n por la Palma de Oro en el Festival de Cannes<\/a><\/blockquote><iframe class=\"wp-embedded-content\" sandbox=\"allow-scripts\" security=\"restricted\" style=\"position: absolute; visibility: hidden;\" title=\"\u00abAlmod\u00f3var, &#8216;los Javis&#8217; y Sorogoyen competir\u00e1n por la Palma de Oro en el Festival de Cannes\u00bb \u2014 EFE Noticias\" src=\"https:\/\/efe.com\/cultura\/2026-04-09\/festival-cannes-competicion-pelicula-espanoles\/embed\/#?secret=IyzgkT9lEA#?secret=704MFn1u22\" data-secret=\"704MFn1u22\" width=\"500\" height=\"282\" frameborder=\"0\" marginwidth=\"0\" marginheight=\"0\" scrolling=\"no\"><\/iframe>\n<\/div><\/figure>\n\n\n\n<p>Cuando Max se va al extranjero, Nora inicia una carrera loca para evitar su mayor angustia: quedarse sola y enfrentar el miedo a la muerte, verdadero temor que esconde esta insaciable hambre de vida.<\/p>\n\n\n\n<p>El reparto, que cuenta con nombres como el de Guillermo Toledo, est\u00e1 encabezado por la propia Clotet en el papel de Nora, mientras que Naby Dakhli interpreta a Tom y Marc Soler a Max.<\/p>\n\n\n\n<h2 class=\"wp-block-heading\" id=\"h-seis-meses-en-el-edificio-rosa-con-azul\">\u2018Seis meses en el edificio rosa con azul\u2019<\/h2>\n\n\n\n<p>\u2018Seis meses en el edificio rosa con azul\u2019, por su parte, discurre a principios de la d\u00e9cada de los noventa en la Ciudad de M\u00e9xico alrededor de Bruno, un ni\u00f1o que cumple 11 a\u00f1os y que tiene sentimientos que cada vez son m\u00e1s intensos hacia su mejor amigo, Vladimir.<\/p>\n\n\n\n<p>La noticia de que su padre tiene VIH impacta de manera repentina en su vida y su familia intenta ahuyentar el dolor cantando y bailando. Treinta a\u00f1os despu\u00e9s, Bruno filma y reimagina el recuerdo de aquella experiencia y de lo que no lleg\u00f3 a percibir del todo cuando era ni\u00f1o.<\/p>\n\n\n\n<p>El reparto cuenta con los nombres de Jade Reyes, Sof\u00eda Espinosa, L\u00e1zaro Gabino, Eduardo Ayala, Valeria Vanegas y Anuar Vera, entre otros.<\/p>\n\n\n\n<h2 class=\"wp-block-heading\" id=\"h-siete-largometrajes-en-competicion\">Siete largometrajes en competici\u00f3n<\/h2>\n\n\n\n<p>En total, la edici\u00f3n 2026 de la Semana de la Cr\u00edtica contar\u00e1 con siete largometrajes en competici\u00f3n, de los cuales cinco ser\u00e1n \u00f3peras primas.<\/p>\n\n\n\n<p>Este certamen solo selecciona primeras o segundas pel\u00edculas de directores de todo el mundo para fomentar as\u00ed el descubrimiento de nuevas voces.<\/p>\n\n\n\n<p>El resto de pel\u00edculas seleccionadas fueron \u2018A Girl Unknown\u2019, de la realizadora china Zou Jing; \u2018The Station\u2019, de la escocesa-yemen\u00ed Sara Ishaq; \u2018Dua\u2019, de la kosovar Blerta Basholli; \u2018La Gradiva\u2019, de la francesa Marine Atlan; y \u2018Tin Castle\u2019, del franco-irland\u00e9s Alexander Murphy.<\/p>\n\n\n\n<p>La secci\u00f3n se abrir\u00e1 con la pel\u00edcula francesa \u2018In Waves\u2019 (Phuong Mai Nguyen) como filme inaugural y se clausurar\u00e1 con la tambi\u00e9n gala \u2018Adieu monde cruel\u2019 (F\u00e9lix de Givry).EFE<\/p>\n\n\n\n<p>Fuente: <a href=\"https:\/\/efe.com\/cultura\/2026-04-13\/aina-clotet-competira-semana-critica-cannes-viva\/\">https:\/\/efe.com\/cultura\/2026-04-13\/aina-clotet-competira-semana-critica-cannes-viva\/<\/a><\/p>\n","protected":false},"excerpt":{"rendered":"<p>Agencia EFE Par\u00eds (EFE).- La pel\u00edcula espa\u00f1ola \u2018Viva\u2019, que supone el largometraje de debut como directora de la actriz Aina [&hellip;]<\/p>\n","protected":false},"author":1,"featured_media":120308,"comment_status":"open","ping_status":"open","sticky":false,"template":"","format":"standard","meta":{"site-sidebar-layout":"default","site-content-layout":"","ast-site-content-layout":"default","site-content-style":"default","site-sidebar-style":"default","ast-global-header-display":"","ast-banner-title-visibility":"","ast-main-header-display":"","ast-hfb-above-header-display":"","ast-hfb-below-header-display":"","ast-hfb-mobile-header-display":"","site-post-title":"","ast-breadcrumbs-content":"","ast-featured-img":"","footer-sml-layout":"","theme-transparent-header-meta":"","adv-header-id-meta":"","stick-header-meta":"","header-above-stick-meta":"","header-main-stick-meta":"","header-below-stick-meta":"","astra-migrate-meta-layouts":"default","ast-page-background-enabled":"default","ast-page-background-meta":{"desktop":{"background-color":"var(--ast-global-color-4)","background-image":"","background-repeat":"repeat","background-position":"center center","background-size":"auto","background-attachment":"scroll","background-type":"","background-media":"","overlay-type":"","overlay-color":"","overlay-opacity":"","overlay-gradient":""},"tablet":{"background-color":"","background-image":"","background-repeat":"repeat","background-position":"center center","background-size":"auto","background-attachment":"scroll","background-type":"","background-media":"","overlay-type":"","overlay-color":"","overlay-opacity":"","overlay-gradient":""},"mobile":{"background-color":"","background-image":"","background-repeat":"repeat","background-position":"center center","background-size":"auto","background-attachment":"scroll","background-type":"","background-media":"","overlay-type":"","overlay-color":"","overlay-opacity":"","overlay-gradient":""}},"ast-content-background-meta":{"desktop":{"background-color":"var(--ast-global-color-5)","background-image":"","background-repeat":"repeat","background-position":"center center","background-size":"auto","background-attachment":"scroll","background-type":"","background-media":"","overlay-type":"","overlay-color":"","overlay-opacity":"","overlay-gradient":""},"tablet":{"background-color":"var(--ast-global-color-5)","background-image":"","background-repeat":"repeat","background-position":"center center","background-size":"auto","background-attachment":"scroll","background-type":"","background-media":"","overlay-type":"","overlay-color":"","overlay-opacity":"","overlay-gradient":""},"mobile":{"background-color":"var(--ast-global-color-5)","background-image":"","background-repeat":"repeat","background-position":"center center","background-size":"auto","background-attachment":"scroll","background-type":"","background-media":"","overlay-type":"","overlay-color":"","overlay-opacity":"","overlay-gradient":""}},"footnotes":""},"categories":[8],"tags":[48126,48125],"class_list":["post-120307","post","type-post","status-publish","format-standard","has-post-thumbnail","hentry","category-noticias","tag-largometrajes","tag-semana-de-la-critica-de-cannes"],"_links":{"self":[{"href":"https:\/\/losperiodistas.com.mx\/portal\/wp-json\/wp\/v2\/posts\/120307","targetHints":{"allow":["GET"]}}],"collection":[{"href":"https:\/\/losperiodistas.com.mx\/portal\/wp-json\/wp\/v2\/posts"}],"about":[{"href":"https:\/\/losperiodistas.com.mx\/portal\/wp-json\/wp\/v2\/types\/post"}],"author":[{"embeddable":true,"href":"https:\/\/losperiodistas.com.mx\/portal\/wp-json\/wp\/v2\/users\/1"}],"replies":[{"embeddable":true,"href":"https:\/\/losperiodistas.com.mx\/portal\/wp-json\/wp\/v2\/comments?post=120307"}],"version-history":[{"count":1,"href":"https:\/\/losperiodistas.com.mx\/portal\/wp-json\/wp\/v2\/posts\/120307\/revisions"}],"predecessor-version":[{"id":120309,"href":"https:\/\/losperiodistas.com.mx\/portal\/wp-json\/wp\/v2\/posts\/120307\/revisions\/120309"}],"wp:featuredmedia":[{"embeddable":true,"href":"https:\/\/losperiodistas.com.mx\/portal\/wp-json\/wp\/v2\/media\/120308"}],"wp:attachment":[{"href":"https:\/\/losperiodistas.com.mx\/portal\/wp-json\/wp\/v2\/media?parent=120307"}],"wp:term":[{"taxonomy":"category","embeddable":true,"href":"https:\/\/losperiodistas.com.mx\/portal\/wp-json\/wp\/v2\/categories?post=120307"},{"taxonomy":"post_tag","embeddable":true,"href":"https:\/\/losperiodistas.com.mx\/portal\/wp-json\/wp\/v2\/tags?post=120307"}],"curies":[{"name":"wp","href":"https:\/\/api.w.org\/{rel}","templated":true}]}}