{"id":120304,"date":"2026-04-13T07:01:03","date_gmt":"2026-04-13T13:01:03","guid":{"rendered":"https:\/\/losperiodistas.com.mx\/portal\/?p=120304"},"modified":"2026-04-13T07:01:05","modified_gmt":"2026-04-13T13:01:05","slug":"el-papa-en-argelia-el-futuro-pertenece-a-los-hombres-y-mujeres-de-paz-vatican-news","status":"publish","type":"post","link":"https:\/\/losperiodistas.com.mx\/portal\/el-papa-en-argelia-el-futuro-pertenece-a-los-hombres-y-mujeres-de-paz-vatican-news\/","title":{"rendered":"El Papa en Argelia: El futuro pertenece a los hombres y mujeres de paz | Vatican News"},"content":{"rendered":"\n<p class=\"has-luminous-vivid-amber-background-color has-background has-medium-font-size\">En su primer discurso en Argelia, primera etapa de su viaje apost\u00f3lico a \u00c1frica, ante el Memorial de los M\u00e1rtires \u00abMaqam Echahid\u00bb, que rinde homenaje a aquellos que perdieron la vida en la lucha por la independencia de la Francia colonial, el Santo Padre lanz\u00f3 un fuerte llamado a la paz, al perd\u00f3n y la fraternidad entre los pueblos.<\/p>\n\n\n\n<figure class=\"wp-block-embed is-type-video is-provider-youtube wp-block-embed-youtube wp-embed-aspect-16-9 wp-has-aspect-ratio\"><div class=\"wp-block-embed__wrapper\">\n<iframe title=\"Argelia-Visita al Monumento a los M\u00e1rtires \u00abMaqam Echadid\u00bb, 13 de abril de 2026\u2013Papa Le\u00f3n XIV\" width=\"500\" height=\"281\" src=\"https:\/\/www.youtube.com\/embed\/dMYs-tbIIUY?feature=oembed\" frameborder=\"0\" allow=\"accelerometer; autoplay; clipboard-write; encrypted-media; gyroscope; picture-in-picture; web-share\" referrerpolicy=\"strict-origin-when-cross-origin\" allowfullscreen><\/iframe>\n<\/div><\/figure>\n\n\n\n<p><\/p>\n\n\n\n<p class=\"has-vivid-red-color has-text-color has-link-color has-medium-font-size wp-elements-5155ea6f34947892dae48f078d690925\"><strong>Vatican News<\/strong><\/p>\n\n\n\n<blockquote class=\"wp-block-quote is-layout-flow wp-block-quote-is-layout-flow\">\n<p class=\"has-ast-global-color-4-background-color has-background\">\u201c\u00a1As-salamu alaykom! \u00a1Que la paz est\u00e9 con ustedes!\u201d<\/p>\n<\/blockquote>\n\n\n\n<p>Con el saludo de la paz en lengua \u00e1rabe, el Papa Le\u00f3n XIV inici\u00f3 el primer discurso de su extenso viaje apost\u00f3lico a \u00c1frica, dirigido al pueblo de Argelia, precedido por las palabras de bienvenida del cardenal Jean-Paul Vesco, arzobispo de Argel. Unas 5 mil personas se reunieron en el Memorial construido por el arquitecto canadiense Bruce Charles Abud, donde, en la cripta bajo las tres hojas, arde una llama eterna.<\/p>\n\n\n\n<p>Le\u00f3n XIV lleg\u00f3 all\u00ed alrededor de las 10:45, bajo un cielo plomizo y un fuerte viento. Un ministro lo recibi\u00f3 al pie de la escalinata del Monumento, que el Papa recorri\u00f3 acompa\u00f1ado por dos oficiales superiores de la Guardia argelina. Llevaban en la mano una corona de flores: es el homenaje del Pont\u00edfice a este pueblo que ha luchado por la independencia, la dignidad y la soberan\u00eda de la naci\u00f3n. Se les dedica un momento de silencio, tras la Guardia de Honor y la interpretaci\u00f3n de los himnos. El Papa y el ministro se dirigieron luego hacia el lado izquierdo de la terraza para admirar la vista del puerto de Argel. Luego se trasladaron al lado opuesto, donde una multitud de unas 5.000 personas esperaban el saludo del Pont\u00edfice.<\/p>\n\n\n\n<h2 class=\"wp-block-heading\"><strong>Sobre todo, un hermano<\/strong><\/h2>\n\n\n\n<p>Agradeciendo la oportunidad de visitar el pa\u00eds \u201ccomo Sucesor del ap\u00f3stol Pedro, despu\u00e9s de haberlo hecho ya en dos ocasiones como hijo espiritual de san Agust\u00edn\u201d, el Papa, en su&nbsp;<strong><a href=\"https:\/\/www.vatican.va\/content\/leo-xiv\/es\/speeches\/2026\/april\/documents\/20260413-algeria-monumento-martiri.html\">discurso<\/a><\/strong>, subray\u00f3 que sobre todo, \u00abquien viene ante ustedes es un hermano, feliz de poder renovar, en este encuentro, los lazos de afecto que unen nuestros corazones\u201d.<\/p>\n\n\n\n<p>El Santo Padre elogi\u00f3 la \u201chospitalidad y fraternidad\u201d de un \u201cpueblo joven y fuerte\u201d, experimentada en repetidas ocasiones. Y remarc\u00f3 c\u00f3mo en el coraz\u00f3n argelino \u201cla amistad, la confianza y la solidaridad no son simples palabras, sino valores importantes que dan calidez y fortaleza a la convivencia\u201d.<\/p>\n\n\n\n<p>A continuaci\u00f3n, se refiri\u00f3 a la larga historia y ricas tradiciones del pa\u00eds, &nbsp;que se remontan a la \u00e9poca de san Agust\u00edn e incluso mucho antes de \u00e9l. \u201cUna historia dolorosa, marcada incluso por per\u00edodos de violencia\u201d &#8211; afirm\u00f3 &#8211; que el pueblo argelino super\u00f3 con \u201cvalent\u00eda y honestidad\u201d, gracias a la \u201cnobleza de esp\u00edritu que los caracteriza\u201d. Detenerse ante este Monumento, a\u00f1adi\u00f3, \u201ces un homenaje a esa historia y al alma de un pueblo que ha luchado por la independencia, la dignidad y la soberan\u00eda de esta naci\u00f3n\u201d.<\/p>\n\n\n\n<p>El Pont\u00edfice se\u00f1al\u00f3 que en este lugar \u201crecordamos que Dios desea la paz para cada pa\u00eds\u201d, una paz que \u201cno es s\u00f3lo ausencia de conflicto, sino expresi\u00f3n de justicia y de dignidad\u201d, y que \u201ces posible solamente con el perd\u00f3n\u201d. La lucha verdadera por la liberaci\u00f3n \u2013 puntualiz\u00f3 \u2013ser\u00e1 ganada definitivamente s\u00f3lo cuando la paz se haya conquistado finalmente en los corazones. \u201cS\u00e9 cu\u00e1n dif\u00edcil sea perdonar. Sin embargo, mientras los conflictos se multiplican continuamente en todo el mundo, no se puede a\u00f1adir resentimiento al resentimiento, de generaci\u00f3n en generaci\u00f3n\u201d.<\/p>\n\n\n\n<p><em>El futuro pertenece a los hombres y a las mujeres de paz. Al final, la justicia triunfar\u00e1 siempre sobre la injusticia, as\u00ed como la violencia, m\u00e1s all\u00e1 de toda apariencia, no tendr\u00e1 nunca la \u00faltima palabra.<\/em><\/p>\n\n\n\n<h2 class=\"wp-block-heading\"><strong>La fe en Dios verdadera riqueza<\/strong><\/h2>\n\n\n\n<p>Le\u00f3n XIV se refiri\u00f3 tambi\u00e9n al patrimonio \u00fanico de historia, de cultura y de fe que posee cada pueblo, observando que en Argelia \u201cla fe en Dios ocupa un lugar central\u201d.<\/p>\n\n\n\n<p><em>Un pueblo que ama a Dios posee la riqueza m\u00e1s verdadera, y el pueblo argelino guarda esta joya en su tesoro. Nuestro mundo necesita este tipo de creyentes, hombres y mujeres de fe, sedientos de justicia y de unidad. Por eso, ante una humanidad anhelante de fraternidad y de reconciliaci\u00f3n, es un gran don y un bendito compromiso el declararnos con fuerza y ser siempre, juntos, hermanos entre nosotros e hijos de Dios.<\/em><\/p>\n\n\n\n<h2 class=\"wp-block-heading\"><strong>La verdadera libertad se elige cada d\u00eda<\/strong><\/h2>\n\n\n\n<p>\u00ab\u00bfDe qu\u00e9 le servir\u00e1 al hombre ganar el mundo entero si pierde su vida?\u00bb pregunt\u00f3 el Pont\u00edfice remiti\u00e9ndose a un pasaje del Evangelio de Mateo (<em>Mt&nbsp;<\/em>16,26), y reflexionando sobre este, afirm\u00f3:<\/p>\n\n\n\n<p><em>Es una pregunta fundamental para todos a la que los difuntos que aqu\u00ed se honran dieron respuesta: perdieron la vida, pero en otro sentido, entreg\u00e1ndola por amor a su pueblo. Que su ejemplo sostenga al pueblo argelino y a todos nosotros en nuestro camino, porque la verdadera libertad no s\u00f3lo se hereda, sino que se elige cada d\u00eda.<\/em><\/p>\n\n\n\n<h2 class=\"wp-block-heading\">Felices los que trabajan por la paz<\/h2>\n\n\n\n<p>El Papa Le\u00f3n XIV concluy\u00f3 repitiendo las palabras de Jes\u00fas a sus disc\u00edpulos, a las que llamamos Serm\u00f3n de la monta\u00f1a o Bienaventuranzas:<\/p>\n\n\n\n<p>\u00abFelices los que tienen alma de pobres, &nbsp;porque a ellos les pertenece el Reino de los Cielos. Felices los pacientes, &nbsp;porque recibir\u00e1n la tierra en herencia. Felices los afligidos, porque ser\u00e1n consolados. Felices los que tienen hambre y sed de justicia, porque ser\u00e1n saciados. Felices los misericordiosos, porque obtendr\u00e1n misericordia. Felices los que tienen el coraz\u00f3n puro, porque ver\u00e1n a Dios. Felices los que trabajan por la paz, porque ser\u00e1n llamados hijos de Dios. Felices los que son perseguidos por practicar la justicia, porque a ellos les pertenece el Reino de los Cielos\u00bb (<em>Mt&nbsp;<\/em>5,3-10).<\/p>\n\n\n\n<p>Fuente: <a href=\"https:\/\/www.vaticannews.va\/es\/papa\/news\/2026-04\/papa-leon-xiv-saludo-pueblo-argelino-memorial-martires.html\">https:\/\/www.vaticannews.va\/es\/papa\/news\/2026-04\/papa-leon-xiv-saludo-pueblo-argelino-memorial-martires.html<\/a><\/p>\n","protected":false},"excerpt":{"rendered":"<p>En su primer discurso en Argelia, primera etapa de su viaje apost\u00f3lico a \u00c1frica, ante el Memorial de los M\u00e1rtires [&hellip;]<\/p>\n","protected":false},"author":1,"featured_media":120305,"comment_status":"open","ping_status":"open","sticky":false,"template":"","format":"standard","meta":{"site-sidebar-layout":"default","site-content-layout":"","ast-site-content-layout":"default","site-content-style":"default","site-sidebar-style":"default","ast-global-header-display":"","ast-banner-title-visibility":"","ast-main-header-display":"","ast-hfb-above-header-display":"","ast-hfb-below-header-display":"","ast-hfb-mobile-header-display":"","site-post-title":"","ast-breadcrumbs-content":"","ast-featured-img":"","footer-sml-layout":"","theme-transparent-header-meta":"","adv-header-id-meta":"","stick-header-meta":"","header-above-stick-meta":"","header-main-stick-meta":"","header-below-stick-meta":"","astra-migrate-meta-layouts":"default","ast-page-background-enabled":"default","ast-page-background-meta":{"desktop":{"background-color":"var(--ast-global-color-4)","background-image":"","background-repeat":"repeat","background-position":"center center","background-size":"auto","background-attachment":"scroll","background-type":"","background-media":"","overlay-type":"","overlay-color":"","overlay-opacity":"","overlay-gradient":""},"tablet":{"background-color":"","background-image":"","background-repeat":"repeat","background-position":"center center","background-size":"auto","background-attachment":"scroll","background-type":"","background-media":"","overlay-type":"","overlay-color":"","overlay-opacity":"","overlay-gradient":""},"mobile":{"background-color":"","background-image":"","background-repeat":"repeat","background-position":"center center","background-size":"auto","background-attachment":"scroll","background-type":"","background-media":"","overlay-type":"","overlay-color":"","overlay-opacity":"","overlay-gradient":""}},"ast-content-background-meta":{"desktop":{"background-color":"var(--ast-global-color-5)","background-image":"","background-repeat":"repeat","background-position":"center center","background-size":"auto","background-attachment":"scroll","background-type":"","background-media":"","overlay-type":"","overlay-color":"","overlay-opacity":"","overlay-gradient":""},"tablet":{"background-color":"var(--ast-global-color-5)","background-image":"","background-repeat":"repeat","background-position":"center center","background-size":"auto","background-attachment":"scroll","background-type":"","background-media":"","overlay-type":"","overlay-color":"","overlay-opacity":"","overlay-gradient":""},"mobile":{"background-color":"var(--ast-global-color-5)","background-image":"","background-repeat":"repeat","background-position":"center center","background-size":"auto","background-attachment":"scroll","background-type":"","background-media":"","overlay-type":"","overlay-color":"","overlay-opacity":"","overlay-gradient":""}},"footnotes":""},"categories":[8],"tags":[48124],"class_list":["post-120304","post","type-post","status-publish","format-standard","has-post-thumbnail","hentry","category-noticias","tag-leon-xiv-argelia"],"_links":{"self":[{"href":"https:\/\/losperiodistas.com.mx\/portal\/wp-json\/wp\/v2\/posts\/120304","targetHints":{"allow":["GET"]}}],"collection":[{"href":"https:\/\/losperiodistas.com.mx\/portal\/wp-json\/wp\/v2\/posts"}],"about":[{"href":"https:\/\/losperiodistas.com.mx\/portal\/wp-json\/wp\/v2\/types\/post"}],"author":[{"embeddable":true,"href":"https:\/\/losperiodistas.com.mx\/portal\/wp-json\/wp\/v2\/users\/1"}],"replies":[{"embeddable":true,"href":"https:\/\/losperiodistas.com.mx\/portal\/wp-json\/wp\/v2\/comments?post=120304"}],"version-history":[{"count":1,"href":"https:\/\/losperiodistas.com.mx\/portal\/wp-json\/wp\/v2\/posts\/120304\/revisions"}],"predecessor-version":[{"id":120306,"href":"https:\/\/losperiodistas.com.mx\/portal\/wp-json\/wp\/v2\/posts\/120304\/revisions\/120306"}],"wp:featuredmedia":[{"embeddable":true,"href":"https:\/\/losperiodistas.com.mx\/portal\/wp-json\/wp\/v2\/media\/120305"}],"wp:attachment":[{"href":"https:\/\/losperiodistas.com.mx\/portal\/wp-json\/wp\/v2\/media?parent=120304"}],"wp:term":[{"taxonomy":"category","embeddable":true,"href":"https:\/\/losperiodistas.com.mx\/portal\/wp-json\/wp\/v2\/categories?post=120304"},{"taxonomy":"post_tag","embeddable":true,"href":"https:\/\/losperiodistas.com.mx\/portal\/wp-json\/wp\/v2\/tags?post=120304"}],"curies":[{"name":"wp","href":"https:\/\/api.w.org\/{rel}","templated":true}]}}