{"id":120297,"date":"2026-04-13T06:41:24","date_gmt":"2026-04-13T12:41:24","guid":{"rendered":"https:\/\/losperiodistas.com.mx\/portal\/?p=120297"},"modified":"2026-04-13T06:41:26","modified_gmt":"2026-04-13T12:41:26","slug":"y-trump-se-disfraza-de-cristo-salvador-y-pone-ahora-su-punto-de-mira-en-el-papa-leon-xiv-naiz","status":"publish","type":"post","link":"https:\/\/losperiodistas.com.mx\/portal\/y-trump-se-disfraza-de-cristo-salvador-y-pone-ahora-su-punto-de-mira-en-el-papa-leon-xiv-naiz\/","title":{"rendered":"Y Trump se disfraza de Cristo salvador y pone ahora su punto de mira en el Papa Le\u00f3n XIV&#8230; | naiz:"},"content":{"rendered":"\n<p class=\"has-medium-font-size\">Los ataques de Donald Trump no tienen fin. Su \u00faltimo objetivo ha sido el Papa Le\u00f3n XIV, estadounidense, a quien ha criticado por cuestionar la escalada b\u00e9lica. Para ello, no ha tenido mejor idea que disfrazarse de Cristo salvador utilizando la inteligencia artificial.<\/p>\n\n\n\n<figure class=\"wp-block-image\"><img decoding=\"async\" src=\"https:\/\/www.naiz.eus\/media\/asset_publics\/resources\/001\/327\/787\/article_main_vertical\/HFwOA-ba4AAI9ro.JPG\" alt=\"Imagen de Trump disfrazado de Cristo salvador difundida por el propio presidente de EEUU.\"\/><figcaption class=\"wp-element-caption\">Imagen de Trump disfrazado de Cristo salvador difundida por el propio presidente de EEUU. (@TrumpTruthOnX)<\/figcaption><\/figure>\n\n\n\n<p><\/p>\n\n\n\n<p class=\"has-vivid-red-color has-text-color has-link-color has-medium-font-size wp-elements-fc11c95508412050a863c51fcc06aa4f\"><strong>Redacci\u00f3n<\/strong> <strong>naiz<\/strong>:<\/p>\n\n\n\n<p>Tras Venezuela, Groenlandia, Ir\u00e1n, la UE y una larga lista, el presidente de EEUU, Donald Trump ya ha fijado un nuevo objetivo para su punto de mira, el Papa Le\u00f3n XIV.<\/p>\n\n\n\n<p>Trump ha criticado a Le\u00f3n XIV, ciudadano estadounidense, por ser, seg\u00fan el magnate republicano, \u00abd\u00e9bil en materia de delincuencia y p\u00e9simo en pol\u00edtica exterior\u00bb, atribuy\u00e9ndole al l\u00edder de la Iglesia cat\u00f3lica una oposici\u00f3n a las campa\u00f1as militares de su Administraci\u00f3n en Venezuela e Ir\u00e1n e ilustrando su mensaje en su red social Truth con una imagen generada por IA en la que el presidente de EEUU aparece como un Cristo salvador.<\/p>\n\n\n\n<p><\/p>\n\n\n\n<p>Seg\u00fan el mandatario norteamericano, su connacional \u00abel Papa Le\u00f3n XIV es d\u00e9bil en materia de delincuencia y p\u00e9simo en pol\u00edtica exterior\u00bb, y, adem\u00e1s, muestra \u00abdebilidad (&#8230;) contra las armas nucleares\u00bb. \u00abMe cae mucho mejor su hermano Louis (Prevost) que \u00e9l, porque Louis es todo MAGA\u00bb, ha a\u00f1adido en alusi\u00f3n al movimiento Make America Great Again, que lo llev\u00f3 a la Casa Blanca.<\/p>\n\n\n\n<p>\u00abNo quiero un Papa que piense que est\u00e1 bien que Ir\u00e1n tenga armas nucleares. No quiero un Papa que piense que es terrible que Estados Unidos atacara a Venezuela, un pa\u00eds que enviaba enormes cantidades de drogas a Estados Unidos y, peor a\u00fan, que liberaba a asesinos, narcotraficantes y criminales en nuestro pa\u00eds\u00bb, ha proclamado Trump, protestante presbiteriano hasta 2020.<\/p>\n\n\n\n<p><strong>Papa elegido \u00abgracias a Trump\u00bb<\/strong><\/p>\n\n\n\n<p>El magnate republicano tambi\u00e9n ha cargado contra el l\u00edder de los cat\u00f3licos por \u00abcriticar al presidente de EEUU\u00bb, seg\u00fan ha afirmado en tercera persona antes de defender, ya en primera, que est\u00e1 haciendo desde la Casa Blanca \u00abexactamente\u00bb aquello por lo que fue elegido \u00abpor una aplastante mayor\u00eda: reducir la delincuencia a m\u00ednimos hist\u00f3ricos y crear el mejor mercado de valores de la historia\u00bb, sin aludir a sus promesas de campa\u00f1a acerca \u00abdetener las guerras\u00bb y no comenzar ninguna.<\/p>\n\n\n\n<p>Por otra parte, el mandatario norteamericano ha defendido que \u00ab(el Papa) Le\u00f3n deber\u00eda estar agradecido porque, como todos saben, fue una sorpresa may\u00fascula\u00bb. \u00abNo figuraba en ninguna lista para ser Papa, y la Iglesia lo puso all\u00ed solo porque era estadounidense, y pensaron que esa ser\u00eda la mejor manera de lidiar con el presidente Donald Trump\u00bb, ha alegado volviendo a la tercera persona antes de asegurar que si \u00e9l \u00abno estuviera en la Casa Blanca, Le\u00f3n no estar\u00eda en el Vaticano\u00bb.<\/p>\n\n\n\n<p><strong>Respuesta de Le\u00f3n XIV<\/strong><\/p>\n\n\n\n<p>El papa Le\u00f3n XIV ha respondido a Trump,&nbsp; record\u00e1ndole que \u00abel Evangelio es claro\u00bb y que \u00abla Iglesia tiene la obligaci\u00f3n moral de ir contra la guerra\u00bb, seg\u00fan ha dicho durante el vuelo hacia Argelia para su tercer viaje internacional.<\/p>\n\n\n\n<p>\u00abLas cosas que yo digo no tienen por qu\u00e9 ser entendidas como un ataque a nadie. El mensaje del Evangelio es muy claro: Bienaventurados los que construyen la paz\u00bb, ha dichio el pont\u00edfice estadounidense en declaraciones a los periodistas que viajan en el avi\u00f3n hacia Argelia.<\/p>\n\n\n\n<p>Le\u00f3n XIV ha asegurado adem\u00e1s que no tiene \u00abmiedo\u00bb de la administraci\u00f3n Trump o de \u00abdeclarar fuertemente el mensaje del Evangelio\u00bb.<\/p>\n\n\n\n<p>\u00abEsto es lo que creo que tengo que hacer, lo que la Iglesia tiene que hacer. No somos pol\u00edticos, no nos ocupamos de pol\u00edtica internacional con la misma perspectiva que \u00e9l (Trump) pueda tener. Yo creo en el mensaje del evangelio que es el del construir la paz\u00bb, ha a\u00f1adido.<\/p>\n\n\n\n<p>Ha agregado que \u00e9l s\u00f3lo est\u00e1 invitando \u00aba todos para buscar la manera de construir puentes de paz y reconciliaci\u00f3n, de buscar modos de evitar guerra siempre que se pueda\u00bb.<\/p>\n\n\n\n<p>\u00abCreo que el presidente no est\u00e1 entendiendo lo que es el mensaje del evangelio\u00bb, ha aseverado el pont\u00edfice, quien siente \u00abmucho\u00bb las palabras de Trump, pero \u00e9l, seg\u00fan ha afirmado, seguir\u00e1 con su misi\u00f3n.<\/p>\n\n\n\n<p>\u00abCreo que es muy importante volver a ese sendero, sea a trav\u00e9s de Naciones Unidas, o de otras maneras y trabajar por la paz\u00bb, ha a\u00f1adido Le\u00f3n XIV.<\/p>\n\n\n\n<p>Fuente: <a href=\"https:\/\/www.naiz.eus\/eu\/info\/noticia\/20260413\/y-trump-se-disfraza-de-cristo-y-pone-ahora-su-punto-de-mira-en-el-papa-leon-xiv\">https:\/\/www.naiz.eus\/eu\/info\/noticia\/20260413\/y-trump-se-disfraza-de-cristo-y-pone-ahora-su-punto-de-mira-en-el-papa-leon-xiv<\/a><\/p>\n","protected":false},"excerpt":{"rendered":"<p>Los ataques de Donald Trump no tienen fin. Su \u00faltimo objetivo ha sido el Papa Le\u00f3n XIV, estadounidense, a quien [&hellip;]<\/p>\n","protected":false},"author":1,"featured_media":120298,"comment_status":"open","ping_status":"open","sticky":false,"template":"","format":"standard","meta":{"site-sidebar-layout":"default","site-content-layout":"","ast-site-content-layout":"default","site-content-style":"default","site-sidebar-style":"default","ast-global-header-display":"","ast-banner-title-visibility":"","ast-main-header-display":"","ast-hfb-above-header-display":"","ast-hfb-below-header-display":"","ast-hfb-mobile-header-display":"","site-post-title":"","ast-breadcrumbs-content":"","ast-featured-img":"","footer-sml-layout":"","theme-transparent-header-meta":"","adv-header-id-meta":"","stick-header-meta":"","header-above-stick-meta":"","header-main-stick-meta":"","header-below-stick-meta":"","astra-migrate-meta-layouts":"default","ast-page-background-enabled":"default","ast-page-background-meta":{"desktop":{"background-color":"var(--ast-global-color-4)","background-image":"","background-repeat":"repeat","background-position":"center center","background-size":"auto","background-attachment":"scroll","background-type":"","background-media":"","overlay-type":"","overlay-color":"","overlay-opacity":"","overlay-gradient":""},"tablet":{"background-color":"","background-image":"","background-repeat":"repeat","background-position":"center center","background-size":"auto","background-attachment":"scroll","background-type":"","background-media":"","overlay-type":"","overlay-color":"","overlay-opacity":"","overlay-gradient":""},"mobile":{"background-color":"","background-image":"","background-repeat":"repeat","background-position":"center center","background-size":"auto","background-attachment":"scroll","background-type":"","background-media":"","overlay-type":"","overlay-color":"","overlay-opacity":"","overlay-gradient":""}},"ast-content-background-meta":{"desktop":{"background-color":"var(--ast-global-color-5)","background-image":"","background-repeat":"repeat","background-position":"center center","background-size":"auto","background-attachment":"scroll","background-type":"","background-media":"","overlay-type":"","overlay-color":"","overlay-opacity":"","overlay-gradient":""},"tablet":{"background-color":"var(--ast-global-color-5)","background-image":"","background-repeat":"repeat","background-position":"center center","background-size":"auto","background-attachment":"scroll","background-type":"","background-media":"","overlay-type":"","overlay-color":"","overlay-opacity":"","overlay-gradient":""},"mobile":{"background-color":"var(--ast-global-color-5)","background-image":"","background-repeat":"repeat","background-position":"center center","background-size":"auto","background-attachment":"scroll","background-type":"","background-media":"","overlay-type":"","overlay-color":"","overlay-opacity":"","overlay-gradient":""}},"footnotes":""},"categories":[8],"tags":[48122,48123],"class_list":["post-120297","post","type-post","status-publish","format-standard","has-post-thumbnail","hentry","category-noticias","tag-trump-disfraz","tag-trump-tras-leon-xiv"],"_links":{"self":[{"href":"https:\/\/losperiodistas.com.mx\/portal\/wp-json\/wp\/v2\/posts\/120297","targetHints":{"allow":["GET"]}}],"collection":[{"href":"https:\/\/losperiodistas.com.mx\/portal\/wp-json\/wp\/v2\/posts"}],"about":[{"href":"https:\/\/losperiodistas.com.mx\/portal\/wp-json\/wp\/v2\/types\/post"}],"author":[{"embeddable":true,"href":"https:\/\/losperiodistas.com.mx\/portal\/wp-json\/wp\/v2\/users\/1"}],"replies":[{"embeddable":true,"href":"https:\/\/losperiodistas.com.mx\/portal\/wp-json\/wp\/v2\/comments?post=120297"}],"version-history":[{"count":1,"href":"https:\/\/losperiodistas.com.mx\/portal\/wp-json\/wp\/v2\/posts\/120297\/revisions"}],"predecessor-version":[{"id":120299,"href":"https:\/\/losperiodistas.com.mx\/portal\/wp-json\/wp\/v2\/posts\/120297\/revisions\/120299"}],"wp:featuredmedia":[{"embeddable":true,"href":"https:\/\/losperiodistas.com.mx\/portal\/wp-json\/wp\/v2\/media\/120298"}],"wp:attachment":[{"href":"https:\/\/losperiodistas.com.mx\/portal\/wp-json\/wp\/v2\/media?parent=120297"}],"wp:term":[{"taxonomy":"category","embeddable":true,"href":"https:\/\/losperiodistas.com.mx\/portal\/wp-json\/wp\/v2\/categories?post=120297"},{"taxonomy":"post_tag","embeddable":true,"href":"https:\/\/losperiodistas.com.mx\/portal\/wp-json\/wp\/v2\/tags?post=120297"}],"curies":[{"name":"wp","href":"https:\/\/api.w.org\/{rel}","templated":true}]}}