{"id":120291,"date":"2026-04-13T06:15:11","date_gmt":"2026-04-13T12:15:11","guid":{"rendered":"https:\/\/losperiodistas.com.mx\/portal\/?p=120291"},"modified":"2026-04-13T06:15:12","modified_gmt":"2026-04-13T12:15:12","slug":"presentan-redaccion-aumentada-estudio-sobre-el-uso-de-inteligencia-artificial-en-medios-informativos-locales-de-mexico","status":"publish","type":"post","link":"https:\/\/losperiodistas.com.mx\/portal\/presentan-redaccion-aumentada-estudio-sobre-el-uso-de-inteligencia-artificial-en-medios-informativos-locales-de-mexico\/","title":{"rendered":"Presentan \u201cRedacci\u00f3n Aumentada\u201d, estudio sobre el uso de inteligencia artificial en medios informativos locales de M\u00e9xico"},"content":{"rendered":"\n<figure class=\"wp-block-image size-large\"><img fetchpriority=\"high\" decoding=\"async\" width=\"1024\" height=\"576\" src=\"https:\/\/losperiodistas.com.mx\/portal\/wp-content\/uploads\/2026\/04\/RedaccionAumentada-1024x576.jpg\" alt=\"\" class=\"wp-image-120295\" srcset=\"https:\/\/losperiodistas.com.mx\/portal\/wp-content\/uploads\/2026\/04\/RedaccionAumentada-1024x576.jpg 1024w, https:\/\/losperiodistas.com.mx\/portal\/wp-content\/uploads\/2026\/04\/RedaccionAumentada-300x169.jpg 300w, https:\/\/losperiodistas.com.mx\/portal\/wp-content\/uploads\/2026\/04\/RedaccionAumentada-768x432.jpg 768w, https:\/\/losperiodistas.com.mx\/portal\/wp-content\/uploads\/2026\/04\/RedaccionAumentada-1536x864.jpg 1536w, https:\/\/losperiodistas.com.mx\/portal\/wp-content\/uploads\/2026\/04\/RedaccionAumentada.jpg 1600w\" sizes=\"(max-width: 1024px) 100vw, 1024px\" \/><\/figure>\n\n\n\n<p><\/p>\n\n\n\n<p><\/p>\n\n\n\n<p class=\"has-medium-font-size\"><strong>Luis Mart\u00ednez<br>Observatorio Mexicano de Medios<\/strong><br><br><\/p>\n\n\n\n<p>La inteligencia artificial ya forma parte de las rutinas de trabajo en una parte importante de los medios informativos locales del pa\u00eds, pero su incorporaci\u00f3n ocurre, en muchos casos, sin capacitaci\u00f3n suficiente, sin lineamientos claros y en contextos laborales marcados por la presi\u00f3n de producir m\u00e1s contenido en menos tiempo. Esa es una de las principales conclusiones de <strong>\u201cRedacci\u00f3n Aumentada. Uso de IA en los medios informativos locales de M\u00e9xico\u201d<\/strong>, investigaci\u00f3n publicada por el <strong>Observatorio Mexicano de Medios<\/strong>.<\/p>\n\n\n\n<p>El estudio se basa en <strong>75 encuestas aplicadas entre febrero y diciembre de 2025<\/strong> en <strong>30 estados de la Rep\u00fablica Mexicana<\/strong>, as\u00ed como en entrevistas de profundidad, an\u00e1lisis documental y revisi\u00f3n de literatura especializada. Los resultados muestran que <strong>57.3%<\/strong> de las personas consultadas afirma que la IA ya se utiliza en alguna fase del proceso informativo dentro de sus medios, mientras que <strong>34.7%<\/strong> reporta que no se emplea y <strong>8%<\/strong> se\u00f1ala no saber si su redacci\u00f3n la usa.<\/p>\n\n\n\n<figure class=\"wp-block-image size-full\"><img decoding=\"async\" width=\"325\" height=\"406\" src=\"https:\/\/losperiodistas.com.mx\/portal\/wp-content\/uploads\/2026\/04\/image.png\" alt=\"\" class=\"wp-image-120292\" srcset=\"https:\/\/losperiodistas.com.mx\/portal\/wp-content\/uploads\/2026\/04\/image.png 325w, https:\/\/losperiodistas.com.mx\/portal\/wp-content\/uploads\/2026\/04\/image-240x300.png 240w\" sizes=\"(max-width: 325px) 100vw, 325px\" \/><\/figure>\n\n\n\n<p>La investigaci\u00f3n identifica que el uso de la inteligencia artificial en medios locales se concentra principalmente en tareas de apoyo editorial. Las funciones m\u00e1s comunes son la <strong>correcci\u00f3n de textos (38.7%)<\/strong>, la <strong>redacci\u00f3n automatizada de notas (28%)<\/strong> y la <strong>generaci\u00f3n de res\u00famenes (28%)<\/strong>. Adem\u00e1s, <strong>ChatGPT<\/strong> aparece como la herramienta m\u00e1s utilizada, con <strong>66.2%<\/strong>, muy por encima de otras plataformas disponibles.<\/p>\n\n\n\n<figure class=\"wp-block-image size-full\"><img decoding=\"async\" width=\"318\" height=\"397\" src=\"https:\/\/losperiodistas.com.mx\/portal\/wp-content\/uploads\/2026\/04\/image-1.png\" alt=\"\" class=\"wp-image-120293\" srcset=\"https:\/\/losperiodistas.com.mx\/portal\/wp-content\/uploads\/2026\/04\/image-1.png 318w, https:\/\/losperiodistas.com.mx\/portal\/wp-content\/uploads\/2026\/04\/image-1-240x300.png 240w\" sizes=\"(max-width: 318px) 100vw, 318px\" \/><\/figure>\n\n\n\n<p>Uno de los hallazgos m\u00e1s relevantes del informe es que la <strong>falta de capacitaci\u00f3n<\/strong> constituye el principal desaf\u00edo para la integraci\u00f3n de estas tecnolog\u00edas. <strong>70.6%<\/strong> de las personas encuestadas la identifica como la barrera m\u00e1s importante; <strong>55.4%<\/strong> asegura no haber recibido nunca formaci\u00f3n en IA y solo <strong>12.2%<\/strong> considera que su capacitaci\u00f3n ha sido suficiente. A ello se suma que <strong>50%<\/strong> de las redacciones no cuenta con responsables definidos para supervisar el uso de estas herramientas.<\/p>\n\n\n\n<figure class=\"wp-block-image size-full\"><img loading=\"lazy\" decoding=\"async\" width=\"305\" height=\"381\" src=\"https:\/\/losperiodistas.com.mx\/portal\/wp-content\/uploads\/2026\/04\/image-2.png\" alt=\"\" class=\"wp-image-120294\" srcset=\"https:\/\/losperiodistas.com.mx\/portal\/wp-content\/uploads\/2026\/04\/image-2.png 305w, https:\/\/losperiodistas.com.mx\/portal\/wp-content\/uploads\/2026\/04\/image-2-240x300.png 240w\" sizes=\"(max-width: 305px) 100vw, 305px\" \/><\/figure>\n\n\n\n<p>El estudio tambi\u00e9n revela que, aunque la IA ya est\u00e1 presente en las redacciones, la confianza en sus resultados sigue siendo limitada. <strong>48%<\/strong> de las personas encuestadas asegura que siempre verifica manualmente el contenido generado con IA, mientras que <strong>31%<\/strong> considera poco confiable su uso para tareas de redacci\u00f3n. Adem\u00e1s, <strong>62.7%<\/strong> estima que es necesaria una regulaci\u00f3n sobre su uso en medios de comunicaci\u00f3n.<\/p>\n\n\n\n<p>A trav\u00e9s de testimonios recogidos en <strong>Puebla, Tlaxcala y Morelos<\/strong>, la investigaci\u00f3n documenta que la IA no est\u00e1 sustituyendo de manera generalizada a periodistas, pero s\u00ed est\u00e1 modificando las condiciones de trabajo en muchas redacciones. Los casos analizados muestran patrones de mayor exigencia productiva, aceleraci\u00f3n de tiempos de entrega y, en algunos contextos, una profundizaci\u00f3n de la precarizaci\u00f3n laboral.<\/p>\n\n\n\n<p>Frente a este panorama, <strong>\u201cRedacci\u00f3n Aumentada\u201d<\/strong> plantea la necesidad de fortalecer la formaci\u00f3n, construir protocolos internos, transparentar el uso de herramientas automatizadas ante las audiencias y consolidar criterios \u00e9ticos que permitan aprovechar la tecnolog\u00eda sin debilitar la calidad period\u00edstica. El reporte concluye que la inteligencia artificial ya es parte del ecosistema informativo local en M\u00e9xico, pero su incorporaci\u00f3n a\u00fan requiere reglas, acompa\u00f1amiento institucional y una discusi\u00f3n m\u00e1s amplia sobre sus efectos en el trabajo period\u00edstico.<\/p>\n\n\n\n<p>Consulta el Estudio completo ac\u00e1:<br><br><a href=\"https:\/\/www.observatoriomx.media\/redaccion-aumentada\/\">https:\/\/www.observatoriomx.media\/redaccion-aumentada\/<\/a><\/p>\n\n\n\n<p>Y los testimonios:<br><a href=\"https:\/\/www.observatoriomx.media\/redaccionaumentada\/mas-notas-y-menos-tiempo-la-presion-de-la-ia-en-morelos\/\">https:\/\/www.observatoriomx.media\/redaccionaumentada\/mas-notas-y-menos-tiempo-la-presion-de-la-ia-en-morelos\/<\/a><br><br><\/p>\n","protected":false},"excerpt":{"rendered":"<p>Luis Mart\u00ednezObservatorio Mexicano de Medios La inteligencia artificial ya forma parte de las rutinas de trabajo en una parte importante [&hellip;]<\/p>\n","protected":false},"author":1,"featured_media":120295,"comment_status":"open","ping_status":"open","sticky":false,"template":"","format":"standard","meta":{"site-sidebar-layout":"default","site-content-layout":"","ast-site-content-layout":"default","site-content-style":"default","site-sidebar-style":"default","ast-global-header-display":"","ast-banner-title-visibility":"","ast-main-header-display":"","ast-hfb-above-header-display":"","ast-hfb-below-header-display":"","ast-hfb-mobile-header-display":"","site-post-title":"","ast-breadcrumbs-content":"","ast-featured-img":"","footer-sml-layout":"","theme-transparent-header-meta":"","adv-header-id-meta":"","stick-header-meta":"","header-above-stick-meta":"","header-main-stick-meta":"","header-below-stick-meta":"","astra-migrate-meta-layouts":"default","ast-page-background-enabled":"default","ast-page-background-meta":{"desktop":{"background-color":"var(--ast-global-color-4)","background-image":"","background-repeat":"repeat","background-position":"center center","background-size":"auto","background-attachment":"scroll","background-type":"","background-media":"","overlay-type":"","overlay-color":"","overlay-opacity":"","overlay-gradient":""},"tablet":{"background-color":"","background-image":"","background-repeat":"repeat","background-position":"center center","background-size":"auto","background-attachment":"scroll","background-type":"","background-media":"","overlay-type":"","overlay-color":"","overlay-opacity":"","overlay-gradient":""},"mobile":{"background-color":"","background-image":"","background-repeat":"repeat","background-position":"center center","background-size":"auto","background-attachment":"scroll","background-type":"","background-media":"","overlay-type":"","overlay-color":"","overlay-opacity":"","overlay-gradient":""}},"ast-content-background-meta":{"desktop":{"background-color":"var(--ast-global-color-5)","background-image":"","background-repeat":"repeat","background-position":"center center","background-size":"auto","background-attachment":"scroll","background-type":"","background-media":"","overlay-type":"","overlay-color":"","overlay-opacity":"","overlay-gradient":""},"tablet":{"background-color":"var(--ast-global-color-5)","background-image":"","background-repeat":"repeat","background-position":"center center","background-size":"auto","background-attachment":"scroll","background-type":"","background-media":"","overlay-type":"","overlay-color":"","overlay-opacity":"","overlay-gradient":""},"mobile":{"background-color":"var(--ast-global-color-5)","background-image":"","background-repeat":"repeat","background-position":"center center","background-size":"auto","background-attachment":"scroll","background-type":"","background-media":"","overlay-type":"","overlay-color":"","overlay-opacity":"","overlay-gradient":""}},"footnotes":""},"categories":[8],"tags":[48121,48120],"class_list":["post-120291","post","type-post","status-publish","format-standard","has-post-thumbnail","hentry","category-noticias","tag-ia-periodistas","tag-redaccion-aumentada"],"_links":{"self":[{"href":"https:\/\/losperiodistas.com.mx\/portal\/wp-json\/wp\/v2\/posts\/120291","targetHints":{"allow":["GET"]}}],"collection":[{"href":"https:\/\/losperiodistas.com.mx\/portal\/wp-json\/wp\/v2\/posts"}],"about":[{"href":"https:\/\/losperiodistas.com.mx\/portal\/wp-json\/wp\/v2\/types\/post"}],"author":[{"embeddable":true,"href":"https:\/\/losperiodistas.com.mx\/portal\/wp-json\/wp\/v2\/users\/1"}],"replies":[{"embeddable":true,"href":"https:\/\/losperiodistas.com.mx\/portal\/wp-json\/wp\/v2\/comments?post=120291"}],"version-history":[{"count":1,"href":"https:\/\/losperiodistas.com.mx\/portal\/wp-json\/wp\/v2\/posts\/120291\/revisions"}],"predecessor-version":[{"id":120296,"href":"https:\/\/losperiodistas.com.mx\/portal\/wp-json\/wp\/v2\/posts\/120291\/revisions\/120296"}],"wp:featuredmedia":[{"embeddable":true,"href":"https:\/\/losperiodistas.com.mx\/portal\/wp-json\/wp\/v2\/media\/120295"}],"wp:attachment":[{"href":"https:\/\/losperiodistas.com.mx\/portal\/wp-json\/wp\/v2\/media?parent=120291"}],"wp:term":[{"taxonomy":"category","embeddable":true,"href":"https:\/\/losperiodistas.com.mx\/portal\/wp-json\/wp\/v2\/categories?post=120291"},{"taxonomy":"post_tag","embeddable":true,"href":"https:\/\/losperiodistas.com.mx\/portal\/wp-json\/wp\/v2\/tags?post=120291"}],"curies":[{"name":"wp","href":"https:\/\/api.w.org\/{rel}","templated":true}]}}