{"id":12029,"date":"2021-08-24T06:11:25","date_gmt":"2021-08-24T11:11:25","guid":{"rendered":"http:\/\/losperiodistas.com.mx\/portal\/?p=12029"},"modified":"2021-08-24T06:11:26","modified_gmt":"2021-08-24T11:11:26","slug":"facebook-anade-las-funciones-de-llamadas-de-voz-y-video-a-su-aplicacion-principal-rt","status":"publish","type":"post","link":"https:\/\/losperiodistas.com.mx\/portal\/facebook-anade-las-funciones-de-llamadas-de-voz-y-video-a-su-aplicacion-principal-rt\/","title":{"rendered":"Facebook a\u00f1ade las funciones de llamadas de voz y video a su aplicaci\u00f3n principal | RT"},"content":{"rendered":"\n<p style=\"font-size:18px\"><em>A partir de este 23 de agosto la red social comenz\u00f3 a hacer pruebas con usuarios de algunos pa\u00edses, como parte de su esfuerzo por integrar todos sus servicios en un solo lugar.<\/em><\/p>\n\n\n\n<p><\/p>\n\n\n\n<figure class=\"wp-block-image size-large\"><img fetchpriority=\"high\" decoding=\"async\" width=\"1024\" height=\"577\" src=\"https:\/\/losperiodistas.com.mx\/portal\/wp-content\/uploads\/2021\/08\/Captura-de-Pantalla-2021-08-24-a-las-6.08.29-1024x577.jpg\" alt=\"\" class=\"wp-image-12030\" srcset=\"https:\/\/losperiodistas.com.mx\/portal\/wp-content\/uploads\/2021\/08\/Captura-de-Pantalla-2021-08-24-a-las-6.08.29-1024x577.jpg 1024w, https:\/\/losperiodistas.com.mx\/portal\/wp-content\/uploads\/2021\/08\/Captura-de-Pantalla-2021-08-24-a-las-6.08.29-300x169.jpg 300w, https:\/\/losperiodistas.com.mx\/portal\/wp-content\/uploads\/2021\/08\/Captura-de-Pantalla-2021-08-24-a-las-6.08.29-768x433.jpg 768w, https:\/\/losperiodistas.com.mx\/portal\/wp-content\/uploads\/2021\/08\/Captura-de-Pantalla-2021-08-24-a-las-6.08.29-1536x866.jpg 1536w, https:\/\/losperiodistas.com.mx\/portal\/wp-content\/uploads\/2021\/08\/Captura-de-Pantalla-2021-08-24-a-las-6.08.29-2048x1154.jpg 2048w\" sizes=\"(max-width: 1024px) 100vw, 1024px\" \/><figcaption>Imagen ilustrativa Shutterstock<\/figcaption><\/figure>\n\n\n\n<p><\/p>\n\n\n\n<p class=\"has-vivid-cyan-blue-color has-text-color has-medium-font-size\">RT<\/p>\n\n\n\n<p>Facebook est\u00e1 permitiendo&nbsp;a algunos de sus usuarios hacer llamadas de voz y video desde su aplicaci\u00f3n principal. De este modo, busca facilitar el acceso a estas funciones, que actualmente hacen parte de su aplicaci\u00f3n Messenger.<\/p>\n\n\n\n<p>Seg\u00fan un informe de la agencia&nbsp;<a href=\"https:\/\/www.bloomberg.com\/news\/articles\/2021-08-23\/facebook-retools-messaging-again-by-adding-calling-to-main-app\" target=\"_blank\" rel=\"noreferrer noopener\">Bloomberg<\/a>, a partir de este 23 de agosto la red social comenz\u00f3 a hacer pruebas en algunos pa\u00edses,&nbsp;entre ellos EE.UU., como parte de su esfuerzo por integrar todos sus servicios en un solo lugar.<\/p>\n\n\n\n<p>Actualmente, para acceder a la mensajer\u00eda y videollamadas de Facebook es necesario descargar Messenger. Sin embargo, la compa\u00f1\u00eda de Mark Zuckerberg est\u00e1 empezando a pensar en este como un servicio en lugar de una aplicaci\u00f3n independiente.<\/p>\n\n\n\n<figure class=\"wp-block-image\"><img decoding=\"async\" src=\"https:\/\/cdni.rt.com\/actualidad\/public_images\/2021.08\/thumbnail\/611e76e0e9ff714aaf0c6358.JPG\" alt=\"Facebook avanza en la creaci\u00f3n de su 'metaverso' lanzando una aplicaci\u00f3n para trabajar en oficinas virtuales (VIDEO)\"\/><\/figure>\n\n\n\n<p><a href=\"https:\/\/actualidad.rt.com\/actualidad\/401370-facebook-lanza-aplicacion-trabajar-oficinas-virtuales\">Facebook avanza en la creaci\u00f3n de su &#8216;metaverso&#8217; lanzando una aplicaci\u00f3n para trabajar en oficinas virtuales (VIDEO)<\/a><\/p>\n\n\n\n<p>De acuerdo con Connor Hayes, director de Gesti\u00f3n de Productos de Messenger, a futuro, el ideal es que los usuarios puedan chatear por video mientras juegan o ven videoclips desde la plataforma Facebook.\u00a0\u00abVan\u00a0a empezar a ver un poco m\u00e1s de esto con el tiempo\u00bb,\u00a0asegur\u00f3.<\/p>\n\n\n\n<figure class=\"wp-block-image size-large\"><img decoding=\"async\" width=\"792\" height=\"1024\" src=\"https:\/\/losperiodistas.com.mx\/portal\/wp-content\/uploads\/2021\/08\/Captura-de-Pantalla-2021-08-24-a-las-6.10.00-792x1024.jpg\" alt=\"\" class=\"wp-image-12031\" srcset=\"https:\/\/losperiodistas.com.mx\/portal\/wp-content\/uploads\/2021\/08\/Captura-de-Pantalla-2021-08-24-a-las-6.10.00-792x1024.jpg 792w, https:\/\/losperiodistas.com.mx\/portal\/wp-content\/uploads\/2021\/08\/Captura-de-Pantalla-2021-08-24-a-las-6.10.00-232x300.jpg 232w, https:\/\/losperiodistas.com.mx\/portal\/wp-content\/uploads\/2021\/08\/Captura-de-Pantalla-2021-08-24-a-las-6.10.00-768x993.jpg 768w, https:\/\/losperiodistas.com.mx\/portal\/wp-content\/uploads\/2021\/08\/Captura-de-Pantalla-2021-08-24-a-las-6.10.00.jpg 1064w\" sizes=\"(max-width: 792px) 100vw, 792px\" \/><\/figure>\n\n\n\n<p><a href=\"https:\/\/t.me\/techladotech\/167?embed=1\">https:\/\/t.me\/techladotech\/167?embed=1<\/a><\/p>\n\n\n\n<p>Facebook ya ha intentado antes unir la mensajer\u00eda con otras de sus aplicaciones. En septiembre&nbsp;<a href=\"https:\/\/actualidad.rt.com\/actualidad\/368347-instagram-incorpora-funciones-messenger-novedosas-actualizaciones\" target=\"_blank\" rel=\"noreferrer noopener\">incluy\u00f3<\/a>&nbsp;la funcionalidad de Messenger en Instagram con la finalidad de que los usuarios de cada servicio pudieran enviar mensajes y realizar videollamadas con los contactos del otro sin necesidad de descargar ambas aplicaciones. Eventualmente, la compa\u00f1\u00eda planea incluir a su servicio de mensajer\u00eda WhatsApp, subraya Bloomberg.<\/p>\n\n\n\n<p>Zuckerberg afirma que esta integraci\u00f3n de los servicios de mensajer\u00eda es un beneficio para los usuarios en tanto reduce la necesidad de descargar aplicaciones separadas. No obstante, los cr\u00edticos de esta idea advierten que eso podr\u00eda tener como resultado que fuera imposible dividir a Facebook, tal y como quieren algunos reguladores estadounidenses antimonopolio.<\/p>\n","protected":false},"excerpt":{"rendered":"<p>A partir de este 23 de agosto la red social comenz\u00f3 a hacer pruebas con usuarios de algunos pa\u00edses, como [&hellip;]<\/p>\n","protected":false},"author":1,"featured_media":12030,"comment_status":"open","ping_status":"open","sticky":false,"template":"","format":"standard","meta":{"site-sidebar-layout":"default","site-content-layout":"","ast-site-content-layout":"default","site-content-style":"default","site-sidebar-style":"default","ast-global-header-display":"","ast-banner-title-visibility":"","ast-main-header-display":"","ast-hfb-above-header-display":"","ast-hfb-below-header-display":"","ast-hfb-mobile-header-display":"","site-post-title":"","ast-breadcrumbs-content":"","ast-featured-img":"","footer-sml-layout":"","theme-transparent-header-meta":"","adv-header-id-meta":"","stick-header-meta":"","header-above-stick-meta":"","header-main-stick-meta":"","header-below-stick-meta":"","astra-migrate-meta-layouts":"default","ast-page-background-enabled":"default","ast-page-background-meta":{"desktop":{"background-color":"var(--ast-global-color-4)","background-image":"","background-repeat":"repeat","background-position":"center center","background-size":"auto","background-attachment":"scroll","background-type":"","background-media":"","overlay-type":"","overlay-color":"","overlay-opacity":"","overlay-gradient":""},"tablet":{"background-color":"","background-image":"","background-repeat":"repeat","background-position":"center center","background-size":"auto","background-attachment":"scroll","background-type":"","background-media":"","overlay-type":"","overlay-color":"","overlay-opacity":"","overlay-gradient":""},"mobile":{"background-color":"","background-image":"","background-repeat":"repeat","background-position":"center center","background-size":"auto","background-attachment":"scroll","background-type":"","background-media":"","overlay-type":"","overlay-color":"","overlay-opacity":"","overlay-gradient":""}},"ast-content-background-meta":{"desktop":{"background-color":"var(--ast-global-color-5)","background-image":"","background-repeat":"repeat","background-position":"center center","background-size":"auto","background-attachment":"scroll","background-type":"","background-media":"","overlay-type":"","overlay-color":"","overlay-opacity":"","overlay-gradient":""},"tablet":{"background-color":"var(--ast-global-color-5)","background-image":"","background-repeat":"repeat","background-position":"center center","background-size":"auto","background-attachment":"scroll","background-type":"","background-media":"","overlay-type":"","overlay-color":"","overlay-opacity":"","overlay-gradient":""},"mobile":{"background-color":"var(--ast-global-color-5)","background-image":"","background-repeat":"repeat","background-position":"center center","background-size":"auto","background-attachment":"scroll","background-type":"","background-media":"","overlay-type":"","overlay-color":"","overlay-opacity":"","overlay-gradient":""}},"footnotes":""},"categories":[8],"tags":[3033,3500],"class_list":["post-12029","post","type-post","status-publish","format-standard","has-post-thumbnail","hentry","category-noticias","tag-facebook","tag-llamadas-voz-y-video"],"_links":{"self":[{"href":"https:\/\/losperiodistas.com.mx\/portal\/wp-json\/wp\/v2\/posts\/12029","targetHints":{"allow":["GET"]}}],"collection":[{"href":"https:\/\/losperiodistas.com.mx\/portal\/wp-json\/wp\/v2\/posts"}],"about":[{"href":"https:\/\/losperiodistas.com.mx\/portal\/wp-json\/wp\/v2\/types\/post"}],"author":[{"embeddable":true,"href":"https:\/\/losperiodistas.com.mx\/portal\/wp-json\/wp\/v2\/users\/1"}],"replies":[{"embeddable":true,"href":"https:\/\/losperiodistas.com.mx\/portal\/wp-json\/wp\/v2\/comments?post=12029"}],"version-history":[{"count":1,"href":"https:\/\/losperiodistas.com.mx\/portal\/wp-json\/wp\/v2\/posts\/12029\/revisions"}],"predecessor-version":[{"id":12032,"href":"https:\/\/losperiodistas.com.mx\/portal\/wp-json\/wp\/v2\/posts\/12029\/revisions\/12032"}],"wp:featuredmedia":[{"embeddable":true,"href":"https:\/\/losperiodistas.com.mx\/portal\/wp-json\/wp\/v2\/media\/12030"}],"wp:attachment":[{"href":"https:\/\/losperiodistas.com.mx\/portal\/wp-json\/wp\/v2\/media?parent=12029"}],"wp:term":[{"taxonomy":"category","embeddable":true,"href":"https:\/\/losperiodistas.com.mx\/portal\/wp-json\/wp\/v2\/categories?post=12029"},{"taxonomy":"post_tag","embeddable":true,"href":"https:\/\/losperiodistas.com.mx\/portal\/wp-json\/wp\/v2\/tags?post=12029"}],"curies":[{"name":"wp","href":"https:\/\/api.w.org\/{rel}","templated":true}]}}