{"id":12024,"date":"2021-08-24T06:00:44","date_gmt":"2021-08-24T11:00:44","guid":{"rendered":"http:\/\/losperiodistas.com.mx\/portal\/?p=12024"},"modified":"2021-08-24T06:01:50","modified_gmt":"2021-08-24T11:01:50","slug":"jueza-concede-amparo-contra-orden-de-aprehension-a-saul-huerta-seguira-en-prision","status":"publish","type":"post","link":"https:\/\/losperiodistas.com.mx\/portal\/jueza-concede-amparo-contra-orden-de-aprehension-a-saul-huerta-seguira-en-prision\/","title":{"rendered":"Jueza concede amparo contra orden de aprehensi\u00f3n a Sa\u00fal Huerta; seguir\u00e1 en prisi\u00f3n | Proceso"},"content":{"rendered":"\n<p style=\"font-size:18px\"><em>Luz Mar\u00eda Ortega Tlapa, titular del Juzgado Octavo de Distrito de Amparo en Materia Penal, le otorg\u00f3 la medida cautelar; aunque no podr\u00e1 llevar el proceso en libertad.<\/em><\/p>\n\n\n\n<figure class=\"wp-block-image size-large\"><img fetchpriority=\"high\" decoding=\"async\" width=\"1024\" height=\"574\" src=\"https:\/\/losperiodistas.com.mx\/portal\/wp-content\/uploads\/2021\/08\/Captura-de-Pantalla-2021-08-24-a-las-5.58.36-1024x574.jpg\" alt=\"\" class=\"wp-image-12025\" srcset=\"https:\/\/losperiodistas.com.mx\/portal\/wp-content\/uploads\/2021\/08\/Captura-de-Pantalla-2021-08-24-a-las-5.58.36-1024x574.jpg 1024w, https:\/\/losperiodistas.com.mx\/portal\/wp-content\/uploads\/2021\/08\/Captura-de-Pantalla-2021-08-24-a-las-5.58.36-300x168.jpg 300w, https:\/\/losperiodistas.com.mx\/portal\/wp-content\/uploads\/2021\/08\/Captura-de-Pantalla-2021-08-24-a-las-5.58.36-768x430.jpg 768w, https:\/\/losperiodistas.com.mx\/portal\/wp-content\/uploads\/2021\/08\/Captura-de-Pantalla-2021-08-24-a-las-5.58.36.jpg 1478w\" sizes=\"(max-width: 1024px) 100vw, 1024px\" \/><\/figure>\n\n\n\n<p class=\"has-vivid-cyan-blue-color has-text-color has-medium-font-size\">REDACCI\u00d3N PROCESO<\/p>\n\n\n\n<p>CIUDAD DE M\u00c9XICO (apro).- El mismo d\u00eda que fue detenido, el pasado 19 de agosto, el diputado federal sin fuero Sa\u00fal Benjam\u00edn Huerta Corona, acusado de violaci\u00f3n y abuso sexual a menores, solicit\u00f3 un amparo, aunque ello no le permitir\u00e1 llevar el proceso en libertad, sino que debe permanecer en el Reclusorio Preventivo Varonil Oriente.<\/p>\n\n\n\n<p>La jueza Luz Mar\u00eda Ortega Tlapa, titular del Juzgado Octavo de Distrito de Amparo en Materia Penal, le otorg\u00f3 la medida cautelar este lunes, para quedar a su disposici\u00f3n hasta que se realice su audiencia incidental, programada para el viernes 27 de agosto.<\/p>\n\n\n\n<p>En la solicitud de amparo, el exmorenista se\u00f1al\u00f3 al comisionado general de la Polic\u00eda Federal de la Comisi\u00f3n Nacional de Seguridad de la Secretar\u00eda de Gobernaci\u00f3n (Segob), como autoridad responsable. Esa instancia no podr\u00e1 tomar decisi\u00f3n sobre la medida de prisi\u00f3n preventiva que cumple Huerta Corona, al menos hasta la fecha se\u00f1alada.<\/p>\n\n\n\n<p>Para otorgarle el amparo, la jueza fij\u00f3 al legislador sin fuero, el pago de 13 mil pesos de garant\u00eda.<\/p>\n\n\n\n<p>La madrugada del jueves 19, Huerta dio a la Polic\u00eda de Investigaci\u00f3n el domicilio donde estaba, luego de una semana de que fue desaforado en la C\u00e1mara de Diputados, a petici\u00f3n de Fiscal\u00eda General de Justicia de la Ciudad de M\u00e9xico (FGJCDMX).<\/p>\n\n\n\n<p>La autoridad lo acusa de dos delitos: violaci\u00f3n sexual equiparada a un menor de 15 a\u00f1os, mismo por el que fue detenido; y abuso sexual a un joven de 19, que a\u00fan est\u00e1 pendiente por cumplimentarse.<\/p>\n\n\n\n<p>Fuente: https:\/\/www.proceso.com.mx\/nacional\/2021\/8\/23\/jueza-concede-amparo-contra-orden-de-aprehension-saul-huerta-seguira-en-prision-270408.html<\/p>\n","protected":false},"excerpt":{"rendered":"<p>Luz Mar\u00eda Ortega Tlapa, titular del Juzgado Octavo de Distrito de Amparo en Materia Penal, le otorg\u00f3 la medida cautelar; [&hellip;]<\/p>\n","protected":false},"author":1,"featured_media":12025,"comment_status":"open","ping_status":"open","sticky":false,"template":"","format":"standard","meta":{"site-sidebar-layout":"default","site-content-layout":"","ast-site-content-layout":"default","site-content-style":"default","site-sidebar-style":"default","ast-global-header-display":"","ast-banner-title-visibility":"","ast-main-header-display":"","ast-hfb-above-header-display":"","ast-hfb-below-header-display":"","ast-hfb-mobile-header-display":"","site-post-title":"","ast-breadcrumbs-content":"","ast-featured-img":"","footer-sml-layout":"","theme-transparent-header-meta":"","adv-header-id-meta":"","stick-header-meta":"","header-above-stick-meta":"","header-main-stick-meta":"","header-below-stick-meta":"","astra-migrate-meta-layouts":"default","ast-page-background-enabled":"default","ast-page-background-meta":{"desktop":{"background-color":"var(--ast-global-color-4)","background-image":"","background-repeat":"repeat","background-position":"center center","background-size":"auto","background-attachment":"scroll","background-type":"","background-media":"","overlay-type":"","overlay-color":"","overlay-opacity":"","overlay-gradient":""},"tablet":{"background-color":"","background-image":"","background-repeat":"repeat","background-position":"center center","background-size":"auto","background-attachment":"scroll","background-type":"","background-media":"","overlay-type":"","overlay-color":"","overlay-opacity":"","overlay-gradient":""},"mobile":{"background-color":"","background-image":"","background-repeat":"repeat","background-position":"center center","background-size":"auto","background-attachment":"scroll","background-type":"","background-media":"","overlay-type":"","overlay-color":"","overlay-opacity":"","overlay-gradient":""}},"ast-content-background-meta":{"desktop":{"background-color":"var(--ast-global-color-5)","background-image":"","background-repeat":"repeat","background-position":"center center","background-size":"auto","background-attachment":"scroll","background-type":"","background-media":"","overlay-type":"","overlay-color":"","overlay-opacity":"","overlay-gradient":""},"tablet":{"background-color":"var(--ast-global-color-5)","background-image":"","background-repeat":"repeat","background-position":"center center","background-size":"auto","background-attachment":"scroll","background-type":"","background-media":"","overlay-type":"","overlay-color":"","overlay-opacity":"","overlay-gradient":""},"mobile":{"background-color":"var(--ast-global-color-5)","background-image":"","background-repeat":"repeat","background-position":"center center","background-size":"auto","background-attachment":"scroll","background-type":"","background-media":"","overlay-type":"","overlay-color":"","overlay-opacity":"","overlay-gradient":""}},"footnotes":""},"categories":[8],"tags":[3499,1166],"class_list":["post-12024","post","type-post","status-publish","format-standard","has-post-thumbnail","hentry","category-noticias","tag-amparo-saul-huerta","tag-saul-huerta-corona"],"_links":{"self":[{"href":"https:\/\/losperiodistas.com.mx\/portal\/wp-json\/wp\/v2\/posts\/12024","targetHints":{"allow":["GET"]}}],"collection":[{"href":"https:\/\/losperiodistas.com.mx\/portal\/wp-json\/wp\/v2\/posts"}],"about":[{"href":"https:\/\/losperiodistas.com.mx\/portal\/wp-json\/wp\/v2\/types\/post"}],"author":[{"embeddable":true,"href":"https:\/\/losperiodistas.com.mx\/portal\/wp-json\/wp\/v2\/users\/1"}],"replies":[{"embeddable":true,"href":"https:\/\/losperiodistas.com.mx\/portal\/wp-json\/wp\/v2\/comments?post=12024"}],"version-history":[{"count":2,"href":"https:\/\/losperiodistas.com.mx\/portal\/wp-json\/wp\/v2\/posts\/12024\/revisions"}],"predecessor-version":[{"id":12028,"href":"https:\/\/losperiodistas.com.mx\/portal\/wp-json\/wp\/v2\/posts\/12024\/revisions\/12028"}],"wp:featuredmedia":[{"embeddable":true,"href":"https:\/\/losperiodistas.com.mx\/portal\/wp-json\/wp\/v2\/media\/12025"}],"wp:attachment":[{"href":"https:\/\/losperiodistas.com.mx\/portal\/wp-json\/wp\/v2\/media?parent=12024"}],"wp:term":[{"taxonomy":"category","embeddable":true,"href":"https:\/\/losperiodistas.com.mx\/portal\/wp-json\/wp\/v2\/categories?post=12024"},{"taxonomy":"post_tag","embeddable":true,"href":"https:\/\/losperiodistas.com.mx\/portal\/wp-json\/wp\/v2\/tags?post=12024"}],"curies":[{"name":"wp","href":"https:\/\/api.w.org\/{rel}","templated":true}]}}