{"id":120238,"date":"2026-04-11T22:38:25","date_gmt":"2026-04-12T04:38:25","guid":{"rendered":"https:\/\/losperiodistas.com.mx\/portal\/?p=120238"},"modified":"2026-04-11T22:38:27","modified_gmt":"2026-04-12T04:38:27","slug":"negociaciones-en-pakistan-las-principales-discrepancias-entre-eeuu-e-iran-infobae","status":"publish","type":"post","link":"https:\/\/losperiodistas.com.mx\/portal\/negociaciones-en-pakistan-las-principales-discrepancias-entre-eeuu-e-iran-infobae\/","title":{"rendered":"Negociaciones en Pakist\u00e1n: las principales discrepancias entre EEUU e Ir\u00e1n | Infobae"},"content":{"rendered":"\n<p>El vicepresidente norteamericano JD Vance anunci\u00f3 que se iba de Islamabad luego de que Teher\u00e1n no aceptara los t\u00e9rminos de Washington<\/p>\n\n\n\n<figure class=\"wp-block-image size-large\"><img fetchpriority=\"high\" decoding=\"async\" width=\"1024\" height=\"684\" src=\"https:\/\/losperiodistas.com.mx\/portal\/wp-content\/uploads\/2026\/04\/JDVance-1024x684.png\" alt=\"\" class=\"wp-image-120239\" srcset=\"https:\/\/losperiodistas.com.mx\/portal\/wp-content\/uploads\/2026\/04\/JDVance-1024x684.png 1024w, https:\/\/losperiodistas.com.mx\/portal\/wp-content\/uploads\/2026\/04\/JDVance-300x200.png 300w, https:\/\/losperiodistas.com.mx\/portal\/wp-content\/uploads\/2026\/04\/JDVance-768x513.png 768w, https:\/\/losperiodistas.com.mx\/portal\/wp-content\/uploads\/2026\/04\/JDVance.png 1240w\" sizes=\"(max-width: 1024px) 100vw, 1024px\" \/><figcaption class=\"wp-element-caption\">El vicepresidente de EEUU, JD Vance, se reuni\u00f3 el s\u00e1bado con el primer ministro de Pakist\u00e1n, Shehbaz Sharif, en el marco de los di\u00e1logos de paz con Ir\u00e1n (Jacquelyn Martin\/Pool via REUTERS)<\/figcaption><\/figure>\n\n\n\n<p class=\"has-vivid-red-color has-text-color has-link-color wp-elements-e428c17882dd7c069f2926a801548c65\">Redacci\u00f3n \/ Infobae<\/p>\n\n\n\n<p>Tras sesiones de m\u00e1s de <strong>21 horas<\/strong> el s\u00e1bado, Estados Unidos e Ir\u00e1n finalmente no lograron alcanzar un acuerdo para poner fin del conflicto iniciado el pasado 28 de febrero.<\/p>\n\n\n\n<p>Las conversaciones entre las delegaciones se han extendido hasta la madrugada del domingo -hora local- debido a profundas diferencias <strong>en temas de seguridad y econom\u00eda vinculados al estrecho de Ormuz<\/strong>, mientras la regi\u00f3n enfrenta un aumento de precios del petr\u00f3leo y amenazas militares renovadas.<\/p>\n\n\n\n<p>El encuentro, celebrado en un hotel lujoso bajo medidas de seguridad extremas en <strong>Islamabad<\/strong>, marca una ruptura con d\u00e9cadas de intermediaci\u00f3n indirecta. Por primera vez desde 1979, una delegaci\u00f3n estadounidense de alto nivel encabezada por el vicepresidente <strong>JD Vance<\/strong> dialoga directamente con la representaci\u00f3n iran\u00ed, liderada por el presidente del Parlamento, <strong>Mohammad Bagher Ghalibaf<\/strong>, y el canciller <strong>Abbas Araghchi<\/strong>. Participan tambi\u00e9n <strong>Steve Witkoff<\/strong> y <strong>Jared Kushner<\/strong> por parte de Washington.<\/p>\n\n\n\n<p>Seg\u00fan <em>AFP<\/em>, funcionarios de <strong>Pakist\u00e1n<\/strong>, pa\u00eds anfitri\u00f3n, destacaron un ambiente cordial y avances graduales, en contraste con largos periodos de estancamiento anteriores. Islamabad estuvo toda la jornada fuertemente resguardada, mientras el gobierno local busc\u00f3 equilibrar sus relaciones tanto con Ir\u00e1n como con la administraci\u00f3n estadounidense.<\/p>\n\n\n\n<p>En el centro de la agenda, <strong>Ir\u00e1n exigi\u00f3 el desbloqueo de activos sancionados<\/strong> y el fin de la ofensiva israel\u00ed contra Hezbollah en L\u00edbano como condiciones para llegar a un acuerdo. Las autoridades iran\u00edes remarcaron la importancia de la presencia de Vance por su rango y su previa oposici\u00f3n a la guerra, como muestra de seriedad en el proceso. Sin embargo, <strong>Estados Unidos<\/strong> sostuvo la presi\u00f3n econ\u00f3mica y militar e insisti\u00f3 en excluir el asunto liban\u00e9s de las discusiones de Islamabad.<\/p>\n\n\n\n<figure class=\"wp-block-image size-full\"><img decoding=\"async\" width=\"992\" height=\"701\" src=\"https:\/\/losperiodistas.com.mx\/portal\/wp-content\/uploads\/2026\/04\/imagen-52.png\" alt=\"\" class=\"wp-image-120240\" srcset=\"https:\/\/losperiodistas.com.mx\/portal\/wp-content\/uploads\/2026\/04\/imagen-52.png 992w, https:\/\/losperiodistas.com.mx\/portal\/wp-content\/uploads\/2026\/04\/imagen-52-300x212.png 300w, https:\/\/losperiodistas.com.mx\/portal\/wp-content\/uploads\/2026\/04\/imagen-52-768x543.png 768w\" sizes=\"(max-width: 992px) 100vw, 992px\" \/><figcaption class=\"wp-element-caption\">Mohammad Bagher Ghalibaf, presidente del Parlamento iran\u00ed, encabeza la delegaci\u00f3n de su pa\u00eds en Pakist\u00e1n (Pakistan&#8217;s Prime Minister Office\/Handout via REUTERS)<\/figcaption><\/figure>\n\n\n\n<p>La desconfianza domin\u00f3 el ambiente tras experiencias previas de promesas incumplidas y choques fundamentales. De acuerdo a lo reportado por la prensa iran\u00ed el s\u00e1bado, el r\u00e9gimen reproch\u00f3 a Estados Unidos \u201cdemandas excesivas\u201d sobre el control mar\u00edtimo, y la Casa Blanca condicion\u00f3 cualquier avance a gestos concretos de Teher\u00e1n, descartando toda discusi\u00f3n sobre el conflicto en L\u00edbano.<\/p>\n\n\n\n<p>Por su parte, la presencia estadounidense se reforz\u00f3 el fin de semana con el env\u00edo de <strong>dos buques de guerra<\/strong> dedicados al desminado en el <strong>estrecho de Ormuz<\/strong>. Washington afirm\u00f3 que la misi\u00f3n busca garantizar un \u201cpaso seguro\u201d a los petroleros, vitales para \u201cun quinto del comercio mundial de crudo\u201d. El mando naval de la <strong>Guardia Revolucionaria<\/strong>, no obstante, rechaz\u00f3 que embarcaciones estadounidenses hubieran ingresado en el canal estrat\u00e9gico y advirti\u00f3 que <strong>\u201ccualquier intento de buques militares de cruzar el estrecho ser\u00e1 respondido con firmeza\u201d.<\/strong><\/p>\n\n\n\n<p>Existe una tregua temporal limitada a embarcaciones civiles bajo condiciones determinadas, aunque el riesgo de incidentes permanece. Las acciones de Ir\u00e1n en el estrecho desencadenaron el alza de los precios del petr\u00f3leo, afectando a econom\u00edas de Europa y Estados Unidos, que importa menos crudo directamente del Golfo pero enfrenta presi\u00f3n pol\u00edtica por el encarecimiento del combustible. El presidente <strong>Donald Trump<\/strong> declar\u00f3 que Washington mantendr\u00e1 abierto el canal por la necesidad de proteger a sus aliados internacionales.<\/p>\n\n\n\n<p>Adem\u00e1s, afirm\u00f3 que le daba \u201cigual\u201d el resultado de las negociaciones en Islamabad. Trump sostuvo ante periodistas:<strong>\u201cLleguemos o no a un acuerdo, me da igual. La raz\u00f3n es que hemos ganado\u201d<\/strong>, y agreg\u00f3:<strong>\u201cEstamos en negociaciones muy profundas con Ir\u00e1n. Ganamos de cualquier manera. Los hemos derrotado militarmente\u201d<\/strong>.<\/p>\n\n\n\n<figure class=\"wp-block-image size-full\"><img decoding=\"async\" width=\"992\" height=\"713\" src=\"https:\/\/losperiodistas.com.mx\/portal\/wp-content\/uploads\/2026\/04\/imagen-53.png\" alt=\"\" class=\"wp-image-120241\" srcset=\"https:\/\/losperiodistas.com.mx\/portal\/wp-content\/uploads\/2026\/04\/imagen-53.png 992w, https:\/\/losperiodistas.com.mx\/portal\/wp-content\/uploads\/2026\/04\/imagen-53-300x216.png 300w, https:\/\/losperiodistas.com.mx\/portal\/wp-content\/uploads\/2026\/04\/imagen-53-768x552.png 768w\" sizes=\"(max-width: 992px) 100vw, 992px\" \/><figcaption class=\"wp-element-caption\">EEUU e Ir\u00e1n celebran este domingo el segundo d\u00eda de reuniones (REUTERS\/Asim Hafeez)<\/figcaption><\/figure>\n\n\n\n<p>El conflicto trasciende la disputa mar\u00edtima. <strong>Israel<\/strong>, bajo el liderazgo del primer ministro <strong>Benjamin Netanyahu<\/strong>, prosigue con ofensivas militares en L\u00edbano contra Hezbollah. El premier manifest\u00f3 su inter\u00e9s en lograr un tratado de paz duradero con L\u00edbano, aunque descart\u00f3 un alto el fuego con el grupo terrorista y se\u00f1al\u00f3 que buscar\u00e1 ejercer presi\u00f3n sobre el gobierno central de Beirut.<\/p>\n\n\n\n<p>Tanto la Uni\u00f3n Europea como otros actores internacionales observan con preocupaci\u00f3n el riesgo de una escalada y demandan garant\u00edas para el suministro energ\u00e9tico global. Est\u00e1n previstas pr\u00f3ximamente reuniones entre Israel y L\u00edbano en Washington, lo que a\u00f1ade tensi\u00f3n a un escenario regional ya cargado de intereses contrapuestos. Islamabad, por su parte, refuerza la seguridad mientras acoge un di\u00e1logo considerado sin precedentes y con potencial de redefinir el equilibrio en Medio Oriente.<\/p>\n\n\n\n<p>Fuente: <a href=\"https:\/\/www.infobae.com\/america\/mundo\/2026\/04\/12\/eeuu-e-iran-celebran-el-segundo-dia-de-conversaciones-en-pakistan-en-busca-de-un-acuerdo-de-paz\/\" target=\"_blank\" rel=\"noreferrer noopener\">Infobae<\/a><\/p>\n","protected":false},"excerpt":{"rendered":"<p>El vicepresidente norteamericano JD Vance anunci\u00f3 que se iba de Islamabad luego de que Teher\u00e1n no aceptara los t\u00e9rminos de Washington<\/p>\n","protected":false},"author":1,"featured_media":120239,"comment_status":"open","ping_status":"open","sticky":false,"template":"","format":"standard","meta":{"site-sidebar-layout":"default","site-content-layout":"","ast-site-content-layout":"default","site-content-style":"default","site-sidebar-style":"default","ast-global-header-display":"","ast-banner-title-visibility":"","ast-main-header-display":"","ast-hfb-above-header-display":"","ast-hfb-below-header-display":"","ast-hfb-mobile-header-display":"","site-post-title":"","ast-breadcrumbs-content":"","ast-featured-img":"","footer-sml-layout":"","theme-transparent-header-meta":"","adv-header-id-meta":"","stick-header-meta":"","header-above-stick-meta":"","header-main-stick-meta":"","header-below-stick-meta":"","astra-migrate-meta-layouts":"default","ast-page-background-enabled":"default","ast-page-background-meta":{"desktop":{"background-color":"var(--ast-global-color-4)","background-image":"","background-repeat":"repeat","background-position":"center center","background-size":"auto","background-attachment":"scroll","background-type":"","background-media":"","overlay-type":"","overlay-color":"","overlay-opacity":"","overlay-gradient":""},"tablet":{"background-color":"","background-image":"","background-repeat":"repeat","background-position":"center center","background-size":"auto","background-attachment":"scroll","background-type":"","background-media":"","overlay-type":"","overlay-color":"","overlay-opacity":"","overlay-gradient":""},"mobile":{"background-color":"","background-image":"","background-repeat":"repeat","background-position":"center center","background-size":"auto","background-attachment":"scroll","background-type":"","background-media":"","overlay-type":"","overlay-color":"","overlay-opacity":"","overlay-gradient":""}},"ast-content-background-meta":{"desktop":{"background-color":"var(--ast-global-color-5)","background-image":"","background-repeat":"repeat","background-position":"center center","background-size":"auto","background-attachment":"scroll","background-type":"","background-media":"","overlay-type":"","overlay-color":"","overlay-opacity":"","overlay-gradient":""},"tablet":{"background-color":"var(--ast-global-color-5)","background-image":"","background-repeat":"repeat","background-position":"center center","background-size":"auto","background-attachment":"scroll","background-type":"","background-media":"","overlay-type":"","overlay-color":"","overlay-opacity":"","overlay-gradient":""},"mobile":{"background-color":"var(--ast-global-color-5)","background-image":"","background-repeat":"repeat","background-position":"center center","background-size":"auto","background-attachment":"scroll","background-type":"","background-media":"","overlay-type":"","overlay-color":"","overlay-opacity":"","overlay-gradient":""}},"footnotes":""},"categories":[8],"tags":[48091,22173,12671,27582,46748,20748,11114],"class_list":["post-120238","post","type-post","status-publish","format-standard","has-post-thumbnail","hentry","category-noticias","tag-discrepancias","tag-estrecho-de-ormuz","tag-iran","tag-jd-vance","tag-negociaciones","tag-pakistan","tag-teheran"],"_links":{"self":[{"href":"https:\/\/losperiodistas.com.mx\/portal\/wp-json\/wp\/v2\/posts\/120238","targetHints":{"allow":["GET"]}}],"collection":[{"href":"https:\/\/losperiodistas.com.mx\/portal\/wp-json\/wp\/v2\/posts"}],"about":[{"href":"https:\/\/losperiodistas.com.mx\/portal\/wp-json\/wp\/v2\/types\/post"}],"author":[{"embeddable":true,"href":"https:\/\/losperiodistas.com.mx\/portal\/wp-json\/wp\/v2\/users\/1"}],"replies":[{"embeddable":true,"href":"https:\/\/losperiodistas.com.mx\/portal\/wp-json\/wp\/v2\/comments?post=120238"}],"version-history":[{"count":1,"href":"https:\/\/losperiodistas.com.mx\/portal\/wp-json\/wp\/v2\/posts\/120238\/revisions"}],"predecessor-version":[{"id":120242,"href":"https:\/\/losperiodistas.com.mx\/portal\/wp-json\/wp\/v2\/posts\/120238\/revisions\/120242"}],"wp:featuredmedia":[{"embeddable":true,"href":"https:\/\/losperiodistas.com.mx\/portal\/wp-json\/wp\/v2\/media\/120239"}],"wp:attachment":[{"href":"https:\/\/losperiodistas.com.mx\/portal\/wp-json\/wp\/v2\/media?parent=120238"}],"wp:term":[{"taxonomy":"category","embeddable":true,"href":"https:\/\/losperiodistas.com.mx\/portal\/wp-json\/wp\/v2\/categories?post=120238"},{"taxonomy":"post_tag","embeddable":true,"href":"https:\/\/losperiodistas.com.mx\/portal\/wp-json\/wp\/v2\/tags?post=120238"}],"curies":[{"name":"wp","href":"https:\/\/api.w.org\/{rel}","templated":true}]}}