{"id":120229,"date":"2026-04-12T08:17:00","date_gmt":"2026-04-12T14:17:00","guid":{"rendered":"https:\/\/losperiodistas.com.mx\/portal\/?p=120229"},"modified":"2026-04-11T19:21:14","modified_gmt":"2026-04-12T01:21:14","slug":"dia-internacional-de-los-ninos-de-la-calle-did-3","status":"publish","type":"post","link":"https:\/\/losperiodistas.com.mx\/portal\/dia-internacional-de-los-ninos-de-la-calle-did-3\/","title":{"rendered":"D\u00eda Internacional de los Ni\u00f1os de la Calle | DID"},"content":{"rendered":"\n<figure class=\"wp-block-image aligncenter size-full is-resized\"><img fetchpriority=\"high\" decoding=\"async\" width=\"305\" height=\"203\" src=\"https:\/\/losperiodistas.com.mx\/portal\/wp-content\/uploads\/2026\/04\/04-12_dia-ninos-calle.jpg\" alt=\"\" class=\"wp-image-120230\" style=\"width:501px;height:auto\" srcset=\"https:\/\/losperiodistas.com.mx\/portal\/wp-content\/uploads\/2026\/04\/04-12_dia-ninos-calle.jpg 305w, https:\/\/losperiodistas.com.mx\/portal\/wp-content\/uploads\/2026\/04\/04-12_dia-ninos-calle-300x200.jpg 300w\" sizes=\"(max-width: 305px) 100vw, 305px\" \/><\/figure>\n\n\n\n<p class=\"has-vivid-red-color has-text-color has-link-color has-medium-font-size wp-elements-3aa118b0468398fc8c867f42a873ef01\"><strong>REDACCI\u00d3N D\u00cdA INTERNACIONAL DE<\/strong><\/p>\n\n\n\n<p><strong>El D\u00eda Internacional de los Ni\u00f1os de la Calle se conmemora el 12 de abril de cada a\u00f1o<\/strong>&nbsp;como una manera de denunciar la situaci\u00f3n de calle a la que se enfrentan millones de ni\u00f1os en todo el mundo.<\/p>\n\n\n\n<p>Los ni\u00f1os que viven en la calle ven vulnerados sus derechos educativos, econ\u00f3micos, sociales y familiares, quedando en una situaci\u00f3n de total indefensi\u00f3n.<\/p>\n\n\n\n<h2 class=\"wp-block-heading\" id=\"resTit_1\">Por el derecho a la igualdad para todos los ni\u00f1os y ni\u00f1as del mundo<\/h2>\n\n\n\n<p>En la sociedad actual debe prevalecer el derecho a la igualdad para todos los ni\u00f1os y ni\u00f1as en todo el mundo, sin embargo, la realidad es otra. Millones de ni\u00f1os tienen que vivir desprotegidos.<\/p>\n\n\n\n<p>Son las personas m\u00e1s vulnerables que tienen que transitar diariamente la dura situaci\u00f3n de la calle y todos los riesgos que esto implica para su bienestar, f\u00edsico, psicol\u00f3gico y espiritual.<\/p>\n\n\n\n<p>En este sentido, el compromiso debe darse de manera mancomunada donde todos los l\u00edderes de gobiernos, instituciones, entes p\u00fablicos y privados y la sociedad en general sumen esfuerzos para transformar esta dura realidad en una esperanza de vida.<\/p>\n\n\n\n<h2 class=\"wp-block-heading\" id=\"resTit_2\">\u00bfCu\u00e1les son los principales derechos que tienen los ni\u00f1os y ni\u00f1as?<\/h2>\n\n\n\n<p>Todos los ni\u00f1os y ni\u00f1as a nivel mundial deben gozar de algunos derechos fundamentales como son:<\/p>\n\n\n\n<ul class=\"wp-block-list\">\n<li>Derecho a la vida, la supervivencia y el desarrollo.<\/li>\n\n\n\n<li>Derecho a la educaci\u00f3n.<\/li>\n\n\n\n<li>Derecho a la alimentaci\u00f3n.<\/li>\n\n\n\n<li>Derecho a la protecci\u00f3n.<\/li>\n\n\n\n<li>Derecho a la identidad.<\/li>\n\n\n\n<li>Derecho al juego.<\/li>\n\n\n\n<li>Derecho a la libre expresi\u00f3n.<\/li>\n\n\n\n<li>Derecho a la familia.<\/li>\n<\/ul>\n\n\n\n<h2 class=\"wp-block-heading\" id=\"resTit_3\">Algunas pel\u00edculas que desnudan la triste realidad de los ni\u00f1os en situaci\u00f3n de calle<\/h2>\n\n\n\n<p>Mucho se ha escrito sobre este tema y para la industria del cine, esta problem\u00e1tica no ha resultado indiferente, es por eso que se han llevado a la gran pantalla algunas pel\u00edculas entre las cuales destacan las siguientes:<\/p>\n\n\n\n<ul class=\"wp-block-list\">\n<li><em><strong>Ciudad de Dios (Pa\u00eds: Brasil. A\u00f1o: 2002. Director: Fernando Meirelles y K\u00e1tia Lund):\u00a0<\/strong><\/em>la pel\u00edcula se centra en la vida de los j\u00f3venes en una favela de R\u00edo de Janeiro. Narra la historia de dos amigos que buscan sobrevivir en medio de la violencia y el crimen organizado.<\/li>\n\n\n\n<li><em><strong>Slumdog Millionaire (Pa\u00eds: Reino Unido, India. A\u00f1o: 2008. Director: Danny Boyle):\u00a0<\/strong><\/em>narra la vida de Jamal, un ni\u00f1o que crece en los barrios pobres de Bombay y que participa en el concurso de televisi\u00f3n \u00ab\u00bfQui\u00e9n quiere ser millonario?\u00bb para encontrar a su amor perdido.<\/li>\n\n\n\n<li><em><strong>Los olvidados (Pa\u00eds: M\u00e9xico. A\u00f1o: 1950. Director: Luis Bu\u00f1uel):<\/strong><\/em>\u00a0la pel\u00edcula cuenta la historia de un grupo de ni\u00f1os que viven en las calles de la Ciudad de M\u00e9xico y se ven obligados a robar y delinquir para sobrevivir.<\/li>\n\n\n\n<li><strong>La teta asustada (Pa\u00eds: Per\u00fa. A\u00f1o: 2009. Directora: Claudia Llosa):<\/strong>\u00a0la pel\u00edcula se centra en la historia de una joven que vive en los barrios pobres de Lima y que se enfrenta a la violencia y la opresi\u00f3n durante el conflicto armado interno en Per\u00fa.<\/li>\n\n\n\n<li><strong>Tsotsi (Pa\u00eds: Sud\u00e1frica. A\u00f1o: 2005. Director: Gavin Hood):\u00a0<\/strong>narra la vida de un joven que vive en los barrios pobres de Johannesburgo y que se dedica al robo y la violencia hasta que conoce a un beb\u00e9 abandonado que cambiar\u00e1 su vida para siempre.<\/li>\n\n\n\n<li><strong>Ali Zaoua, pr\u00edncipe de Casablanca (Pa\u00eds: Marruecos, Francia, B\u00e9lgica, T\u00fanez. A\u00f1o: 2000. Director: Nabil Ayouch):\u00a0<\/strong>cuenta la vida de cuatro ni\u00f1os que viven en las calles de Casablanca, Marruecos. Despu\u00e9s de la muerte de su l\u00edder, Ali Zaoua, los ni\u00f1os emprenden un peligroso viaje para darle a su amigo un entierro apropiado.<\/li>\n\n\n\n<li><strong>Un ni\u00f1o llamado Twist (Pa\u00eds: Sud\u00e1frica. A\u00f1o: 2004. Director: Tim Greene):<\/strong>\u00a0la pel\u00edcula se basa en la novela \u00abOliver Twist\u00bb de Charles Dickens y cuenta la historia de un ni\u00f1o hu\u00e9rfano en Sud\u00e1frica que escapa del orfanato y se une a una pandilla de ni\u00f1os de la calle. Juntos se enfrentan a una vida dura y peligrosa mientras buscan un futuro mejor.<\/li>\n\n\n\n<li><strong>La invenci\u00f3n de Hugo (Pa\u00eds: Estados Unidos. A\u00f1o: 2011. Dirtector: Martin Scorsese):\u00a0<\/strong>la pel\u00edcula se desarrolla en la d\u00e9cada de 1930 en Par\u00eds y narra la historia de un ni\u00f1o hu\u00e9rfano llamado Hugo, que vive en la estaci\u00f3n de tren. Con la ayuda de una ni\u00f1a y un anciano, Hugo descubre un secreto del pasado de su padre y trabaja para reparar un aut\u00f3mata mientras trata de evitar ser capturado por el inspector de la estaci\u00f3n.<\/li>\n<\/ul>\n\n\n\n<p>Si quieres formar parte de esta conmemoraci\u00f3n, te invitamos a compartir informaci\u00f3n sobre este interesante tema en las distintas redes sociales incluyendo la etiqueta&nbsp;<strong><em>#Ni\u00f1osdelaCalle.<\/em><\/strong><\/p>\n\n\n\n<h3 class=\"wp-block-heading\"><\/h3>\n\n\n\n<p><img decoding=\"async\" src=\"https:\/\/www.diainternacionalde.com\/imagenes\/equipo-humano\/patricia-lopez-redactora-jefa.jpg\">Patricia L\u00f3pez. Periodista.<a href=\"https:\/\/twitter.com\/plcasalengua\" target=\"_blank\" rel=\"noreferrer noopener\">plcasalengua<\/a><\/p>\n\n\n\n<p>Fuente: <a href=\"https:\/\/www.diainternacionalde.com\/ficha\/dia-internacional-ninos-calle\">https:\/\/www.diainternacionalde.com\/ficha\/dia-internacional-ninos-calle<\/a><\/p>\n","protected":false},"excerpt":{"rendered":"<p>REDACCI\u00d3N D\u00cdA INTERNACIONAL DE El D\u00eda Internacional de los Ni\u00f1os de la Calle se conmemora el 12 de abril de [&hellip;]<\/p>\n","protected":false},"author":1,"featured_media":120230,"comment_status":"open","ping_status":"open","sticky":false,"template":"","format":"standard","meta":{"site-sidebar-layout":"default","site-content-layout":"","ast-site-content-layout":"default","site-content-style":"default","site-sidebar-style":"default","ast-global-header-display":"","ast-banner-title-visibility":"","ast-main-header-display":"","ast-hfb-above-header-display":"","ast-hfb-below-header-display":"","ast-hfb-mobile-header-display":"","site-post-title":"","ast-breadcrumbs-content":"","ast-featured-img":"","footer-sml-layout":"","theme-transparent-header-meta":"","adv-header-id-meta":"","stick-header-meta":"","header-above-stick-meta":"","header-main-stick-meta":"","header-below-stick-meta":"","astra-migrate-meta-layouts":"default","ast-page-background-enabled":"default","ast-page-background-meta":{"desktop":{"background-color":"var(--ast-global-color-4)","background-image":"","background-repeat":"repeat","background-position":"center center","background-size":"auto","background-attachment":"scroll","background-type":"","background-media":"","overlay-type":"","overlay-color":"","overlay-opacity":"","overlay-gradient":""},"tablet":{"background-color":"","background-image":"","background-repeat":"repeat","background-position":"center center","background-size":"auto","background-attachment":"scroll","background-type":"","background-media":"","overlay-type":"","overlay-color":"","overlay-opacity":"","overlay-gradient":""},"mobile":{"background-color":"","background-image":"","background-repeat":"repeat","background-position":"center center","background-size":"auto","background-attachment":"scroll","background-type":"","background-media":"","overlay-type":"","overlay-color":"","overlay-opacity":"","overlay-gradient":""}},"ast-content-background-meta":{"desktop":{"background-color":"var(--ast-global-color-5)","background-image":"","background-repeat":"repeat","background-position":"center center","background-size":"auto","background-attachment":"scroll","background-type":"","background-media":"","overlay-type":"","overlay-color":"","overlay-opacity":"","overlay-gradient":""},"tablet":{"background-color":"var(--ast-global-color-5)","background-image":"","background-repeat":"repeat","background-position":"center center","background-size":"auto","background-attachment":"scroll","background-type":"","background-media":"","overlay-type":"","overlay-color":"","overlay-opacity":"","overlay-gradient":""},"mobile":{"background-color":"var(--ast-global-color-5)","background-image":"","background-repeat":"repeat","background-position":"center center","background-size":"auto","background-attachment":"scroll","background-type":"","background-media":"","overlay-type":"","overlay-color":"","overlay-opacity":"","overlay-gradient":""}},"footnotes":""},"categories":[8],"tags":[24077,37387],"class_list":["post-120229","post","type-post","status-publish","format-standard","has-post-thumbnail","hentry","category-noticias","tag-ninosdelacalle","tag-dia-internacional-de-los-ninos-de-la-calle"],"_links":{"self":[{"href":"https:\/\/losperiodistas.com.mx\/portal\/wp-json\/wp\/v2\/posts\/120229","targetHints":{"allow":["GET"]}}],"collection":[{"href":"https:\/\/losperiodistas.com.mx\/portal\/wp-json\/wp\/v2\/posts"}],"about":[{"href":"https:\/\/losperiodistas.com.mx\/portal\/wp-json\/wp\/v2\/types\/post"}],"author":[{"embeddable":true,"href":"https:\/\/losperiodistas.com.mx\/portal\/wp-json\/wp\/v2\/users\/1"}],"replies":[{"embeddable":true,"href":"https:\/\/losperiodistas.com.mx\/portal\/wp-json\/wp\/v2\/comments?post=120229"}],"version-history":[{"count":1,"href":"https:\/\/losperiodistas.com.mx\/portal\/wp-json\/wp\/v2\/posts\/120229\/revisions"}],"predecessor-version":[{"id":120231,"href":"https:\/\/losperiodistas.com.mx\/portal\/wp-json\/wp\/v2\/posts\/120229\/revisions\/120231"}],"wp:featuredmedia":[{"embeddable":true,"href":"https:\/\/losperiodistas.com.mx\/portal\/wp-json\/wp\/v2\/media\/120230"}],"wp:attachment":[{"href":"https:\/\/losperiodistas.com.mx\/portal\/wp-json\/wp\/v2\/media?parent=120229"}],"wp:term":[{"taxonomy":"category","embeddable":true,"href":"https:\/\/losperiodistas.com.mx\/portal\/wp-json\/wp\/v2\/categories?post=120229"},{"taxonomy":"post_tag","embeddable":true,"href":"https:\/\/losperiodistas.com.mx\/portal\/wp-json\/wp\/v2\/tags?post=120229"}],"curies":[{"name":"wp","href":"https:\/\/api.w.org\/{rel}","templated":true}]}}